{"id":13166,"date":"2026-04-26T10:56:22","date_gmt":"2026-04-26T10:56:22","guid":{"rendered":"https:\/\/info-eforie.ro\/index.php\/2026\/04\/26\/primul-jucator-care-pleaca-in-vara-de-la-fcsb-si-a-luat-deja-ramas-bun\/"},"modified":"2026-04-26T10:56:22","modified_gmt":"2026-04-26T10:56:22","slug":"primul-jucator-care-pleaca-in-vara-de-la-fcsb-si-a-luat-deja-ramas-bun","status":"publish","type":"post","link":"https:\/\/info-eforie.ro\/index.php\/2026\/04\/26\/primul-jucator-care-pleaca-in-vara-de-la-fcsb-si-a-luat-deja-ramas-bun\/","title":{"rendered":"Primul juc\u0103tor care pleac\u0103 \u00een var\u0103 de la FCSB: \u201d\u0218i-a luat deja r\u0103mas bun\u201d"},"content":{"rendered":"<div>\n<p><a href=\"https:\/\/www.sport.ro\/stiri-despre\/fcsb\" rel=\"noopener noreferrer\"><strong>FCSB a \u00eencheiat sezonul regulat pe locul 7 cu 46 de puncte<\/strong><\/a>. \u00cen 30 de etape, campioana en-titre a bifat 13 victorii, la care s-au ad\u0103ugat \u0219apte rezultate de egalitate \u0219i 10 \u00eenfr\u00e2ngeri.<\/p>\n<p><a href=\"https:\/\/www.sport.ro\/liga-1\/nu-e-singur-inca-o-demisie-la-fcsb-dupa-plecarea-lui-charalambous.html\" rel=\"noopener noreferrer\"><strong>Elias Charalambous \u0219i Mihai Pintilii au demisionat<\/strong><\/a> dup\u0103 ce au ratat accederea \u00een play-off, iar Gigi Becali l-a chemat pe Mirel R\u0103doi s\u0103-l ajute \u00een play-out.<\/p>\n<p>Doar c\u0103 R\u0103doi a plecat dup\u0103 cinci etape \u00een care a \u00eenregistrat patru victorii, un egal \u0219i un e\u0219ec. Finul patronului de la FCSB a semnat cu Gaziantep, echip\u0103 din primul e\u0219alon al Turciei.<\/p>\n<h2><strong>Primul juc\u0103tor care pleac\u0103 \u00een var\u0103 de la FCSB: \u201d\u0218i-a luat deja r\u0103mas bun\u201d<\/strong><\/h2>\n<\/div>\n<div>\n<p>\u00cenainte s\u0103 plece R\u0103doi de la FCSB, <a href=\"https:\/\/www.sport.ro\/liga-1\/gigi-becali-isi-prezinta-scuzele-pentru-un-jucator-de-la-fcsb-am-spus-la-nervi-acum-imi-cer-iertare-ai-dreptate.html\" rel=\"noopener noreferrer\"><strong>Gigi Becali l-a criticat aspru pe Vlad Chiriche\u0219<\/strong><\/a>, care s-a accidentat \u00een meciul cu Farul Constan\u021ba (3-2) \u0219i a lipsit de la confruntarea cu Petrolul.<\/p>\n<p>\u00cen fapt, Chiriche\u0219 va rata tot sezonul \u0219i va pleca \u00een var\u0103 de la FCSB. Mihai Stoica, pre\u0219edintele Consiliului de Administra\u021bie de la FCSB, a dezv\u0103luit c\u0103 funda\u0219ul \u0219i-a luat la revedere \u0219i de la colegi.<\/p>\n<p><strong>\u201dAm avut o discu\u021bie cu Vlad Chiriche\u0219. Accidentarea e p\u00e2n\u0103 la finalul campionatului. Ar fi trebuit s\u0103 mearg\u0103 la Belgrad, dar \u0219tim discu\u021bia, nu mai avea rost.<\/strong><\/p>\n<p><strong>El m-a \u00eentrebat dac\u0103 e imperios necesar s\u0103 mai vin\u0103 la programul cu echipa. \u0218i-a luat r\u0103mas bun de la b\u0103ie\u021bi. Poate veni oric\u00e2nd la noi, e unul dintre b\u0103ie\u021bi. Mai are 40 de zile de contract, acolo se termina \u0219i accidentarea. Pentru Chiriche\u0219 s-a terminat.<\/strong><\/p>\n<p><strong>Regret un singur lucru, discu\u021biile care au ap\u0103rut. Deja m-am obi\u0219nuit. L-am \u00eentrebat pe Gigi de ce trebuie neap\u0103rat s\u0103 critice juc\u0103torii.<\/strong><\/p>\n<p><strong>Eu nu \u00een\u021beleg chestiile astea, nimeni nu poate s\u0103 \u00eel opreasc\u0103. De ce dai \u0219i echipa? Discut\u0103m \u00eentre noi, de ce o dai? Acum nu o s\u0103 o mai dea, a \u00een\u021beles \u0219i el\u201d<\/strong>, a spus MM Stoica la televiziunea <a href=\"https:\/\/iamsport.ro\/fotbal\/superliga\/mm-stoica-l-a-pus-la-zid-pe-gigi-becali-si-a-confirmat-despartirea-de-un-jucator-de-la-fcsb-nimeni-nu-poate-sa-il-opreasca-regret-un-singur-lucru-id48814.html\" rel=\"noopener noreferrer\" target=\"_blank\">Prima Sport<\/a>.<\/p>\n<h2><strong>Disputa Gigi Becali &#8211; Vlad Chiriche\u0219. Patronul lui FCSB i-a cerut iertare fotbalistului: \u201dAi dreptate!\u201d<\/strong><\/h2>\n<p>Patronul FCSB a spus dup\u0103 meciul cu Farul Constan\u021ba c\u0103 sper\u0103 ca Vlad Chiriche\u0219 s\u0103 se fi accidentat \u0219i s\u0103 nu mai poat\u0103 juca la gruparea ro\u0219-albastr\u0103.<\/p>\n<p>\u00centre timp, Gigi Becali \u0219i-a prezentat scuzele fa\u021b\u0103 de Chiriche\u0219.<\/p>\n<p><strong>\u201dA\u0219a m-a schimbat Dumnezeu! Nu \u0219tiu cum a f\u0103cut. Nu am spus c\u0103 are dreptate el? M-au \u00eentrebat \u0219i am zis, da, domne, are dreptate el!<\/strong><\/p>\n<p><strong>Eu am spus la nervi, ce am spus. Dar am spus c\u0103 a\u0219a e. P\u0103i, el are dreptate! Dreptatea o are el, Chiriche\u0219! P\u0103i, nu am c\u00e2\u0219tigat cu el 10 milioane, c\u00e2nd l-am v\u00e2ndut? Nu am c\u00e2\u0219tigat milioane cu el, din calific\u0103ri? Are dreptate el!<\/strong><\/p>\n<p><strong>\u0218i nu doar c\u0103 are dreptate. Dar nici m\u0103car nu a fost agresiv, a fost cu foarte mult bun sim\u021b.<\/strong><\/p>\n<p><strong>Eu, c\u00e2nd spun ceva, spun \u0219i eu la nervi, dar \u00eemi cer iertare! \u00cei cer acum iertare, dac\u0103 l-am sup\u0103rat, dar p\u0103rerea este aceea\u0219i. Nu pot s\u0103-mi schimb p\u0103rerea\u201d<\/strong>, spunea recent Gigi Becali la <a href=\"https:\/\/www.digisport.ro\/\" rel=\"noopener noreferrer\" target=\"_blank\">Digi Sport<\/a>.<\/p>\n<\/div>\n<p><a href=\"https:\/\/www.sport.ro\/liga-1\/primul-jucator-care-pleaca-in-vara-de-la-fcsb-si-a-luat-deja-ramas-bun.html\" class=\"button purchase\" rel=\"nofollow noopener\" target=\"_blank\">Read More<\/a><\/p>\n","protected":false},"excerpt":{"rendered":"<p>FCSB a \u00eencheiat sezonul regulat pe locul 7 cu 46 de puncte. \u00cen 30 de etape, campioana en-titre a bifat 13 victorii, la care s-au [&hellip;]<\/p>\n","protected":false},"author":1,"featured_media":13167,"comment_status":"open","ping_status":"open","sticky":false,"template":"","format":"standard","meta":{"_monsterinsights_skip_tracking":false,"_monsterinsights_sitenote_active":false,"_monsterinsights_sitenote_note":"","_monsterinsights_sitenote_category":0,"footnotes":""},"categories":[7],"tags":[],"class_list":["post-13166","post","type-post","status-publish","format-standard","has-post-thumbnail","hentry","category-sports"],"aioseo_notices":[],"_links":{"self":[{"href":"https:\/\/info-eforie.ro\/index.php\/wp-json\/wp\/v2\/posts\/13166","targetHints":{"allow":["GET"]}}],"collection":[{"href":"https:\/\/info-eforie.ro\/index.php\/wp-json\/wp\/v2\/posts"}],"about":[{"href":"https:\/\/info-eforie.ro\/index.php\/wp-json\/wp\/v2\/types\/post"}],"author":[{"embeddable":true,"href":"https:\/\/info-eforie.ro\/index.php\/wp-json\/wp\/v2\/users\/1"}],"replies":[{"embeddable":true,"href":"https:\/\/info-eforie.ro\/index.php\/wp-json\/wp\/v2\/comments?post=13166"}],"version-history":[{"count":0,"href":"https:\/\/info-eforie.ro\/index.php\/wp-json\/wp\/v2\/posts\/13166\/revisions"}],"wp:featuredmedia":[{"embeddable":true,"href":"https:\/\/info-eforie.ro\/index.php\/wp-json\/wp\/v2\/media\/13167"}],"wp:attachment":[{"href":"https:\/\/info-eforie.ro\/index.php\/wp-json\/wp\/v2\/media?parent=13166"}],"wp:term":[{"taxonomy":"category","embeddable":true,"href":"https:\/\/info-eforie.ro\/index.php\/wp-json\/wp\/v2\/categories?post=13166"},{"taxonomy":"post_tag","embeddable":true,"href":"https:\/\/info-eforie.ro\/index.php\/wp-json\/wp\/v2\/tags?post=13166"}],"curies":[{"name":"wp","href":"https:\/\/api.w.org\/{rel}","templated":true}]}}