{"id":13164,"date":"2026-04-26T10:56:23","date_gmt":"2026-04-26T10:56:23","guid":{"rendered":"https:\/\/info-eforie.ro\/index.php\/2026\/04\/26\/fotbalistul-roman-titular-impotriva-romaniei-o-zi-frumoasa-am-vorbit-aceeasi-limba-cu-adversarii\/"},"modified":"2026-04-26T10:56:23","modified_gmt":"2026-04-26T10:56:23","slug":"fotbalistul-roman-titular-impotriva-romaniei-o-zi-frumoasa-am-vorbit-aceeasi-limba-cu-adversarii","status":"publish","type":"post","link":"https:\/\/info-eforie.ro\/index.php\/2026\/04\/26\/fotbalistul-roman-titular-impotriva-romaniei-o-zi-frumoasa-am-vorbit-aceeasi-limba-cu-adversarii\/","title":{"rendered":"Fotbalistul rom\u00e2n titular \u00eempotriva Rom\u00e2niei! \u201dO zi frumoas\u0103, am vorbit aceea\u0219i limb\u0103 cu adversarii\u201d"},"content":{"rendered":"<div>\n<p><strong>CITE\u0218TE <\/strong><a href=\"https:\/\/www.sport.ro\/stranieri\/inca-un-fotbalist-roman-a-debutat-pentru-austria-perle-a-la-beckham-titular-si-numar-10-la-primul-sau-meci-international.html\" rel=\"noopener noreferrer\"><strong>AICI <\/strong><\/a><strong>INTERVIUL CU MATHIAS FEISAN, DECARUL NA\u021aIONALEI AUSTRIEI, REALIZAT DE SPORT.RO<\/strong><\/p>\n<p>Na\u021bionala Under 15 a Austriei, format\u0103 \u00een aceast\u0103 prim\u0103var\u0103, are un num\u0103r 10 rom\u00e2n, cu tat\u0103 din Media\u0219 \u0219i mam\u0103 din Bistri\u021ba: <strong>Mathias Feisan<\/strong>, <a href=\"https:\/\/www.sport.ro\/stranieri\/inca-un-fotbalist-roman-a-debutat-pentru-austria-perle-a-la-beckham-titular-si-numar-10-la-primul-sau-meci-international.html\" rel=\"noopener noreferrer\"><strong>fotbalist prezentat \u00een exclusivitate de Sport.ro<\/strong><\/a>.<\/p>\n<p>S\u00e2mb\u0103t\u0103, la Torneo delle Nazioni\/Turnier der Nationen, competi\u021bie la care particip\u0103 12 echipe na\u021bionale \u0219i care se desf\u0103\u0219oar\u0103 \u00een Austria, Italia \u0219i Slovenia, reprezentativa de la Viena a debutat chiar \u00eempotriva Rom\u00e2niei.<\/p>\n<p><strong>Mathias Feisan <\/strong>a fost decarul gazdelor (partida s-a desf\u0103\u0219urat la Kotschach-Mauthen) \u00eentr-un 2-2 cu na\u021bionala tricolor\u0103 antrenat\u0103 de <strong>Lucian Mezei<\/strong>, dup\u0103 golurile marcate de <strong>Amar Mujkanovic<\/strong> (28 \u0219i 43), respectiv <strong>Andrei B\u0103tr\u00e2n-Burchardt<\/strong> (36 &#8211; din penalty) \u0219i <strong>Robert M\u00e2nzu<\/strong> (69).<\/p>\n<p>Rom\u00e2nul din echipa Austriei, titularizat din nou de selec\u021bionerul <strong>Franz Ponweiser<\/strong>, s-a remarcat prin mai multe ac\u021biuni ofensive, precum incursiunea din minutul 24, finalizat\u0103 cu o centrare periculoas\u0103 \u00een careu.<\/p>\n<p>Mathias a fost schimbat cu cinci minute \u00eenainte de final (s-au jucat dou\u0103 reprize a c\u00e2te 35 de minute).<\/p>\n<h2>\u201dChiar m-a \u00eentrebat unul dintre domnii antrenori de unde sunt din Rom\u00e2nia\u201d<\/h2>\n<p><strong>\u201dA fost o zi frumoas\u0103, ambele echipe au jucat bine, iar rezultatul este unul echitabil.\u00a0<\/strong><\/p>\n<p><strong>Am vorbit aceea\u0219i limb\u0103 cu adversarii, \u00een rom\u00e2ne\u0219te cu copiii, apoi chiar m-a \u00eentrebat unul dintre domnii antrenori de unde sunt din Rom\u00e2nia \u0219i i-am zis c\u0103 sunt de l\u00e2ng\u0103 Sibiu\u201d<\/strong>, a declarat Mathias Feisan pentru <strong>Sport.ro<\/strong>, \u00eentr-un dialog intermediat de tat\u0103l s\u0103u, prezent la turneu.<\/p>\n<p><strong>\u201dChiar \u0219i eu am vorbit la meci cu un p\u0103rinte, normal c\u0103 vorbim limba, la urma urmei suntem rom\u00e2ni \u0219i inima, indiferent unde e\u0219ti, tot \u00ee\u021bi bate pentru Rom\u00e2nia. <\/strong><\/p>\n<p><strong>Iar meciul a fost frumos, eu chiar am r\u0103mas impresionat, copiii sunt pe drumul cel bun\u201d<\/strong>, ne-a declarat \u0219i Feisan senior.<\/p>\n<\/div>\n<p><a href=\"https:\/\/www.sport.ro\/stranieri\/fotbalistul-roman-titular-impotriva-romaniei-o-zi-frumoasa-am-vorbit-aceeasi-limba-cu-adversarii.html\" class=\"button purchase\" rel=\"nofollow noopener\" target=\"_blank\">Read More<\/a><\/p>\n","protected":false},"excerpt":{"rendered":"<p>CITE\u0218TE AICI INTERVIUL CU MATHIAS FEISAN, DECARUL NA\u021aIONALEI AUSTRIEI, REALIZAT DE SPORT.RO Na\u021bionala Under 15 a Austriei, format\u0103 \u00een aceast\u0103 prim\u0103var\u0103, are un num\u0103r 10 [&hellip;]<\/p>\n","protected":false},"author":1,"featured_media":13165,"comment_status":"open","ping_status":"open","sticky":false,"template":"","format":"standard","meta":{"_monsterinsights_skip_tracking":false,"_monsterinsights_sitenote_active":false,"_monsterinsights_sitenote_note":"","_monsterinsights_sitenote_category":0,"footnotes":""},"categories":[7],"tags":[],"class_list":["post-13164","post","type-post","status-publish","format-standard","has-post-thumbnail","hentry","category-sports"],"aioseo_notices":[],"_links":{"self":[{"href":"https:\/\/info-eforie.ro\/index.php\/wp-json\/wp\/v2\/posts\/13164","targetHints":{"allow":["GET"]}}],"collection":[{"href":"https:\/\/info-eforie.ro\/index.php\/wp-json\/wp\/v2\/posts"}],"about":[{"href":"https:\/\/info-eforie.ro\/index.php\/wp-json\/wp\/v2\/types\/post"}],"author":[{"embeddable":true,"href":"https:\/\/info-eforie.ro\/index.php\/wp-json\/wp\/v2\/users\/1"}],"replies":[{"embeddable":true,"href":"https:\/\/info-eforie.ro\/index.php\/wp-json\/wp\/v2\/comments?post=13164"}],"version-history":[{"count":0,"href":"https:\/\/info-eforie.ro\/index.php\/wp-json\/wp\/v2\/posts\/13164\/revisions"}],"wp:featuredmedia":[{"embeddable":true,"href":"https:\/\/info-eforie.ro\/index.php\/wp-json\/wp\/v2\/media\/13165"}],"wp:attachment":[{"href":"https:\/\/info-eforie.ro\/index.php\/wp-json\/wp\/v2\/media?parent=13164"}],"wp:term":[{"taxonomy":"category","embeddable":true,"href":"https:\/\/info-eforie.ro\/index.php\/wp-json\/wp\/v2\/categories?post=13164"},{"taxonomy":"post_tag","embeddable":true,"href":"https:\/\/info-eforie.ro\/index.php\/wp-json\/wp\/v2\/tags?post=13164"}],"curies":[{"name":"wp","href":"https:\/\/api.w.org\/{rel}","templated":true}]}}