{"id":12704,"date":"2026-04-09T08:55:07","date_gmt":"2026-04-09T08:55:07","guid":{"rendered":"https:\/\/info-eforie.ro\/index.php\/2026\/04\/09\/casa-alba-a-confirmat-donald-trump-si-mark-rutte-vor-discuta-despre-posibila-iesire-a-sua-din-nato\/"},"modified":"2026-04-09T08:55:07","modified_gmt":"2026-04-09T08:55:07","slug":"casa-alba-a-confirmat-donald-trump-si-mark-rutte-vor-discuta-despre-posibila-iesire-a-sua-din-nato","status":"publish","type":"post","link":"https:\/\/info-eforie.ro\/index.php\/2026\/04\/09\/casa-alba-a-confirmat-donald-trump-si-mark-rutte-vor-discuta-despre-posibila-iesire-a-sua-din-nato\/","title":{"rendered":"Casa Alb\u0103 a confirmat: Donald Trump \u0219i Mark Rutte vor discuta despre posibila ie\u0219ire a SUA din NATO"},"content":{"rendered":"<div>\n<p>Casa Alb\u0103 a<br \/>\nconfirmat c\u0103 principalul subiect al discu\u0163iilor de miercuri dintre Donald Trump<br \/>\n\u0219i Mark Rutte este posibila ie\u0219ire a SUA din NATO.<\/p>\n<div><picture><source type=\"image\/webp\"  media=\"(min-width: 1400px)\"><source type=\"image\/webp\"  media=\"(min-width: 1000px)\"><source type=\"image\/webp\"  media=\"(min-width: 700px)\"><source type=\"image\/jpeg\"  media=\"(min-width: 1400px)\"><source type=\"image\/jpeg\"  media=\"(min-width: 1000px)\"><source type=\"image\/jpeg\"  media=\"(min-width: 700px)\"><img decoding=\"async\" src=\"https:\/\/cdn.adh.reperio.news\/image-9\/9b7a3308-6ac6-48b3-852b-261bbda154dd\/index.jpeg?p=a%3D1%26co%3D1.05%26w%3D700%26h%3D750%26r%3Dcontain%26f%3Dwebp\" alt=\"Mark Rutte \u015fi Donald Trump s-au \u00eent\u00e2lnit \u015fi \u00een urm\u0103 cu opt luni la Casa Alb\u0103. FOTO: EPA EFE\" width=\"1400\" height=\"750\" loading=\"eager\" fetchpriority=\"high\"><\/picture>\n<p>Mark Rutte \u015fi Donald Trump s-au \u00eent\u00e2lnit \u015fi \u00een urm\u0103 cu opt luni la Casa Alb\u0103. FOTO: EPA EFE<\/p>\n<\/div>\n<p>Casa Alb\u0103 a<br \/>\nconfirmat miercuri, 8 aprilie, c\u0103, \u00een cadrul <a href=\"https:\/\/adevarul.ro\/stiri-externe\/sua\/mark-rutte-se-intalneste-cu-donald-trump-la-2521271.html\" target=\"_blank\">\u00eent\u00e2lnirii<\/a> care va avea loc \u00een<br \/>\nBiroul Oval, pre\u0219edintele Donald Trump va aborda cu secretarul general al NATO,<br \/>\nMark Rutte, <a href=\"https:\/\/adevarul.ro\/stiri-externe\/europa\/planul-ascuns-care-dinamiteaza-nato-ce-urmeaza-2520282.html\" target=\"_blank\">posibilitatea retragerii <\/a>Statelor Unite din Alian\u021ba Nord-Atlantic\u0103,.<\/p>\n<p><i>\u201eRetragerea Statelor Unite din NATO este o chestiune pe<br \/>\ncare pre\u0219edintele a abordat-o \u0219i, cred, este ceva ce va discuta peste c\u00e2teva<br \/>\nore\u201d<\/i> cu Mark Rutte, a<br \/>\ndeclarat purt\u0103toarea de cuv\u00e2nt a Casei Albe, Karoline Leavitt, la conferin\u021ba sa<br \/>\ns\u0103pt\u0103m\u00e2nal\u0103 de pres\u0103, ad\u0103ug\u00e2nd c\u0103 jurnali\u0219tii ar putea afla direct de la<br \/>\npre\u0219edinte rezultatul discu\u021biilor chiar \u00een cursul zilei, noteaz\u0103 <a href=\"https:\/\/apnews.com\/article\/trump-nato-rutte-iran-war-981d250a7265774a4913b63d8797fc34\" target=\"_blank\" rel=\"nofollow\">apnews<\/a>.<\/p>\n<p>\u00cent\u00e2lnirea,<br \/>\nplanificat\u0103 de mult timp, are loc \u00eentr-un moment de tensiune maxim\u0103 \u00eentre Donald<br \/>\nTrump \u0219i \u021b\u0103rile membre<a href=\"https:\/\/adevarul.ro\/stiri-externe\/in-lume\/nato-in-cea-mai-dificila-pozitie-de-la-2520209.html\" target=\"_blank\"> NATO,<\/a> \u00een condi\u021biile \u00een care acesta nu a ezitat s\u0103<br \/>\ncritice public alia\u021bii pentru lipsa lor de implicare \u00een opera\u021biunile din<br \/>\n<a href=\"https:\/\/adevarul.ro\/stiri-externe\/sua\/iranul-inchide-stramtoarea-ormuz-la-cateva-ore-de-2521479.html\" target=\"_blank\">Str\u00e2mtoarea Ormuz<\/a>.<\/p>\n<p><i>\u201eAu fost pu\u0219i la \u00eencercare \u0219i au e\u0219uat. Este destul de<br \/>\ntrist c\u0103 NATO a \u00eentors spatele poporului american \u00een ultimele \u0219ase s\u0103pt\u0103m\u00e2ni,<br \/>\nc\u00e2nd americanii sunt cei care le finan\u021beaz\u0103 ap\u0103rarea\u201d,<\/i> l-a citat pe Donald Trump purt\u0103toarea de cuv\u00e2nt de la<br \/>\nCasa Alb\u0103.<\/p>\n<p>V\u0103 reamintim doar<br \/>\nc\u00e2teva dintre criticile lansate de Donald Trump \u00een ultimele s\u0103pt\u0103m\u00e2ni: i-a<br \/>\ncatalogat membrii NATO drept \u201ela\u015fi\u201d, a numit alian\u021ba un \u201etigru de h\u00e2rtie\u201d \u0219i a<br \/>\namenin\u021bat de mai multe ori cu ie\u0219irea SUA din organiza\u021bia militar\u0103. <\/p>\n<p>Aceast\u0103 atitudine a<br \/>\ngenerat nelini\u0219te at\u00e2t \u00een r\u00e2ndul alia\u021bilor europeni, c\u00e2t \u0219i \u00een Congres, unde<br \/>\nlegisla\u021bia din 2023 interzice unui pre\u0219edinte s\u0103 retrag\u0103 SUA din NATO f\u0103r\u0103<br \/>\naprobarea Congresului.<\/p>\n<p>\u00cen acest context, vizita<br \/>\nlui <a href=\"https:\/\/adevarul.ro\/stiri-externe\/in-lume\/cum-incearca-mark-rutte-sa-l-impace-pe-trump-si-de-2518251.html\" target=\"_blank\">Mark Rutte<\/a> la Washington urm\u0103re\u0219te nu doar clarificarea pozi\u021biei americane,<br \/>\nci \u0219i discu\u021bii mai ample despre cooperarea NATO, strategia \u00een Orientul Mijlociu<br \/>\n\u0219i coordonarea cu alia\u021bii europeni \u00een r\u0103zboiul din Ucraina. <\/p>\n<p>A\u0219tept\u0103rile pentru<br \/>\n\u00eentrevederea Trump-Rutte sunt maxime, iar rezultatul discu\u021biilor ar putea<br \/>\ninfluen\u021ba rela\u021biile transatlantice \u0219i strategia militar\u0103 a Statelor Unite<br \/>\npentru urm\u0103toarele luni.<\/p>\n<\/p><\/div>\n<p><a href=\"https:\/\/adevarul.ro\/stiri-externe\/sua\/casa-alba-a-confirmat-donald-trump-si-mark-rutte-2521512.html\" class=\"button purchase\" rel=\"nofollow noopener\" target=\"_blank\">Read More<\/a><\/p>\n","protected":false},"excerpt":{"rendered":"<p>Casa Alb\u0103 a confirmat c\u0103 principalul subiect al discu\u0163iilor de miercuri dintre Donald Trump \u0219i Mark Rutte este posibila ie\u0219ire a SUA din NATO. Mark [&hellip;]<\/p>\n","protected":false},"author":1,"featured_media":12705,"comment_status":"open","ping_status":"open","sticky":false,"template":"","format":"standard","meta":{"_monsterinsights_skip_tracking":false,"_monsterinsights_sitenote_active":false,"_monsterinsights_sitenote_note":"","_monsterinsights_sitenote_category":0,"footnotes":""},"categories":[6],"tags":[],"class_list":["post-12704","post","type-post","status-publish","format-standard","has-post-thumbnail","hentry","category-popular"],"aioseo_notices":[],"_links":{"self":[{"href":"https:\/\/info-eforie.ro\/index.php\/wp-json\/wp\/v2\/posts\/12704","targetHints":{"allow":["GET"]}}],"collection":[{"href":"https:\/\/info-eforie.ro\/index.php\/wp-json\/wp\/v2\/posts"}],"about":[{"href":"https:\/\/info-eforie.ro\/index.php\/wp-json\/wp\/v2\/types\/post"}],"author":[{"embeddable":true,"href":"https:\/\/info-eforie.ro\/index.php\/wp-json\/wp\/v2\/users\/1"}],"replies":[{"embeddable":true,"href":"https:\/\/info-eforie.ro\/index.php\/wp-json\/wp\/v2\/comments?post=12704"}],"version-history":[{"count":0,"href":"https:\/\/info-eforie.ro\/index.php\/wp-json\/wp\/v2\/posts\/12704\/revisions"}],"wp:featuredmedia":[{"embeddable":true,"href":"https:\/\/info-eforie.ro\/index.php\/wp-json\/wp\/v2\/media\/12705"}],"wp:attachment":[{"href":"https:\/\/info-eforie.ro\/index.php\/wp-json\/wp\/v2\/media?parent=12704"}],"wp:term":[{"taxonomy":"category","embeddable":true,"href":"https:\/\/info-eforie.ro\/index.php\/wp-json\/wp\/v2\/categories?post=12704"},{"taxonomy":"post_tag","embeddable":true,"href":"https:\/\/info-eforie.ro\/index.php\/wp-json\/wp\/v2\/tags?post=12704"}],"curies":[{"name":"wp","href":"https:\/\/api.w.org\/{rel}","templated":true}]}}