{"id":12698,"date":"2026-04-09T08:55:10","date_gmt":"2026-04-09T08:55:10","guid":{"rendered":"https:\/\/info-eforie.ro\/index.php\/2026\/04\/09\/dezvaluiri-explozive-ministrul-ungar-de-externe-i-ar-fi-furnizat-lui-lavrov-un-document-despre-ucraina-szijjarto-a-cerut-detalii-din-culisele-summitului-trump-putin-din-alaska\/"},"modified":"2026-04-09T08:55:10","modified_gmt":"2026-04-09T08:55:10","slug":"dezvaluiri-explozive-ministrul-ungar-de-externe-i-ar-fi-furnizat-lui-lavrov-un-document-despre-ucraina-szijjarto-a-cerut-detalii-din-culisele-summitului-trump-putin-din-alaska","status":"publish","type":"post","link":"https:\/\/info-eforie.ro\/index.php\/2026\/04\/09\/dezvaluiri-explozive-ministrul-ungar-de-externe-i-ar-fi-furnizat-lui-lavrov-un-document-despre-ucraina-szijjarto-a-cerut-detalii-din-culisele-summitului-trump-putin-din-alaska\/","title":{"rendered":"Dezv\u0103luiri explozive: ministrul ungar de Externe i-ar fi furnizat lui Lavrov un document despre Ucraina. Szijjarto a cerut detalii din culisele summitului Trump-Putin din Alaska"},"content":{"rendered":"<div>\n<p>Portalul de investiga\u021bii\u00a0<a href=\"https:\/\/vsquare.org\/kremlin-hotline-how-hungary-coordinates-with-russia-blocking-ukraine-from-the-eu\/\" rel=\"nofollow\">VSquare,<\/a>\u00a0a publicat o nou\u0103 serie de \u00eenregistr\u0103ri care surprind discu\u021bii confiden\u021biale \u00eentre ministrul ungar de Externe, <a href=\"https:\/\/adevarul.ro\/stiri-externe\/europa\/ministrului-ungar-de-externe-sfidator-dupa-ce-2519378.html\">P\u00e9ter Szijj\u00e1rt\u00f3, \u0219<\/a>i omologul s\u0103u rus, Serghei Lavrov. Materialul sugereaz\u0103 c\u0103 cei doi oficiali ar fi discutat strategii menite s\u0103 influen\u021beze procesul european privind Ucraina, inclusiv modul \u00een care Budapesta ar putea fr\u00e2na avansul Kievului c\u0103tre aderarea la Uniunea European\u0103.<\/p>\n<div><picture><source type=\"image\/webp\"  media=\"(min-width: 1400px)\"><source type=\"image\/webp\"  media=\"(min-width: 1000px)\"><source type=\"image\/webp\"  media=\"(min-width: 700px)\"><source type=\"image\/jpeg\"  media=\"(min-width: 1400px)\"><source type=\"image\/jpeg\"  media=\"(min-width: 1000px)\"><source type=\"image\/jpeg\"  media=\"(min-width: 700px)\"><img decoding=\"async\" src=\"https:\/\/cdn.adh.reperio.news\/image-8\/81e878b5-b9ca-4aef-840d-a9023aa6d536\/index.jpeg?p=a%3D1%26co%3D1.05%26w%3D700%26h%3D750%26r%3Dcontain%26f%3Dwebp\" alt=\"Peter Szijjarto, \u00eent\u00e2lnire cu Serghei Lavrov la Moscova. FOTO FB Peter Szijjarto,\" width=\"1400\" height=\"750\" loading=\"eager\" fetchpriority=\"high\"><\/picture>\n<p>Peter Szijjarto, \u00eent\u00e2lnire cu Serghei Lavrov la Moscova. FOTO FB Peter Szijjarto,<\/p>\n<\/div>\n<p>Investiga\u021bia mai men\u021bioneaz\u0103 o convorbire din 2024, care ar fi avut loc \u00een ziua vizitei lui Orb\u00e1n la Kiev, potrivit aceluia\u0219i portal, citat de\u00a0<a href=\"https:\/\/dailynewshungary.com\/szijjarto-briefed-lavrov-during-eu-talks\/?utm_source=copilot.com\" rel=\"nofollow\">Daily News Hungary<\/a><\/p>\n<h2>Szijj\u00e1rt\u00f3 l-ar fi informat pe Lavrov despre discu\u021biile dintre premierul ungar \u0219i pre\u0219edintele Volodimir Zelenski<\/h2>\n<p>\u00a0Szijj\u00e1rt\u00f3 l-ar fi informat pe Lavrov despre discu\u021biile dintre premierul ungar \u0219i pre\u0219edintele Volodimir Zelenski \u0219i ar fi \u00eencercat s\u0103 afle dac\u0103 Vladimir Putin \u00eel va primi pe Orb\u00e1n \u00eenaintea unui summit NATO. VSquare sus\u021bine c\u0103 planul unei \u00eent\u00e2lniri Orb\u00e1n\u2013Putin nu ar fi fost comunicat alia\u021bilor occidentali.<\/p>\n<p><b>S. Lavrov:<\/b> Uite, voiam s\u0103 te sun \u0219i s\u0103 verific cum st\u0103 treaba cu compromisul la care a\u021bi ajuns cu Uniunea European\u0103 \u00een privin\u021ba deschiderii negocierilor de aderare pentru Ucraina. \u0218i au existat informa\u021bii conform c\u0103rora rolul decisiv l-a jucat problema limbilor minorit\u0103\u021bilor na\u021bionale.<\/p>\n<p><b>Szijarto: <\/b>Absolut. A\u0219a a fost.<\/p>\n<p><i><b>S. Lavrov:<\/b><\/i> \u00cencerc\u0103m s\u0103 facem rost de documentul propriu-zis, dar\u2026<\/p>\n<p>Szijarto: Vi-l voi trimite. Nu este nicio problem\u0103.<\/p>\n<p>(\u2026)<\/p>\n<p><b>S. Lavrov: <\/b>Bine, Peter, dac\u0103 \u00eemi pute\u021bi trimite documentul, v-a\u0219 fi recunosc\u0103tor.<\/p>\n<p><b>Szijarto:<\/b> O voi face imediat. \u00cel trimit la ambasada mea din Moscova, iar ambasadorul meu \u00eel va transmite \u0219efului dumneavoastr\u0103 de cabinet, iar apoi va fi la dispozi\u021bia dumneavoastr\u0103.<\/p>\n<p>VSquare citeaz\u0103 surse care afirm\u0103 c\u0103 schimburile de informa\u021bii ar fi dep\u0103\u0219it nivelul obi\u0219nuit al contactelor diplomatice, \u00eens\u0103 aceste afirma\u021bii nu sunt confirmate independent \u00een text.<\/p>\n<p>Publica\u021bia noteaz\u0103 c\u0103, dac\u0103 se confirm\u0103, dezv\u0103luirile ridic\u0103 semne de \u00eentrebare privind modul \u00een care Ungaria gestioneaz\u0103 informa\u021biile sensibile \u00een cadrul proceselor decizionale ale UE, \u00een special \u00een contextul r\u0103zboiului declan\u0219at de Rusia \u00eempotriva Ucrainei.<\/p>\n<p>\u00cen iunie 2025, \u00een timpul Forumului Economic Interna\u021bional de la Sankt Petersburg, ministrul ungar de Externe P\u00e9ter Szijj\u00e1rt\u00f3 s-a \u00eent\u00e2lnit cu vicepremierii ru\u0219i Denis Manturov \u0219i Aleksandr Novak pentru a discuta despre livr\u0103rile de energie. La scurt timp, pe 22 iunie, Szijj\u00e1rt\u00f3 l-a sunat pe Serghei Lavrov pentru a-l informa despre discu\u021biile avute cu oficialii ru\u0219i, care deja \u00eei oferiser\u0103 lui Lavrov un rezumat al \u00eent\u00e2lnirii. \u00cen convorbire, ministrul ungar s-a pl\u00e2ns de \u201epropunerea stupid\u0103 \u0219i idioat\u0103\u201d a Comisiei Europene de a reduce dependen\u021ba de energia ruseasc\u0103 \u0219i a cerut prelungirea decretului preziden\u021bial rus care permite Ungariei s\u0103 pl\u0103teasc\u0103 gazul prin banca OTP.<\/p>\n<h2>Szijj\u00e1rt\u00f3 a \u00eencercat s\u0103 afle\u00a0 de la Lavrov detalii din culisele summitului din Alaska,<\/h2>\n<p>\u00cen aceea\u0219i convorbire, Szijj\u00e1rt\u00f3 a \u00eencercat s\u0103 afle detalii din culisele summitului din Alaska, care nu a dus la un acord privind Ucraina, dar a provocat \u00eengrijorare \u00een Europa, deoarece discu\u021biile privind viitorul securit\u0103\u021bii europene au avut loc f\u0103r\u0103 participarea UE, NATO sau a Kievului. <\/p>\n<p>Ministrul ungar a fost interesat \u00een special de anularea pr\u00e2nzului dintre Putin \u0219i Trump \u0219i de plecarea rapid\u0103 a liderului rus din Statele Unite. Lavrov a minimalizat episodul, afirm\u00e2nd c\u0103 pr\u00e2nzul <i>\u201enu a fost niciodat\u0103 anulat<\/i>\u201d \u0219i glumind pe seama <i>\u201eartei gastronomice americane\u201d<\/i>.<\/p>\n<p>\t\t\t<a data-gtrack=\"{\"event\":\"utm_click\",\"data\":{\"event_category\":\"article_related\"}}\" href=\"https:\/\/adevarul.ro\/stiri-externe\/europa\/acordul-in-12-puncte-prin-care-viktor-orban-2521398.html\" title=\"Alt articol de interes pentru tine\"><span><\/span><br \/>\n                    <span>Acordul \u00een 12 puncte prin care Viktor Orb\u00e1n asigur\u0103 parteneriatul Ungariei cu Rusia, indiferent de rezultatul alegerilor<\/span><br \/>\n                    <svg width=\"14\" height=\"14\" viewBox=\"0 0 24 24\" fill=\"none\" stroke=\"currentColor\" stroke-width=\"2.5\" stroke-linecap=\"round\" stroke-linejoin=\"round\"><polyline points=\"9 18 15 12 9 6\" \/><\/svg><br \/>\n                <\/a><\/p>\n<p><b>P. Szijj\u00e1rt\u00f3:<\/b> \u00cemi cer scuze c\u0103 te sun, probabil c\u0103 e deja foarte t\u00e2rziu la Moscova.<\/p>\n<p><b>S. Lavrov: <\/b>Nu, e abia nou\u0103 \u0219i jum\u0103tate.<\/p>\n<p><b>P. Szijj\u00e1rt\u00f3:<\/b> Dar ai avut o zi foarte lung\u0103, \u00een\u021beleg, foarte solicitant\u0103.<\/p>\n<p><b>S. Lavrov: <\/b>Ei bine, cu c\u00e2t ziua e mai lung\u0103, cu at\u00e2t tr\u0103im mai mult.<\/p>\n<p><b>P. Szijj\u00e1rt\u00f3:<\/b> Doamne, ai dreptate. Ai dreptate. Voiam doar s\u0103 v\u0103 felicit, pentru c\u0103 am \u00een\u021beles c\u0103 a\u021bi avut un oarecare succes. V\u0103d c\u00e2t de \u00eengrijora\u021bi sunt prietenii no\u0219tri europeni, dar voiam doar s\u0103 m\u0103 asigur c\u0103 \u0219ti\u021bi c\u0103 Ungaria sus\u021bine toate eforturile \u0219i toate realiz\u0103rile pe care le-a\u021bi ob\u021binut ast\u0103zi.<\/p>\n<p><b>S. Lavrov:<\/b> Da, apreciem declara\u021bia prim-ministrului, care a fost una foarte direct\u0103. \u0218i cred c\u0103 este ceva de care ar trebui s\u0103 \u021bin\u0103 cont \u0219i ceilal\u021bi europeni.<\/p>\n<p><b>P. Szijj\u00e1rt\u00f3:<\/b> De obicei o fac, iar apoi o \u00eencadreaz\u0103 \u00een contextul sanc\u021biunilor financiare \u00eempotriva noastr\u0103. A\u0219a c\u0103 \u0219ti\u021bi.<\/p>\n<p><b>S. Lavrov<\/b>: [r\u00e2de]<\/p>\n<p><b>P. Szijj\u00e1rt\u00f3:<\/b> [r\u00e2z\u00e2nd] A\u0219a procedeaz\u0103 ei. Dar pot s\u0103 v\u0103 \u00eentreb, Serghei, dac\u0103 totul a decurs a\u0219a cum este prezentat \u00een mass-media?<\/p>\n<p><b>S. Lavrov:<\/b> Ei bine, pre\u0219edintele a afirmat foarte clar, \u00een cadrul conferin\u021bei de pres\u0103 comune, c\u0103 a fost un summit extrem de util \u0219i de reu\u0219it. Apoi, Trump a acordat un interviu separat postului Fox News, \u00een care a spus tot ce trebuia: c\u0103, pe o scar\u0103 de la 1 la 10, ar acorda acestui summit nota \u201e10\u201d \u0219i c\u0103 progresele au fost foarte semnificative. Exist\u0103 una sau dou\u0103 probleme, a\u0219a cum a spus el, \u0219i acum este r\u00e2ndul lui Zelenskyy s\u0103 accepte acordul. Exact asta s-a discutat \u0219i el a acceptat aceast\u0103 secven\u021b\u0103. Vom vedea care va fi rezultatul vizitei lui Zelenskyy de luni la Washington.<\/p>\n<p><b>P. Szijj\u00e1rt\u00f3:<\/b> \u0218i pot s\u0103 v\u0103 \u00eentreb dac\u0103 a\u021bi \u00eenregistrat vreun progres \u00een cooperarea economic\u0103 cu americanii pentru a relansa rela\u021biile economice \u0219i comerciale, \u0219ti\u021bi, pentru c\u0103 are o&#8230;<\/p>\n<p><b>S. Lavrov:<\/b> Nu s-a discutat despre asta, Peter.<\/p>\n<p><b>P. Szijj\u00e1rt\u00f3:<\/b> Nu s-a discutat, aha, ok.<\/p>\n<p><b>S. Lavrov: <\/b>Nu.<\/p>\n<p><b>P. Szijj\u00e1rt\u00f3:<\/b> Bine. Deci economia nu a fost pe ordinea de zi.<\/p>\n<p><b>S. Lavrov: <\/b>Este o chestiune care a fost discutat\u0103 \u00een trecut \u0219i americanii au afirmat foarte clar c\u0103, dac\u0103 pot scoate Ucraina din ecua\u021bie, nu vor exista limite.<\/p>\n<p><b>P. Szijj\u00e1rt\u00f3:<\/b> F\u0103r\u0103 limite. Aha. Bine. Dar putem considera c\u0103 este mai mult sau mai pu\u021bin sigur c\u0103, at\u00e2ta timp c\u00e2t aceste negocieri \u00eencurajatoare sunt \u00een curs, americanii nu vor aplica alte sanc\u021biuni?<\/p>\n<p>\t\t\t<a data-gtrack=\"{\"event\":\"utm_click\",\"data\":{\"event_category\":\"article_related\"}}\" href=\"https:\/\/adevarul.ro\/stiri-externe\/europa\/ue-respinge-acuzatiile-lui-jd-vance-privind-2521443.html\" title=\"Alt articol de interes pentru tine\"><span><\/span><br \/>\n                    <span>UE respinge acuza\u021biile lui JD Vance privind posibile ingerin\u021be \u00een alegerile din Ungaria: \u201eAlegerile r\u0103m\u00e2n \u00een m\u00e2inile cet\u0103\u021benilor no\u0219tri\u201d<\/span><br \/>\n                    <svg width=\"14\" height=\"14\" viewBox=\"0 0 24 24\" fill=\"none\" stroke=\"currentColor\" stroke-width=\"2.5\" stroke-linecap=\"round\" stroke-linejoin=\"round\"><polyline points=\"9 18 15 12 9 6\" \/><\/svg><br \/>\n                <\/a><\/p>\n<p><b>S. Lavrov:<\/b> Nu am discutat despre sanc\u021biuni.<\/p>\n<p><b>P. Szijj\u00e1rt\u00f3: <\/b>Oh, nu a\u021bi discutat deloc despre asta?<\/p>\n<p><b>S. Lavrov:<\/b> Nu. A fost o conversa\u021bie foarte prietenoas\u0103 despre multe lucruri, inclusiv, \u0219ti\u021bi, unele absolut personale.<\/p>\n<p>Amintim c\u0103 P\u00e9ter Szijj\u00e1rt\u00f3 a purtat mai multe convorbiri telefonice cu omologul s\u0103u rus, Serghei Lavrov, \u00eentre 2023 \u0219i 2025, inclusiv una realizat\u0103 \u00een timpul unei pauze a Consiliului European \u00een care liderii UE discutau deschiderea negocierilor de aderare pentru Ucraina \u0219i Republica Moldova.<\/p>\n<p>Szijj\u00e1rt\u00f3 l-ar fi informat pe Lavrov despre discu\u021biile sensibile din cadrul reuniunii \u0219i ar fi sugerat c\u0103 poate transmite un document prin canale diplomatice. Investiga\u021bia afirm\u0103 c\u0103 ministrul ungar ar fi descris un mecanism prin care documentul ar fi ajuns la ambasada Ungariei la Moscova, urm\u00e2nd s\u0103 fie transmis apoi c\u0103tre cabinetul lui Lavrov.<\/p>\n<p>Contextul este unul tensionat: <a href=\"https:\/\/adevarul.ro\/stiri-externe\/europa\/analistii-semnaleaza-influenta-moscovei-in-2521259.html\">Ungaria, stat membru UE \u0219i NATO, s-a aflat frecvent \u00een dezacord cu partenerii europeni <\/a>\u00een privin\u021ba sanc\u021biunilor \u00eempotriva Rusiei, a sprijinului militar pentru Ucraina \u0219i a parcursului european al Kievului.<\/p>\n<p>VSquare relateaz\u0103 c\u0103 episodul din 2023 ar fi avut loc \u00een timpul summitului \u00een care premierul Viktor Orb\u00e1n amenin\u021base cu veto asupra \u00eenceperii negocierilor de aderare cu Ucraina \u0219i Moldova. \u00centr-un fragment de transcript citat de publica\u021bie, Lavrov ar fi reac\u021bionat pozitiv la informa\u021biile primite, afirm\u00e2nd c\u0103 uneori \u201eopen blackmail\u201d poate fi o solu\u021bie eficient\u0103.<\/p>\n<p>\u00cen final, veto-ul nu a fost exercitat: Orb\u00e1n ar fi p\u0103r\u0103sit sala \u00eenaintea votului, permi\u021b\u00e2nd celorlal\u021bi 26 de lideri s\u0103 adopte decizia.<\/p>\n<\/p><\/div>\n<p><a href=\"https:\/\/adevarul.ro\/stiri-externe\/europa\/dezvaluiri-explozive-ministrul-ungar-de-externe-2521507.html\" class=\"button purchase\" rel=\"nofollow noopener\" target=\"_blank\">Read More<\/a><\/p>\n","protected":false},"excerpt":{"rendered":"<p>Portalul de investiga\u021bii\u00a0VSquare,\u00a0a publicat o nou\u0103 serie de \u00eenregistr\u0103ri care surprind discu\u021bii confiden\u021biale \u00eentre ministrul ungar de Externe, P\u00e9ter Szijj\u00e1rt\u00f3, \u0219i omologul s\u0103u rus, Serghei [&hellip;]<\/p>\n","protected":false},"author":1,"featured_media":12699,"comment_status":"open","ping_status":"open","sticky":false,"template":"","format":"standard","meta":{"_monsterinsights_skip_tracking":false,"_monsterinsights_sitenote_active":false,"_monsterinsights_sitenote_note":"","_monsterinsights_sitenote_category":0,"footnotes":""},"categories":[6],"tags":[],"class_list":["post-12698","post","type-post","status-publish","format-standard","has-post-thumbnail","hentry","category-popular"],"aioseo_notices":[],"_links":{"self":[{"href":"https:\/\/info-eforie.ro\/index.php\/wp-json\/wp\/v2\/posts\/12698","targetHints":{"allow":["GET"]}}],"collection":[{"href":"https:\/\/info-eforie.ro\/index.php\/wp-json\/wp\/v2\/posts"}],"about":[{"href":"https:\/\/info-eforie.ro\/index.php\/wp-json\/wp\/v2\/types\/post"}],"author":[{"embeddable":true,"href":"https:\/\/info-eforie.ro\/index.php\/wp-json\/wp\/v2\/users\/1"}],"replies":[{"embeddable":true,"href":"https:\/\/info-eforie.ro\/index.php\/wp-json\/wp\/v2\/comments?post=12698"}],"version-history":[{"count":0,"href":"https:\/\/info-eforie.ro\/index.php\/wp-json\/wp\/v2\/posts\/12698\/revisions"}],"wp:featuredmedia":[{"embeddable":true,"href":"https:\/\/info-eforie.ro\/index.php\/wp-json\/wp\/v2\/media\/12699"}],"wp:attachment":[{"href":"https:\/\/info-eforie.ro\/index.php\/wp-json\/wp\/v2\/media?parent=12698"}],"wp:term":[{"taxonomy":"category","embeddable":true,"href":"https:\/\/info-eforie.ro\/index.php\/wp-json\/wp\/v2\/categories?post=12698"},{"taxonomy":"post_tag","embeddable":true,"href":"https:\/\/info-eforie.ro\/index.php\/wp-json\/wp\/v2\/tags?post=12698"}],"curies":[{"name":"wp","href":"https:\/\/api.w.org\/{rel}","templated":true}]}}