{"id":12686,"date":"2026-04-08T07:58:07","date_gmt":"2026-04-08T07:58:07","guid":{"rendered":"https:\/\/info-eforie.ro\/index.php\/2026\/04\/08\/edi-iordanescu-daramat-de-disparitia-lui-mircea-lucescu-o-clipa-pe-care-atat-de-multi-am-fi-vrut-sa-nu-o-traim\/"},"modified":"2026-04-08T07:58:07","modified_gmt":"2026-04-08T07:58:07","slug":"edi-iordanescu-daramat-de-disparitia-lui-mircea-lucescu-o-clipa-pe-care-atat-de-multi-am-fi-vrut-sa-nu-o-traim","status":"publish","type":"post","link":"https:\/\/info-eforie.ro\/index.php\/2026\/04\/08\/edi-iordanescu-daramat-de-disparitia-lui-mircea-lucescu-o-clipa-pe-care-atat-de-multi-am-fi-vrut-sa-nu-o-traim\/","title":{"rendered":"Edi Iord\u0103nescu, d\u0103r\u00e2mat de dispari\u021bia lui Mircea Lucescu. \u201eO clip\u0103 pe care at\u00e2t de mul\u021bi am fi vrut s\u0103 nu o tr\u0103im\u201d"},"content":{"rendered":"<div>\n<p>Mircea Lucescu a preluat na\u021bionala Rom\u00e2niei de la Edi<br \/>\nIord\u0103nescu, \u00een toamna lui 2024, dup\u0103 un Campionat European de excep\u021bie. Acum,<br \/>\nmai t\u00e2n\u0103rul antrenor a aflat cu stupoare de moartea lui Lucescu \u0219i a vorbit despre mo\u0219tenirea vie pe care legendarul<br \/>\ntehnician a l\u0103sat-o pentru multe genera\u021bii.<\/p>\n<div><picture><source type=\"image\/webp\"  media=\"(min-width: 1400px)\"><source type=\"image\/webp\"  media=\"(min-width: 1000px)\"><source type=\"image\/webp\"  media=\"(min-width: 700px)\"><source type=\"image\/jpeg\"  media=\"(min-width: 1400px)\"><source type=\"image\/jpeg\"  media=\"(min-width: 1000px)\"><source type=\"image\/jpeg\"  media=\"(min-width: 700px)\"><img decoding=\"async\" src=\"https:\/\/cdn.adh.reperio.news\/image-b\/b63f3970-eebd-4c85-bebb-0e6498fb4f29\/index.jpeg?p=a%3D1%26co%3D1.05%26w%3D700%26h%3D750%26r%3Dcontain%26f%3Dwebp\" alt=\"Edi Iord\u0103nescu e liber dup\u0103 desp\u0103r\u021birea de Legia Var\u0219ovia. Foto EPA EFE\" width=\"1400\" height=\"750\" loading=\"eager\" fetchpriority=\"high\"><\/picture>\n<p>Edi Iord\u0103nescu e liber dup\u0103 desp\u0103r\u021birea de Legia Var\u0219ovia. Foto EPA EFE<\/p>\n<\/div>\n<p><i>\u201eSunt realmente<br \/>\nzguduit \u0219i cuprins de o triste\u021be f\u0103r\u0103 margini, o zi \u00een care cuvintele simt c\u0103<br \/>\nnu-\u0219i mai au rostul\u2026 \u00cen fa\u021ba unei personalit\u0103\u021bi at\u00e2t de ample \u0219i \u00een fa\u021ba unei<br \/>\nclipe pe care at\u00e2t de mul\u021bi am fi vrut s\u0103 nu o tr\u0103im. Sau m\u0103car s\u0103 o tr\u0103im<br \/>\nmult, mult mai t\u00e2rziu\u2026<\/i><\/p>\n<p><i>Fotbalul rom\u00e2nesc \u00een<br \/>\ncare am crescut \u0219i pe care \u00eel iubim cu to\u021bii nu poate fi imaginat, a\u0219a cum \u00eel<br \/>\n\u0219tim, f\u0103r\u0103 Mircea Lucescu. Iar dac\u0103 de-acum, dintr-o zi de mare triste\u021be, omul<br \/>\nnu se mai afl\u0103 printre noi, fi\u021bi siguri c\u0103 juc\u0103torul \u0219i antrenorul vor r\u0103m\u00e2ne<br \/>\nmereu prezen\u021bi \u0219i la fel de importan\u021bi, orice s-ar \u00eent\u00e2mpla! Prin modelul de<br \/>\nlupt\u0103tor, vizionar, inovator, pedagog \u0219i c\u00e2\u0219tig\u0103tor pe care l-a fixat Mircea<br \/>\nLucescu. <\/i><\/p>\n<p><i>Prin amprenta<br \/>\nconstructiv\u0103 l\u0103sat\u0103 pentru genera\u021bii \u0219i genera\u021bii de fotbali\u0219ti, antrenori,<br \/>\nconduc\u0103tori \u0219i suporteri. Am \u00eenv\u0103\u021bat \u0219i \u00eenc\u0103 mai avem de \u00eenv\u0103\u021bat din aceast\u0103<br \/>\nmo\u0219tenire vie. Dumnezeu s\u0103-l ierte \u0219i s\u0103-l odihneasc\u0103! Condolean\u021be familiei\u2026\u201d, <\/i>a<br \/>\ndeclarat Edi Iord\u0103nescu, pentru ProSport.<\/p>\n<p>Mircea Lucescu \u0219i Edi Iord\u0103nescu au fost ultimii doi<br \/>\nselec\u021bioneri ai Rom\u00e2niei, legendarul antrenor prelu\u00e2nd \u0219tafeta de la mai<br \/>\nt\u00e2n\u0103rul s\u0103u coleg dup\u0103 Euro 2024.<i><\/i><\/p>\n<\/p><\/div>\n<p><a href=\"https:\/\/adevarul.ro\/sport\/edi-iordanescu-daramat-de-disparitia-lui-mircea-2521202.html\" class=\"button purchase\" rel=\"nofollow noopener\" target=\"_blank\">Read More<\/a><\/p>\n","protected":false},"excerpt":{"rendered":"<p>Mircea Lucescu a preluat na\u021bionala Rom\u00e2niei de la Edi Iord\u0103nescu, \u00een toamna lui 2024, dup\u0103 un Campionat European de excep\u021bie. Acum, mai t\u00e2n\u0103rul antrenor a [&hellip;]<\/p>\n","protected":false},"author":1,"featured_media":12687,"comment_status":"open","ping_status":"open","sticky":false,"template":"","format":"standard","meta":{"_monsterinsights_skip_tracking":false,"_monsterinsights_sitenote_active":false,"_monsterinsights_sitenote_note":"","_monsterinsights_sitenote_category":0,"footnotes":""},"categories":[6],"tags":[],"class_list":["post-12686","post","type-post","status-publish","format-standard","has-post-thumbnail","hentry","category-popular"],"aioseo_notices":[],"_links":{"self":[{"href":"https:\/\/info-eforie.ro\/index.php\/wp-json\/wp\/v2\/posts\/12686","targetHints":{"allow":["GET"]}}],"collection":[{"href":"https:\/\/info-eforie.ro\/index.php\/wp-json\/wp\/v2\/posts"}],"about":[{"href":"https:\/\/info-eforie.ro\/index.php\/wp-json\/wp\/v2\/types\/post"}],"author":[{"embeddable":true,"href":"https:\/\/info-eforie.ro\/index.php\/wp-json\/wp\/v2\/users\/1"}],"replies":[{"embeddable":true,"href":"https:\/\/info-eforie.ro\/index.php\/wp-json\/wp\/v2\/comments?post=12686"}],"version-history":[{"count":0,"href":"https:\/\/info-eforie.ro\/index.php\/wp-json\/wp\/v2\/posts\/12686\/revisions"}],"wp:featuredmedia":[{"embeddable":true,"href":"https:\/\/info-eforie.ro\/index.php\/wp-json\/wp\/v2\/media\/12687"}],"wp:attachment":[{"href":"https:\/\/info-eforie.ro\/index.php\/wp-json\/wp\/v2\/media?parent=12686"}],"wp:term":[{"taxonomy":"category","embeddable":true,"href":"https:\/\/info-eforie.ro\/index.php\/wp-json\/wp\/v2\/categories?post=12686"},{"taxonomy":"post_tag","embeddable":true,"href":"https:\/\/info-eforie.ro\/index.php\/wp-json\/wp\/v2\/tags?post=12686"}],"curies":[{"name":"wp","href":"https:\/\/api.w.org\/{rel}","templated":true}]}}