{"id":12684,"date":"2026-04-08T07:58:08","date_gmt":"2026-04-08T07:58:08","guid":{"rendered":"https:\/\/info-eforie.ro\/index.php\/2026\/04\/08\/declaratie-dura-a-lui-ioan-andone-unul-dintre-copiii-lui-mircea-lucescu-fotbalul-l-a-omorat\/"},"modified":"2026-04-08T07:58:08","modified_gmt":"2026-04-08T07:58:08","slug":"declaratie-dura-a-lui-ioan-andone-unul-dintre-copiii-lui-mircea-lucescu-fotbalul-l-a-omorat","status":"publish","type":"post","link":"https:\/\/info-eforie.ro\/index.php\/2026\/04\/08\/declaratie-dura-a-lui-ioan-andone-unul-dintre-copiii-lui-mircea-lucescu-fotbalul-l-a-omorat\/","title":{"rendered":"Declara\u021bie dur\u0103 a lui Ioan Andone, unul dintre \u201ecopiii\u201d lui Mircea Lucescu: \u201eFotbalul l-a omor\u00e2t!\u201d"},"content":{"rendered":"<div>\n<p>Mircea Lucescu (80 de ani), <a href=\"https:\/\/adevarul.ro\/sport\/a-murit-mircea-lucescu-antrenorul-legendar-al-2520497.html\">decedat mar\u021bi sear\u0103<\/a>, este al treilea cel mai titrat antrenor din istoria fotbalului (dup\u0103 Sir Alex Ferguson \u0219i Pep Guardiola). \u201eIl Luce\u201d l-a preg\u0103tit pe Ioan Andone (66 de ani) la Corvinul Hunedoara, apoi la Dinamo.<\/p>\n<div><picture><source type=\"image\/webp\"  media=\"(min-width: 1400px)\"><source type=\"image\/webp\"  media=\"(min-width: 1000px)\"><source type=\"image\/webp\"  media=\"(min-width: 700px)\"><source type=\"image\/jpeg\"  media=\"(min-width: 1400px)\"><source type=\"image\/jpeg\"  media=\"(min-width: 1000px)\"><source type=\"image\/jpeg\"  media=\"(min-width: 700px)\"><img decoding=\"async\" src=\"https:\/\/cdn.adh.reperio.news\/image-b\/b21206c5-6d5e-4731-9ee0-94e6570ff862\/index.jpeg?p=a%3D1%26co%3D1.05%26w%3D700%26h%3D750%26r%3Dcontain%26c%3D0%252C0%252C1%252C0.894%26f%3Dwebp\" alt=\"Ioan Andone, n\u0103scut la \u0218p\u0103lnaca (Alba), \u00eentr-o vizit\u0103 la Hunedoara  FOTO Adev\u0103rul\" width=\"1400\" height=\"750\" loading=\"eager\" fetchpriority=\"high\"><\/picture>\n<p>Ioan Andone, n\u0103scut la \u0218p\u0103lnaca (Alba), \u00eentr-o vizit\u0103 la Hunedoara  FOTO Adev\u0103rul<\/p>\n<\/div>\n<p>\u201e<i>Un vizionar! Promova tineri, ceea ce \u00een ziua de azi nu se mai \u00eent\u00e2mpl\u0103! La Hunedoara, spunea c\u0103 \u00eenva\u021b\u0103 cu noi fotbalul. Ni-l preda, dar \u0219i \u00eenv\u0103\u021ba cu noi. <\/i><\/p>\n<p><i>A avut curajul s\u0103 bage pu\u0219ti de 18-19 ani, s\u0103 termin\u0103m pe locul 3 \u00een campionat, s\u0103 juc\u0103m \u00een cupele europene. Ne-a obligat s\u0103 mergem la \u0219coal\u0103.<\/i><\/p>\n<p><i>Credeam c\u0103 reu\u0219e\u0219te s\u0103 scape de hopul \u0103sta. Fotbalul l-a omor\u00e2t! Trebuie s\u0103-\u0219i vad\u0103 de s\u0103n\u0103tate, nu s\u0103 mearg\u0103 la Istanbul.<\/i><\/p>\n<p><i>Toate \u0219i-au pus amprenta asupra bolilor, c\u0103 nu a fost doar una! Am vorbit ultima oar\u0103 la meciul Dinamo &#8211; Craiova, am discutat la pauz\u0103. <\/i><\/p>\n<p><i>Nu ar\u0103ta bine \u0219i i-am spus-o! Mi-a zis c\u0103 \u201e\u00eemi revin eu, \u00eemi revin&#8230;\u201d. Nu era momentul s\u0103 trag\u0103 de el!<\/i>\u201d, a spus Ioan Andone, la Digi Sport.<\/p>\n<h2>R\u0103ducioiu, devastat<\/h2>\n<p>Florin R\u0103ducioiu (56 de ani) a primit \u00eenm\u0103rmurit vestea dispari\u021bie.\u00a0<\/p>\n<p>\u201e<i>Nu-mi vine s\u0103 cred&#8230; Sunt terminat! S-a rupt pe jum\u0103tate sufletul meu!<\/i>\u00a0<i>F\u0103r\u0103 nea Mircea nu \u0219tiu dac\u0103 eram cine am fost. A fost un om \u00een adev\u0103ratul sens al cuv\u00e2ntului, a fost ca un tat\u0103 care m-a ajutat \u00een toat\u0103 cariera mea \u0219i c\u0103ruia o s\u0103-i mul\u021bumesc toat\u0103 via\u021ba. Mi se pare ireal c\u0103 trebuie s\u0103 vorbesc la trecut despre nea Mircea<\/i>\u201d, a continuat R\u0103ducioiu pentru Gsp.<\/p>\n<p>\u201e<i>La 15 ani, nea Mircea m-a adus la prima echip\u0103 \u0219i atunci am intrat \u00een anturajul echipei mari. Am \u0219i debutat cu Poli Timi\u0219oara, c\u00e2nd eram foarte slab, foarte fricos&#8230; Mi-era o fric\u0103 teribil\u0103! Am jucat, cred, 15 minute \u0219i \u0103la a fost debutul meu la Dinamo. Datorit\u0103 acestui om extraordinar \u0219i antrenor, Mircea Lucescu!<\/i>\u201d, a declarat \u201eMarele Blond\u201d.<\/p>\n<p>\u201e<i>Sunt terminat \u0219i v\u0103 rog s\u0103 m\u0103 \u00een\u021belege\u021bi c\u0103 sunt devastat. A fost antrenorul care a avut cel mai important rol \u00een cariera mea. Cel mai important om din via\u021ba mea! F\u0103r\u0103 el nu a\u0219 fi devenit fotbalist de un bun nivel \u0219i chiar \u00eei datorez multe din toate punctele de vedere\u201d, a mai punctat fostul juc\u0103tor important al Rom\u00e2niei.<\/i><\/p>\n<p><i>Nea Mircea a avut un rol important l-a avut inclusiv la transferul meu de la Verona la Brescia, c\u00e2nd f\u0103cusem un sezon dezastruos. \u00cen ciuda \u00eendoielii \u0219i a criticilor pe care le aveau suporterii fa\u021b\u0103 de mine, dar \u0219i patronul Gino Corioni, care nu m\u0103 dorea, Lucescu a reu\u0219it s\u0103 m\u0103 duc\u0103 acolo dup\u0103 un sezon dezastruos<\/i>\u201d, a mai spus acesta.<\/p>\n<\/p><\/div>\n<p><a href=\"https:\/\/adevarul.ro\/sport\/declaratie-dura-a-lui-ioan-andone-unul-dintre-2521200.html\" class=\"button purchase\" rel=\"nofollow noopener\" target=\"_blank\">Read More<\/a><\/p>\n","protected":false},"excerpt":{"rendered":"<p>Mircea Lucescu (80 de ani), decedat mar\u021bi sear\u0103, este al treilea cel mai titrat antrenor din istoria fotbalului (dup\u0103 Sir Alex Ferguson \u0219i Pep Guardiola). [&hellip;]<\/p>\n","protected":false},"author":1,"featured_media":12685,"comment_status":"open","ping_status":"open","sticky":false,"template":"","format":"standard","meta":{"_monsterinsights_skip_tracking":false,"_monsterinsights_sitenote_active":false,"_monsterinsights_sitenote_note":"","_monsterinsights_sitenote_category":0,"footnotes":""},"categories":[6],"tags":[],"class_list":["post-12684","post","type-post","status-publish","format-standard","has-post-thumbnail","hentry","category-popular"],"aioseo_notices":[],"_links":{"self":[{"href":"https:\/\/info-eforie.ro\/index.php\/wp-json\/wp\/v2\/posts\/12684","targetHints":{"allow":["GET"]}}],"collection":[{"href":"https:\/\/info-eforie.ro\/index.php\/wp-json\/wp\/v2\/posts"}],"about":[{"href":"https:\/\/info-eforie.ro\/index.php\/wp-json\/wp\/v2\/types\/post"}],"author":[{"embeddable":true,"href":"https:\/\/info-eforie.ro\/index.php\/wp-json\/wp\/v2\/users\/1"}],"replies":[{"embeddable":true,"href":"https:\/\/info-eforie.ro\/index.php\/wp-json\/wp\/v2\/comments?post=12684"}],"version-history":[{"count":0,"href":"https:\/\/info-eforie.ro\/index.php\/wp-json\/wp\/v2\/posts\/12684\/revisions"}],"wp:featuredmedia":[{"embeddable":true,"href":"https:\/\/info-eforie.ro\/index.php\/wp-json\/wp\/v2\/media\/12685"}],"wp:attachment":[{"href":"https:\/\/info-eforie.ro\/index.php\/wp-json\/wp\/v2\/media?parent=12684"}],"wp:term":[{"taxonomy":"category","embeddable":true,"href":"https:\/\/info-eforie.ro\/index.php\/wp-json\/wp\/v2\/categories?post=12684"},{"taxonomy":"post_tag","embeddable":true,"href":"https:\/\/info-eforie.ro\/index.php\/wp-json\/wp\/v2\/tags?post=12684"}],"curies":[{"name":"wp","href":"https:\/\/api.w.org\/{rel}","templated":true}]}}