{"id":12680,"date":"2026-04-08T07:58:10","date_gmt":"2026-04-08T07:58:10","guid":{"rendered":"https:\/\/info-eforie.ro\/index.php\/2026\/04\/08\/inscriptia-de-pe-cavoul-lui-mircea-lucescu-ranguri-glorie-bogatie-antrenorul-si-a-pregatit-mormantul-cu-zece-ani-inainte\/"},"modified":"2026-04-08T07:58:10","modified_gmt":"2026-04-08T07:58:10","slug":"inscriptia-de-pe-cavoul-lui-mircea-lucescu-ranguri-glorie-bogatie-antrenorul-si-a-pregatit-mormantul-cu-zece-ani-inainte","status":"publish","type":"post","link":"https:\/\/info-eforie.ro\/index.php\/2026\/04\/08\/inscriptia-de-pe-cavoul-lui-mircea-lucescu-ranguri-glorie-bogatie-antrenorul-si-a-pregatit-mormantul-cu-zece-ani-inainte\/","title":{"rendered":"Inscrip\u021bia de pe cavoul lui Mircea Lucescu: \u201eRanguri, glorie, bog\u0103\u021bie&#8230;\u201d. Antrenorul \u0219i-a preg\u0103tit morm\u00e2ntul cu zece ani \u00eenainte"},"content":{"rendered":"<div>\n<p>Mircea Lucescu a murit ast\u0103zi, dup\u0103 ce medicii nu au reu\u0219it s\u0103-i<br \/>\nregleze inima \u00een urma infarctului suferit vineri. Antrenorul nu a l\u0103sat nimic<br \/>\nla voia \u00eent\u00e2mpl\u0103rii \u0219i \u0219i-a preg\u0103tit morm\u00e2ntul \u00eenc\u0103 din urm\u0103 cu 10 ani.<br \/>\nLegendarul tehnician a intrat \u00een posesia unui cavou \u00een Cimitirul Bellu, situat<br \/>\nla intrare, \u00eentr-o zon\u0103 \u00een care se afl\u0103 cele mai scumpe locuri de veci. <\/p>\n<div><picture><source type=\"image\/webp\"  media=\"(min-width: 1400px)\"><source type=\"image\/webp\"  media=\"(min-width: 1000px)\"><source type=\"image\/webp\"  media=\"(min-width: 700px)\"><source type=\"image\/jpeg\"  media=\"(min-width: 1400px)\"><source type=\"image\/jpeg\"  media=\"(min-width: 1000px)\"><source type=\"image\/jpeg\"  media=\"(min-width: 700px)\"><img decoding=\"async\" src=\"https:\/\/cdn.adh.reperio.news\/image-0\/0bf3e3b7-8606-40d8-bb61-4a376ada0cc2\/index.jpeg?p=a%3D1%26co%3D1.05%26w%3D700%26h%3D735%26r%3Dcontain%26f%3Dwebp\" alt=\"Cimitirul Bellu, locul unde sunt \u00eenmorm\u00e2ntate personalit\u0103\u021bile Rom\u00e2niei. Foto Adev\u0103rul\" width=\"1400\" height=\"735\" loading=\"eager\" fetchpriority=\"high\"><\/picture>\n<p>Cimitirul Bellu, locul unde sunt \u00eenmorm\u00e2ntate personalit\u0103\u021bile Rom\u00e2niei. Foto Adev\u0103rul<\/p>\n<\/div>\n<p>Pe aleea principal\u0103 a Cimitirului Bellu se afl\u0103 cavoul unde<br \/>\nva fi \u00eenhumat Mircea Lucescu. Pe acesta este sculptat un mesaj care ne<br \/>\naminte\u0219te c\u0103 toat\u0103 lumea ajunge \u00een final \u00een acela\u0219i loc: <i>\u201eRanguri, glorie, bog\u0103\u021bie, toate-n p\u0103m\u00e2nt se sf\u00e2r\u0219esc, orice frumuse\u021be<br \/>\nfie, toate pier \u0219i se topesc. Tr\u0103itori, c\u00e2te lucra\u021bi, monumente, fapte bune,<br \/>\nvou\u0103-n urm\u0103 s\u0103 l\u0103sa\u021bi\u201d<\/i>.<\/p>\n<p>Mircea Lucescu se va odihni al\u0103turi de alte mari personalit\u0103\u021bi<br \/>\nale Rom\u00e2niei, ca Mihai Eminescu, Maria T\u0103nase, Marin Preda, Nichita St\u0103nescu, Toma<br \/>\nCaragiu sau Ion Dol\u0103nescu. Potrivit lui Dumitru Dragomir, locul de veci al<br \/>\nantrenorul a costat c\u00e2teva zeci de mii de euro, av\u00e2nd \u00een vedere c\u0103 se afl\u0103 central,<br \/>\npe aleea principal\u0103. <i>\u201eUn loc de veci, \u00een<br \/>\ncapel\u0103? De la 50-60.000 de euro \u00een sus. Cel mai mic e 50.000 de euro. O capel\u0103<br \/>\nmai na\u0219parlie, a\u0219a\u2026 De exemplu, al lui Cataram\u0103 (n.r Viorel<br \/>\nCataram\u0103), dac\u0103 ar vrea s\u0103-l v\u00e2nd\u0103, \u00eel d\u0103 cu 300.000 de euro\u201d<\/i>, a declarat<br \/>\nDumitru Dragomir, pentru\u00a0<a href=\"https:\/\/www.fanatik.ro\/cavoul-de-zeci-de-mii-de-euro-in-care-se-va-odihni-mircea-lucescu-antrenorul-si-a-ales-dinainte-locul-de-veci-21444492\" rel=\"nofollow\">Fanatik<\/a>. \u00cen prezent, cel mai scump loc de veci \u00een<br \/>\nCimitirul Bellu a costat 170.000 de euro \u0219i a fost cump\u0103rat de Ion \u021airiac.<\/p>\n<\/p><\/div>\n<p><a href=\"https:\/\/adevarul.ro\/sport\/inscriptia-de-pe-cavoul-lui-mircea-lucescu-2521207.html\" class=\"button purchase\" rel=\"nofollow noopener\" target=\"_blank\">Read More<\/a><\/p>\n","protected":false},"excerpt":{"rendered":"<p>Mircea Lucescu a murit ast\u0103zi, dup\u0103 ce medicii nu au reu\u0219it s\u0103-i regleze inima \u00een urma infarctului suferit vineri. Antrenorul nu a l\u0103sat nimic la [&hellip;]<\/p>\n","protected":false},"author":1,"featured_media":12681,"comment_status":"open","ping_status":"open","sticky":false,"template":"","format":"standard","meta":{"_monsterinsights_skip_tracking":false,"_monsterinsights_sitenote_active":false,"_monsterinsights_sitenote_note":"","_monsterinsights_sitenote_category":0,"footnotes":""},"categories":[6],"tags":[],"class_list":["post-12680","post","type-post","status-publish","format-standard","has-post-thumbnail","hentry","category-popular"],"aioseo_notices":[],"_links":{"self":[{"href":"https:\/\/info-eforie.ro\/index.php\/wp-json\/wp\/v2\/posts\/12680","targetHints":{"allow":["GET"]}}],"collection":[{"href":"https:\/\/info-eforie.ro\/index.php\/wp-json\/wp\/v2\/posts"}],"about":[{"href":"https:\/\/info-eforie.ro\/index.php\/wp-json\/wp\/v2\/types\/post"}],"author":[{"embeddable":true,"href":"https:\/\/info-eforie.ro\/index.php\/wp-json\/wp\/v2\/users\/1"}],"replies":[{"embeddable":true,"href":"https:\/\/info-eforie.ro\/index.php\/wp-json\/wp\/v2\/comments?post=12680"}],"version-history":[{"count":0,"href":"https:\/\/info-eforie.ro\/index.php\/wp-json\/wp\/v2\/posts\/12680\/revisions"}],"wp:featuredmedia":[{"embeddable":true,"href":"https:\/\/info-eforie.ro\/index.php\/wp-json\/wp\/v2\/media\/12681"}],"wp:attachment":[{"href":"https:\/\/info-eforie.ro\/index.php\/wp-json\/wp\/v2\/media?parent=12680"}],"wp:term":[{"taxonomy":"category","embeddable":true,"href":"https:\/\/info-eforie.ro\/index.php\/wp-json\/wp\/v2\/categories?post=12680"},{"taxonomy":"post_tag","embeddable":true,"href":"https:\/\/info-eforie.ro\/index.php\/wp-json\/wp\/v2\/tags?post=12680"}],"curies":[{"name":"wp","href":"https:\/\/api.w.org\/{rel}","templated":true}]}}