{"id":12678,"date":"2026-04-08T07:58:11","date_gmt":"2026-04-08T07:58:11","guid":{"rendered":"https:\/\/info-eforie.ro\/index.php\/2026\/04\/08\/vasile-costiuc-omul-lui-george-simion-in-republica-moldova-promoveaza-interesele-pro-rusului-sor-acuza-puterea\/"},"modified":"2026-04-08T07:58:11","modified_gmt":"2026-04-08T07:58:11","slug":"vasile-costiuc-omul-lui-george-simion-in-republica-moldova-promoveaza-interesele-pro-rusului-sor-acuza-puterea","status":"publish","type":"post","link":"https:\/\/info-eforie.ro\/index.php\/2026\/04\/08\/vasile-costiuc-omul-lui-george-simion-in-republica-moldova-promoveaza-interesele-pro-rusului-sor-acuza-puterea\/","title":{"rendered":"Vasile Costiuc, omul lui George Simion \u00een Republica Moldova, promoveaz\u0103 interesele pro-rusului \u0218or, acuz\u0103 puterea"},"content":{"rendered":"<div>\n<p>Puterea de la Chi\u0219in\u0103u, prin intermediul lui Lilian Carp, l-a acuzat pe Vasile Costiuc, liderul PPDA, c\u0103 promoveaz\u0103 interesele pro-rusului Ilan \u0218or \u00een R. Moldova, subliniind c\u0103 candidatul forma\u021biunii pentru func\u021bia de primar al Orheiului este omul oligarhului fugar. Costiuc neag\u0103 acuza\u021biile.<\/p>\n<div><picture><source type=\"image\/webp\"  media=\"(min-width: 1400px)\"><source type=\"image\/webp\"  media=\"(min-width: 1000px)\"><source type=\"image\/webp\"  media=\"(min-width: 700px)\"><source type=\"image\/jpeg\"  media=\"(min-width: 1400px)\"><source type=\"image\/jpeg\"  media=\"(min-width: 1000px)\"><source type=\"image\/jpeg\"  media=\"(min-width: 700px)\"><img decoding=\"async\" src=\"https:\/\/cdn.adh.reperio.news\/image-a\/a188db67-0e3a-43aa-bf9e-afc4d729515d\/index.jpeg?p=a%3D1%26co%3D1.05%26w%3D700%26h%3D750%26r%3Dcontain%26f%3Dwebp\" alt=\"Vasile Costiuc neag\u0103 acuza\u021biile puterii de la Chi\u0219in\u0103u. FOTO: Facebook.com\" width=\"1400\" height=\"750\" loading=\"eager\" fetchpriority=\"high\"><\/picture>\n<p>Vasile Costiuc neag\u0103 acuza\u021biile puterii de la Chi\u0219in\u0103u. FOTO: Facebook.com<\/p>\n<\/div>\n<p>Lilian Carp, deputat al Partidului Ac\u021biune \u0219i Solidaritate (PAS) \u0219i pre\u0219edinte al Comisiei de securitate na\u021bional\u0103, ap\u0103rare \u0219i ordine public\u0103 din cadrul Parlamentului moldovean, a adus acuza\u021biile \u00een cadrul unui live pe pagina sa de Facebook.<\/p>\n<h2>Sprijinul re\u021belei \u0218or<\/h2>\n<p><i>\u201eDup\u0103 alegerile parlamentare din 2025, s-a confirmat faptul c\u0103 Costiuc a fost ajutat de re\u021beaua \u0218or s\u0103 treac\u0103 pragul electoral. Acest lucru sus\u021bine afirma\u021biile pe care le-am f\u0103cut \u00eenc\u0103 de atunci. Un argument \u00een acest sens este c\u0103, pentru func\u021bia de primar, Costiuc a \u00eenaintat din partea partidului s\u0103u un candidat apropiat de Ilan \u0218or. Este vorba despre Victor Per\u021bu, o persoan\u0103 care apare \u00een anturajul lui \u0218or \u00eenc\u0103 din 2015, informa\u021bii existente \u0219i \u00een spa\u021biul public. La 30 iulie 2015, Per\u021bu a fost numit director interimar la Ap\u0103-Canal Orhei, dup\u0103 ce fostul director, Mihai Chiperi, a fost suspendat din func\u021bie, \u00eentruc\u00e2t nu era de acord cu anumite ac\u021biuni ale lui Ilan \u0218or\u201d,<\/i> a men\u021bionat alesul puterii de la Chi\u0219in\u0103u.\u00a0<\/p>\n<h2>\u0218or nu a disp\u0103rut<\/h2>\n<p>Potrivit lui Lilian Carp, <a href=\"https:\/\/adevarul.ro\/stiri-externe\/republica-moldova\/reactia-puterii-de-la-chisinau-dupa-ce-omul-2511011.html\">Vasile Costiuc<\/a> a \u00eenaintat candidatul la func\u021bia de primar al municipiului Orhei la indica\u021bia pro-rusului Ilan \u0218or.<\/p>\n<p><i>\u201eCostiuc nu ac\u021bioneaz\u0103 independent, ci este dependent de deciziile lui Ilan \u0218or. Putem spune cu certitudine c\u0103 are o datorie politic\u0103 fa\u021b\u0103 de acesta, pe care o pl\u0103te\u0219te prin promovarea unor oameni din anturajul lui \u0218or. Un exemplu este candidatul \u00eenaintat la func\u021bia de primar, care provine din cercul apropiat al acestuia. Situa\u021bia aminte\u0219te, \u00eentr-o anumit\u0103 m\u0103sur\u0103, de ,,O scrisoare pierdut\u0103\u201d a lui Caragiale, doar c\u0103, \u00een acest caz, nu mai vorbim despre o scrisoare, ci despre un candidat pierdut, reg\u0103sit \u00een partidul lui Costiuc. Parafraz\u00e2nd cunoscutul refren, \u201eJana nu este moart\u0103, Jana se transform\u0103\u201d, putem spune c\u0103 nici \u0218or nu a disp\u0103rut, ci doar \u0219i-a schimbat forma de manifestare, reg\u0103sindu-se \u00een ac\u021biunile lui Costiuc. De aceea, este important s\u0103 r\u0103m\u00e2nem vigilen\u021bi \u0219i aten\u021bi la activitatea acestui personaj, care, \u00een opinia mea, continu\u0103 s\u0103 promoveze interesele lui Ilan \u0218or \u00een Republica Moldova\u201d,<\/i> a explicat alesul Lilian Carp.\u00a0<\/p>\n<h2>Reac\u021bia liderului PPDA<\/h2>\n<p>Vasile Costiuc, deputat \u0219i lider al Partidului Politic Democra\u021bia Acas\u0103 (<a href=\"https:\/\/adevarul.ro\/stiri-externe\/republica-moldova\/deputati-prorusi-si-proeuropeni-din-r-moldova-2519980.html\">PPDA<\/a>), a venit la scurt timp cu o replic\u0103.<\/p>\n<p><i>\u201eNu am nicio tangen\u021b\u0103 cu \u0218or, nu am nicio discu\u021bie cu el \u0219i nu am avut niciodat\u0103. \u0218or a abandonat Orheiul, a abandonat tot. S-a retras din prim\u0103rie \u0219i nu are nicio logic\u0103 ce spui tu (n.r.-Lilian Carp). Dac\u0103 \u0218or dorea s\u0103 aib\u0103 primar la Orhei, \u00eel avea \u0219i nu l\u0103sa prim\u0103ria, a\u0219a c\u0103 pove\u0219tile acestea sunt pentru copii\u201d,<\/i> a precizat Vasile Costiuc.\u00a0<\/p>\n<p>Scrutinul din municipiul Orhei va avea loc \u00een data de 17 mai, acesta fiind organizat dup\u0103 ce Tatiana Cociu, omul oligarhului fugar Ilan \u0218or, a demisionat din func\u021bie \u00een luna decembrie 2025.<\/p>\n<p>Aceasta, al\u0103turi de al\u021bi primari, a renun\u021bat la mandat \u00een urma unui <a href=\"https:\/\/adevarul.ro\/stiri-externe\/republica-moldova\/fugarul-pro-rus-ilan-sor-opreste-oferirea-2491046.html\">apel lansat de Ilan \u0218or.<\/a> Tot atunci, pro-rusul a anun\u021bat oprirea \u201ebeneficiilor sociale\u201d, anun\u021bul fiind f\u0103cut la scurt timp dup\u0103 alegerile parlamentare din Republica Moldova care au fost c\u00e2\u0219tigate de forma\u021biunea pro-european\u0103 PAS.<\/p>\n<p>\u00cen prezent, Ilan \u0218or, condamnat definitiv la \u00eenchisoare \u00een dosarul fraudei bancare de justi\u021bia de la Chi\u0219in\u0103u, se ascunde la Moscova. El este considerat principalul instrument al Kremlinului \u00een destabilizarea Republicii Moldova. Acesta neag\u0103 acuza\u021biile.\u00a0<\/p>\n<\/p><\/div>\n<p><a href=\"https:\/\/adevarul.ro\/stiri-externe\/republica-moldova\/vasile-costiuc-omul-lui-george-simion-in-2521199.html\" class=\"button purchase\" rel=\"nofollow noopener\" target=\"_blank\">Read More<\/a><\/p>\n","protected":false},"excerpt":{"rendered":"<p>Puterea de la Chi\u0219in\u0103u, prin intermediul lui Lilian Carp, l-a acuzat pe Vasile Costiuc, liderul PPDA, c\u0103 promoveaz\u0103 interesele pro-rusului Ilan \u0218or \u00een R. Moldova, [&hellip;]<\/p>\n","protected":false},"author":1,"featured_media":12679,"comment_status":"open","ping_status":"open","sticky":false,"template":"","format":"standard","meta":{"_monsterinsights_skip_tracking":false,"_monsterinsights_sitenote_active":false,"_monsterinsights_sitenote_note":"","_monsterinsights_sitenote_category":0,"footnotes":""},"categories":[6],"tags":[],"class_list":["post-12678","post","type-post","status-publish","format-standard","has-post-thumbnail","hentry","category-popular"],"aioseo_notices":[],"_links":{"self":[{"href":"https:\/\/info-eforie.ro\/index.php\/wp-json\/wp\/v2\/posts\/12678","targetHints":{"allow":["GET"]}}],"collection":[{"href":"https:\/\/info-eforie.ro\/index.php\/wp-json\/wp\/v2\/posts"}],"about":[{"href":"https:\/\/info-eforie.ro\/index.php\/wp-json\/wp\/v2\/types\/post"}],"author":[{"embeddable":true,"href":"https:\/\/info-eforie.ro\/index.php\/wp-json\/wp\/v2\/users\/1"}],"replies":[{"embeddable":true,"href":"https:\/\/info-eforie.ro\/index.php\/wp-json\/wp\/v2\/comments?post=12678"}],"version-history":[{"count":0,"href":"https:\/\/info-eforie.ro\/index.php\/wp-json\/wp\/v2\/posts\/12678\/revisions"}],"wp:featuredmedia":[{"embeddable":true,"href":"https:\/\/info-eforie.ro\/index.php\/wp-json\/wp\/v2\/media\/12679"}],"wp:attachment":[{"href":"https:\/\/info-eforie.ro\/index.php\/wp-json\/wp\/v2\/media?parent=12678"}],"wp:term":[{"taxonomy":"category","embeddable":true,"href":"https:\/\/info-eforie.ro\/index.php\/wp-json\/wp\/v2\/categories?post=12678"},{"taxonomy":"post_tag","embeddable":true,"href":"https:\/\/info-eforie.ro\/index.php\/wp-json\/wp\/v2\/tags?post=12678"}],"curies":[{"name":"wp","href":"https:\/\/api.w.org\/{rel}","templated":true}]}}