{"id":12666,"date":"2026-04-07T07:56:58","date_gmt":"2026-04-07T07:56:58","guid":{"rendered":"https:\/\/info-eforie.ro\/index.php\/2026\/04\/07\/mojtaba-khamenei-acuza-sua-de-crime-impotriva-umanitatii-dupa-ce-trump-a-amenintat-ca-trimite-iranul-in-epoca-de-piatra\/"},"modified":"2026-04-07T07:56:58","modified_gmt":"2026-04-07T07:56:58","slug":"mojtaba-khamenei-acuza-sua-de-crime-impotriva-umanitatii-dupa-ce-trump-a-amenintat-ca-trimite-iranul-in-epoca-de-piatra","status":"publish","type":"post","link":"https:\/\/info-eforie.ro\/index.php\/2026\/04\/07\/mojtaba-khamenei-acuza-sua-de-crime-impotriva-umanitatii-dupa-ce-trump-a-amenintat-ca-trimite-iranul-in-epoca-de-piatra\/","title":{"rendered":"Mojtaba Khamenei acuz\u0103 SUA de crime \u00eempotriva umanit\u0103\u021bii dup\u0103 ce Trump a amenin\u021bat c\u0103 trimite Iranul \u00een \u201eepoca de piatr\u0103\u201d"},"content":{"rendered":"<div>\n<p>Mojtaba Khamenei a dat publicit\u0103\u021bii o declara\u021bie prin care condamn\u0103 SUA \u0219i Israelul pentru atacurile lor repetate asupra infrastructurii civile din Iran, afirm\u00e2nd c\u0103 \u201einamicul declar\u0103 f\u0103r\u0103 scrupule c\u0103 dore\u0219te s\u0103 readuc\u0103 Iranul \u00een Epoca de Piatr\u0103\u201d.<\/p>\n<div><picture><source type=\"image\/webp\"  media=\"(min-width: 1400px)\"><source type=\"image\/webp\"  media=\"(min-width: 1000px)\"><source type=\"image\/webp\"  media=\"(min-width: 700px)\"><source type=\"image\/jpeg\"  media=\"(min-width: 1400px)\"><source type=\"image\/jpeg\"  media=\"(min-width: 1000px)\"><source type=\"image\/jpeg\"  media=\"(min-width: 700px)\"><img decoding=\"async\" src=\"https:\/\/cdn.adh.reperio.news\/image-0\/0e61d4ff-06b6-48ad-9363-43174cae73e8\/index.jpeg?p=a%3D1%26co%3D1.05%26w%3D700%26h%3D750%26r%3Dcontain%26f%3Dwebp\" alt=\"Mojtaba Khamenei FOTO: Facebook\/Iran Military\" width=\"1400\" height=\"750\" loading=\"eager\" fetchpriority=\"high\"><\/picture>\n<p>Mojtaba Khamenei FOTO: Facebook\/Iran Military<\/p>\n<\/div>\n<p>Mojtaba Khamenei a transmis o declara\u021bie \u00een care condamn\u0103 Statele Unite \u0219i Israelul pentru atacurile continue asupra infrastructurii civile din Iran, afirm\u00e2nd c\u0103 <i>\u201einamicul spune \u00een mod iresponsabil c\u0103 vrea s\u0103 readuc\u0103 Iranul \u00een Epoca de Piatr\u0103\u201d<\/i> prin ofensiva sa, scrie <a href=\"https:\/\/www.aljazeera.com\/news\/liveblog\/2026\/4\/6\/iran-war-live-tehran-rejects-trumps-tuesday-deadline-on-strait-of-hormuz?fbclid=IwY2xjawRAx9JleHRuA2FlbQIxMABicmlkETFvMmc5MjFZVEVkbWVwYm9rc3J0YwZhcHBfaWQQMjIyMDM5MTc4ODIwMDg5MgABHiKGYFS-ZoTD8Lxbp6KZwJDHIM-ohTyrFvMYKVjjJVht5SlMaen_Fu3p8tJu_aem_tJzQ6vmtFo3bMyHQ0PXl4w&#038;update=4466973\" rel=\"nofollow\">Al Jazeera.<\/a><\/p>\n<p>Atacurile SUA-Israel asupra podurilor, centralelor electrice, \u0219colilor \u0219i altor obiective iraniene <i>\u201esunt manifest\u0103ri ale unei crime \u00eempotriva umanit\u0103\u021bii pe care guvernul SUA \u0219i regimul criminal israelian au comis-o<\/i>\u201d, <a href=\"https:\/\/adevarul.ro\/stiri-externe\/in-lume\/alerta-pe-retele-un-videoclip-viral-il-arata-pe-2520715.html\">a spus Mojtaba \u00eentr-o declara\u021bie<\/a> difuzat\u0103 de mass-media iranian\u0103.<\/p>\n<p><i>\u201eEste regretabil c\u0103 bat din ce \u00een ce mai tare toba r\u0103zboiului, a amenin\u021b\u0103rilor \u0219i a distrugerii \u00een fiecare zi,<\/i><a href=\"https:\/\/adevarul.ro\/stiri-externe\/in-lume\/mojtaba-khamenei-cere-razbunare-dupa-moartea-2516222.html\"> \u00een timp ce institu\u021biile interna\u021bionale r\u0103m\u00e2n t\u0103cute<\/a><i> \u0219i indiferente, \u0219i poate chiar complice la agresiune, devenind partenere la aprinderea acestui foc<\/i>\u201d, a spus\u00a0Mojtaba Khamenei.<\/p>\n<p>\u00cen urm\u0103 cu c\u00e2teva zile, Trump a indicat c\u0103 SUA sunt<br \/>\npreg\u0103tite s\u0103 intensifice opera\u021biunile militare \u00een urm\u0103toarele dou\u0103-trei<br \/>\ns\u0103pt\u0103m\u00e2ni.<\/p>\n<p><i>\u201e\u00cei vom lovi extrem de dur \u00een urm\u0103toarele dou\u0103-trei<br \/>\ns\u0103pt\u0103m\u00e2ni. \u00cei vom duce \u00eenapoi \u00een epoca de piatr\u0103, acolo unde le este locul\u201d<\/i>,<br \/>\na declarat el.<\/p>\n<\/p><\/div>\n<p><a href=\"https:\/\/adevarul.ro\/stiri-externe\/in-lume\/mojtaba-khamenei-acuza-sua-de-crime-impotriva-2520879.html\" class=\"button purchase\" rel=\"nofollow noopener\" target=\"_blank\">Read More<\/a><\/p>\n","protected":false},"excerpt":{"rendered":"<p>Mojtaba Khamenei a dat publicit\u0103\u021bii o declara\u021bie prin care condamn\u0103 SUA \u0219i Israelul pentru atacurile lor repetate asupra infrastructurii civile din Iran, afirm\u00e2nd c\u0103 \u201einamicul [&hellip;]<\/p>\n","protected":false},"author":1,"featured_media":12667,"comment_status":"open","ping_status":"open","sticky":false,"template":"","format":"standard","meta":{"_monsterinsights_skip_tracking":false,"_monsterinsights_sitenote_active":false,"_monsterinsights_sitenote_note":"","_monsterinsights_sitenote_category":0,"footnotes":""},"categories":[6],"tags":[],"class_list":["post-12666","post","type-post","status-publish","format-standard","has-post-thumbnail","hentry","category-popular"],"aioseo_notices":[],"_links":{"self":[{"href":"https:\/\/info-eforie.ro\/index.php\/wp-json\/wp\/v2\/posts\/12666","targetHints":{"allow":["GET"]}}],"collection":[{"href":"https:\/\/info-eforie.ro\/index.php\/wp-json\/wp\/v2\/posts"}],"about":[{"href":"https:\/\/info-eforie.ro\/index.php\/wp-json\/wp\/v2\/types\/post"}],"author":[{"embeddable":true,"href":"https:\/\/info-eforie.ro\/index.php\/wp-json\/wp\/v2\/users\/1"}],"replies":[{"embeddable":true,"href":"https:\/\/info-eforie.ro\/index.php\/wp-json\/wp\/v2\/comments?post=12666"}],"version-history":[{"count":0,"href":"https:\/\/info-eforie.ro\/index.php\/wp-json\/wp\/v2\/posts\/12666\/revisions"}],"wp:featuredmedia":[{"embeddable":true,"href":"https:\/\/info-eforie.ro\/index.php\/wp-json\/wp\/v2\/media\/12667"}],"wp:attachment":[{"href":"https:\/\/info-eforie.ro\/index.php\/wp-json\/wp\/v2\/media?parent=12666"}],"wp:term":[{"taxonomy":"category","embeddable":true,"href":"https:\/\/info-eforie.ro\/index.php\/wp-json\/wp\/v2\/categories?post=12666"},{"taxonomy":"post_tag","embeddable":true,"href":"https:\/\/info-eforie.ro\/index.php\/wp-json\/wp\/v2\/tags?post=12666"}],"curies":[{"name":"wp","href":"https:\/\/api.w.org\/{rel}","templated":true}]}}