{"id":12648,"date":"2026-04-07T07:56:39","date_gmt":"2026-04-07T07:56:39","guid":{"rendered":"https:\/\/info-eforie.ro\/index.php\/2026\/04\/07\/cine-l-a-vizitat-luni-pe-mircea-lucescu-la-spital-si-a-facut-aparitia-pentru-a-doua-oara-intr-o-zi\/"},"modified":"2026-04-07T07:56:39","modified_gmt":"2026-04-07T07:56:39","slug":"cine-l-a-vizitat-luni-pe-mircea-lucescu-la-spital-si-a-facut-aparitia-pentru-a-doua-oara-intr-o-zi","status":"publish","type":"post","link":"https:\/\/info-eforie.ro\/index.php\/2026\/04\/07\/cine-l-a-vizitat-luni-pe-mircea-lucescu-la-spital-si-a-facut-aparitia-pentru-a-doua-oara-intr-o-zi\/","title":{"rendered":"Cine l-a vizitat luni pe Mircea Lucescu la spital! \u0218i-a f\u0103cut apari\u021bia pentru a doua oar\u0103 \u00eentr-o zi"},"content":{"rendered":"<div>\n<p>Fostul selec\u021bioner al Rom\u00e2niei a suferit un infarct miocardic acut \u00een cursul zilei de vineri, la doar c\u00e2teva zile dup\u0103 ce a stat pe banca primei reprezentative la barajul cu Turcia, scor 0-1. <\/p>\n<h2>Mugur, dou\u0103 vizite \u00eentr-o singur\u0103 zi la spitalul \u00een care se afl\u0103 Mircea Lucescu<\/h2>\n<p>To\u021bi apropia\u021bii lui Mircea Lucescu s-au str\u00e2ns \u0219i \u00eei sunt aproape legendarului antrenor care se lupt\u0103 pentru via\u021ba sa, dup\u0103 ce a fost plasat \u00een com\u0103 indus\u0103 de c\u0103tre medici. Inclusiv R\u0103zvan Lucescu, fiul antrenorului, a venit \u00een Rom\u00e2nia cu un avion privat imediat dup\u0103 remiza dintre PAOK, echipa pe care o preg\u0103te\u0219te, \u0219i Panathinaikos. <\/p>\n<p>\u00cen cursul zilei de luni, la Spitalul Universitar \u0219i-a f\u0103cut apari\u021bia \u00een dou\u0103 r\u00e2nduri \u0219i Mugur, apropiatul \u0219i m\u00e2na dreapt\u0103 a lui Mircea Lucescu. Dac\u0103 la prima vizit\u0103, acesta a petrecut aproximativ 20 de minute la spital, Mugur s-a \u00eentors \u00een jurul orei 12:30. <\/p>\n<\/div>\n<div>\n<h2><strong>R\u0103zvan Lucescu: \u201dE o situa\u021bie grea!\u201d<\/strong><\/h2>\n<p>\u00censo\u021bit de familie, R\u0103zvan Lucescu l-a vizitat pe tat\u0103l s\u0103u la Spitalul Universitar. La plecare, antrenorul lui PAOK a f\u0103cut o scurt\u0103 declara\u021bie.<\/p>\n<p><strong>&#8222;E o situa\u021bie grea \u0219i v\u0103 rog mult s\u0103 \u00eencerca\u021bi s\u0103 respecta\u021bi acest moment.\u00a0Sunt cei de la spital care \u0219tiu cel mai bine s\u0103 explice. Dau comunicate atunci c\u00e2nd este nevoie \u0219i c\u00e2nd simt c\u0103 e momentul. \u00cen\u021belege\u021bi asta. Nu e simplu deloc. V\u0103 mul\u021bumesc&#8221;<\/strong>, a transmis R\u0103zvan Lucescu.<\/p>\n<\/div>\n<p><a href=\"https:\/\/www.sport.ro\/fotbal-intern\/cine-l-a-vizitat-luni-pe-mircea-lucescu-la-spital-si-a-facut-aparitia-pentru-a-doua-oara-intr-o-zi.html\" class=\"button purchase\" rel=\"nofollow noopener\" target=\"_blank\">Read More<\/a><\/p>\n","protected":false},"excerpt":{"rendered":"<p>Fostul selec\u021bioner al Rom\u00e2niei a suferit un infarct miocardic acut \u00een cursul zilei de vineri, la doar c\u00e2teva zile dup\u0103 ce a stat pe banca [&hellip;]<\/p>\n","protected":false},"author":1,"featured_media":12649,"comment_status":"open","ping_status":"open","sticky":false,"template":"","format":"standard","meta":{"_monsterinsights_skip_tracking":false,"_monsterinsights_sitenote_active":false,"_monsterinsights_sitenote_note":"","_monsterinsights_sitenote_category":0,"footnotes":""},"categories":[7],"tags":[],"class_list":["post-12648","post","type-post","status-publish","format-standard","has-post-thumbnail","hentry","category-sports"],"aioseo_notices":[],"_links":{"self":[{"href":"https:\/\/info-eforie.ro\/index.php\/wp-json\/wp\/v2\/posts\/12648","targetHints":{"allow":["GET"]}}],"collection":[{"href":"https:\/\/info-eforie.ro\/index.php\/wp-json\/wp\/v2\/posts"}],"about":[{"href":"https:\/\/info-eforie.ro\/index.php\/wp-json\/wp\/v2\/types\/post"}],"author":[{"embeddable":true,"href":"https:\/\/info-eforie.ro\/index.php\/wp-json\/wp\/v2\/users\/1"}],"replies":[{"embeddable":true,"href":"https:\/\/info-eforie.ro\/index.php\/wp-json\/wp\/v2\/comments?post=12648"}],"version-history":[{"count":0,"href":"https:\/\/info-eforie.ro\/index.php\/wp-json\/wp\/v2\/posts\/12648\/revisions"}],"wp:featuredmedia":[{"embeddable":true,"href":"https:\/\/info-eforie.ro\/index.php\/wp-json\/wp\/v2\/media\/12649"}],"wp:attachment":[{"href":"https:\/\/info-eforie.ro\/index.php\/wp-json\/wp\/v2\/media?parent=12648"}],"wp:term":[{"taxonomy":"category","embeddable":true,"href":"https:\/\/info-eforie.ro\/index.php\/wp-json\/wp\/v2\/categories?post=12648"},{"taxonomy":"post_tag","embeddable":true,"href":"https:\/\/info-eforie.ro\/index.php\/wp-json\/wp\/v2\/tags?post=12648"}],"curies":[{"name":"wp","href":"https:\/\/api.w.org\/{rel}","templated":true}]}}