{"id":12632,"date":"2026-04-06T07:55:22","date_gmt":"2026-04-06T07:55:22","guid":{"rendered":"https:\/\/info-eforie.ro\/index.php\/2026\/04\/06\/ce-a-avut-de-zis-galca-dupa-ce-marius-bilasco-a-semnat-cu-rapid\/"},"modified":"2026-04-06T07:55:22","modified_gmt":"2026-04-06T07:55:22","slug":"ce-a-avut-de-zis-galca-dupa-ce-marius-bilasco-a-semnat-cu-rapid","status":"publish","type":"post","link":"https:\/\/info-eforie.ro\/index.php\/2026\/04\/06\/ce-a-avut-de-zis-galca-dupa-ce-marius-bilasco-a-semnat-cu-rapid\/","title":{"rendered":"Ce a avut de zis G\u00e2lc\u0103 dup\u0103 ce Marius Bila\u0219co a semnat cu Rapid"},"content":{"rendered":"<div>\n<p>Giule\u0219tenii l-au adus pe <a href=\"https:\/\/www.sport.ro\/liga-1\/marius-bilasco-a-semnat-cu-rapid-ce-functie-va-ocupa-prima-reactie-ambitiile-sunt-mari.html\" rel=\"noopener noreferrer\"><strong>Marius Bila\u0219co<\/strong><\/a> de la CFR Cluj pe postul de director sportiv adjunct, p\u00e2n\u0103 c\u00e2nd italianul Mauro Pederzoli va pleca din Grant, iar fostul interna\u021bional rom\u00e2n \u00eei va prelua atribu\u021biile \u00een totalitate.<\/p>\n<h2><strong>Ce a avut de zis G\u00e2lc\u0103 dup\u0103 ce Marius Bila\u0219co a semnat cu Rapid<\/strong><\/h2>\n<p><a href=\"https:\/\/www.sport.ro\/liga-1\/ilie-dumitrescu-aplauda-mutarile-de-la-un-club-din-play-off-si-au-facut-echipa.html\" rel=\"noopener noreferrer\"><strong>Rapid<\/strong><\/a> prime\u0219te vizita celor de la \u201dU\u201d Cluj duminic\u0103 sear\u0103, de la ora 20:30, iar la conferin\u021ba de pres\u0103 premerg\u0103toare confrunt\u0103rii, Costel G\u00e2lc\u0103, \u201dprincipalul\u201d din Grant, a fost \u00eentrebat, printre altele, \u0219i despre venirea lui Bila\u0219co.<\/p>\n<p>G\u00e2lc\u0103 a explicat c\u0103 Bila\u0219co st\u0103p\u00e2ne\u0219te tot ce se petrece \u00een campionatul Rom\u00e2niei \u0219i c\u0103 are experien\u021b\u0103. Tehnicianul Rapidului nu l-a uitat \u00eens\u0103 nici pe Mauro Pederzoli, despre care a sugerat c\u0103 are experien\u021b\u0103 interna\u021bional\u0103.<\/p>\n<p><strong>\u201dDoar am vorbit cu Marius Bila\u0219co, vine cu multe lucruri, e de mult timp \u00een campionatul rom\u00e2nesc, \u00eel cunoa\u0219te, dar \u0219i Mauro are o experien\u021b\u0103 interna\u021bional\u0103 foarte mare. A contribuit la aducerea juc\u0103torilor, la rezultate, are experien\u021b\u0103 destul de mare\u201d<\/strong>, a spus G\u00e2lc\u0103.<\/p>\n<h2><strong>Prima reac\u021bie a lui Bila\u0219co dup\u0103 ce a semnat cu Rapid: \u201dAmbi\u021biile sunt mari\u201d<\/strong><\/h2>\n<p>Dup\u0103 ce s-a retras din fotbal, \u00een 2013, chiar la Rapid, fostul interna\u021bional rom\u00e2n a preluat func\u021bia de director sportiv din cadrul clubului CFR Cluj \u00een vara lui 2018.<\/p>\n<p>A activat la gruparea ardelean\u0103 p\u00e2n\u0103 acum. La Rapid a fost prezentat drept director sportiv adjunct, \u00een ciuda faptului c\u0103 s-a vehiculat c\u0103 ar fi urmat s\u0103 preia departamentul de scouting.<\/p>\n<p><strong>\u201dM\u0103 bucur c\u0103 am revenit la Rapid \u00eentr-un moment at\u00e2t de important. Reg\u0103sesc Rapidul mai organizat \u0219i cu ambi\u021bii mari. Suporterii au fost \u00eentotdeauna l\u00e2ng\u0103 echip\u0103 \u0219i au \u00eencurajat-o \u0219i la bine \u0219i la greu \u0219i sunt convins ca o vor face cu la fel de mult\u0103 pasiune ca \u0219i p\u00e2n\u0103 acum. Am convigerea c\u0103 b\u0103ie\u021bii \u0219i staff-ul le vor r\u0103spl\u0103ti aceast\u0103 sus\u021binere. Doar \u00eempreun\u0103 vom reu\u0219i s\u0103 ob\u021binem performan\u021be! Hai, Rapid!\u201d<\/strong>, este prima reac\u021bie a lui Bila\u0219co.<\/p>\n<p>Din sezonul viitor, Bila\u0219co va prelua func\u021bia de director sportiv, prelu\u00e2nd atribu\u021biile de la Mauro Pederzoli, oficialul adus \u00een Giule\u0219ti vara trecut\u0103, dar care nu l-a impresionat pe Dan \u0218ucu.<\/p>\n<p><strong>\u201dBila\u0219co vine la Rapid dup\u0103 o perioad\u0103 de succes petrecut\u0103 la CFR Cluj, club la care a activat \u00eencep\u00e2nd cu anul 2017, iar din 2018 a ocupat func\u021bia de director sportiv. \u00cen aceast\u0103 perioad\u0103, a contribuit la una dintre cele mai dominante etape din istoria recent\u0103 a clubului ardelean, cu 5 titluri de campioan\u0103, o Cup\u0103 a Rom\u00e2niei \u0219i dou\u0103 Supercupe c\u00e2\u0219tigate.<\/strong><\/p>\n<p><strong>Ca juc\u0103tor, Marius Bila\u0219co a avut o carier\u0103 solid\u0103 at\u00e2t \u00een Rom\u00e2nia, c\u00e2t \u0219i \u00een str\u0103in\u0103tate, iar finalul carierei l-a g\u0103sit chiar \u00een tricoul Rapidului, \u00een 2012. Ultimul s\u0103u meci din carier\u0103 a avut loc pe 27 octombrie 2012: Concordia Chiajna \u2013 Rapid 0-0<\/strong><\/p>\n<p><strong>Bine ai revenit \u00een familia Rapid, Marius!\u201d<\/strong>, se arat\u0103 \u00een comunicatul emis de Rapid.<\/p>\n<h2><strong>Cum arat\u0103 play-off-ul<\/strong><\/h2>\n<\/div>\n<p><a href=\"https:\/\/www.sport.ro\/liga-1\/ce-a-avut-de-zis-galca-dupa-ce-marius-bilasco-a-semnat-cu-rapid.html\" class=\"button purchase\" rel=\"nofollow noopener\" target=\"_blank\">Read More<\/a><\/p>\n","protected":false},"excerpt":{"rendered":"<p>Giule\u0219tenii l-au adus pe Marius Bila\u0219co de la CFR Cluj pe postul de director sportiv adjunct, p\u00e2n\u0103 c\u00e2nd italianul Mauro Pederzoli va pleca din Grant, [&hellip;]<\/p>\n","protected":false},"author":1,"featured_media":12633,"comment_status":"open","ping_status":"open","sticky":false,"template":"","format":"standard","meta":{"_monsterinsights_skip_tracking":false,"_monsterinsights_sitenote_active":false,"_monsterinsights_sitenote_note":"","_monsterinsights_sitenote_category":0,"footnotes":""},"categories":[7],"tags":[],"class_list":["post-12632","post","type-post","status-publish","format-standard","has-post-thumbnail","hentry","category-sports"],"aioseo_notices":[],"_links":{"self":[{"href":"https:\/\/info-eforie.ro\/index.php\/wp-json\/wp\/v2\/posts\/12632","targetHints":{"allow":["GET"]}}],"collection":[{"href":"https:\/\/info-eforie.ro\/index.php\/wp-json\/wp\/v2\/posts"}],"about":[{"href":"https:\/\/info-eforie.ro\/index.php\/wp-json\/wp\/v2\/types\/post"}],"author":[{"embeddable":true,"href":"https:\/\/info-eforie.ro\/index.php\/wp-json\/wp\/v2\/users\/1"}],"replies":[{"embeddable":true,"href":"https:\/\/info-eforie.ro\/index.php\/wp-json\/wp\/v2\/comments?post=12632"}],"version-history":[{"count":0,"href":"https:\/\/info-eforie.ro\/index.php\/wp-json\/wp\/v2\/posts\/12632\/revisions"}],"wp:featuredmedia":[{"embeddable":true,"href":"https:\/\/info-eforie.ro\/index.php\/wp-json\/wp\/v2\/media\/12633"}],"wp:attachment":[{"href":"https:\/\/info-eforie.ro\/index.php\/wp-json\/wp\/v2\/media?parent=12632"}],"wp:term":[{"taxonomy":"category","embeddable":true,"href":"https:\/\/info-eforie.ro\/index.php\/wp-json\/wp\/v2\/categories?post=12632"},{"taxonomy":"post_tag","embeddable":true,"href":"https:\/\/info-eforie.ro\/index.php\/wp-json\/wp\/v2\/tags?post=12632"}],"curies":[{"name":"wp","href":"https:\/\/api.w.org\/{rel}","templated":true}]}}