{"id":12570,"date":"2026-04-04T07:55:07","date_gmt":"2026-04-04T07:55:07","guid":{"rendered":"https:\/\/info-eforie.ro\/index.php\/2026\/04\/04\/4-aprilie-ziua-primului-bombardament-al-aviatiei-anglo-americane-asupra-bucurestiului-in-1949-aparea-nato\/"},"modified":"2026-04-04T07:55:07","modified_gmt":"2026-04-04T07:55:07","slug":"4-aprilie-ziua-primului-bombardament-al-aviatiei-anglo-americane-asupra-bucurestiului-in-1949-aparea-nato","status":"publish","type":"post","link":"https:\/\/info-eforie.ro\/index.php\/2026\/04\/04\/4-aprilie-ziua-primului-bombardament-al-aviatiei-anglo-americane-asupra-bucurestiului-in-1949-aparea-nato\/","title":{"rendered":"4 aprilie, ziua primului bombardament al avia\u021biei anglo-americane asupra Bucure\u0219tiului. \u00cen 1949 ap\u0103rea NATO"},"content":{"rendered":"<div>\n<p>Pe 4 aprilie, \u00een 1932, s-a n\u0103scut starul american Anthony Perkins, iar \u00een 1933, actorul rom\u00e2n \u015etefan Tapalag\u0103. \u00cen aceea\u0219i zi din calendar, dar dou\u0103 decenii mai t\u00e2rziu, a murit Carol al II-lea de Hohenzollern.  4 aprilie este \u0219i data la care, \u00een 1944, a avut loc primul bombardament al avia\u021biei anglo-americane\u00a0asupra Bucure\u0219tiului, soldat cu 3.000 mor\u021bi.<\/p>\n<div data-props=\"%7B%22data%22%3A%7B%22caption%22%3A%22%22%2C%22embed%22%3A%22https%3A%2F%2Fwww.youtube.com%2Fembed%2F6AlPjEfir9k%22%2C%22height%22%3A320%2C%22service%22%3A%22youtube%22%2C%22source%22%3A%22https%3A%2F%2Fyoutu.be%2F6AlPjEfir9k%22%2C%22width%22%3A580%7D%2C%22id%22%3A%22lZeC3J3UjM%22%2C%22type%22%3A%22embed%22%2C%22lines%22%3A10%2C%22linesAbove%22%3A16%2C%22index%22%3A1%2C%22paragraphsAbove%22%3A1%2C%22percentage%22%3A0.03855421686746988%2C%22linesBellow%22%3A399%7D\" data-context=\"%7B%22parentBlockColumnCount%22%3A%7B%22value%22%3A0%2C%22type%22%3A%22store%2Freadable%22%7D%2C%22parentBlockBackgroundColor%22%3A%7B%22type%22%3A%22store%2Freadable%22%7D%7D\" data-component=\"EditorEmbedViewDefault\">\n<p><iframe src=\"https:\/\/www.youtube.com\/embed\/6AlPjEfir9k\" width=\"580\" allowfullscreen title=\"embed media\" loading=\"lazy\"><\/iframe><\/p>\n<\/div>\n<h2>186: s-a n\u0103scut \u00eemp\u0103ratul roman Caracalla <\/h2>\n<p><a href=\"https:\/\/adevarul.ro\/istoria-zilei\/4-aprilie-1944-ziua-in-care-aproape-3000-de-2351388.html\">Caracalla, fiul \u00eemp\u0103ratului Septimius Severus,<\/a> a r\u0103mas \u00een istorie ca un lider cu abilit\u0103\u021bi militare remarcabile. De\u0219i \u00eel detesta, istoricul \u0219i senatorul Dio Cassius nota c\u0103 acesta era bine preg\u0103tit \u00een artele r\u0103zboiului. \u00cen Istoria roman\u0103 (cartea LXXXII, 11), el scria c\u0103 Severus \u201e<i>\u00eel instruise \u00een toate ramurile educa\u021biei fizice \u0219i intelectuale<\/i>\u201d, \u00eens\u0103 Caracalla \u201e<i>uitase disciplinele umaniste\u201d<\/i>. Se spunea despre el c\u0103 era pasionat de sport \u0219i lupte: \u201ediminea\u021ba se lupta cu un urs; la mas\u0103 m\u00e2nca al\u0103turi de un tigru; seara dormea \u00eentre labele unui leu\u201d.<\/p>\n<p>Caracalla a participat la campaniile militare din Britania, apoi \u00een Germania, \u00eempotriva cel\u021bilor \u0219i a triburilor barbare de la nord de Pannonia.<\/p>\n<p>De asemenea, a efectuat inspec\u021bii \u00een provinciile Pannonia, Dacia, Thracia \u0219i \u00een teritoriile orientale ale Imperiului.<\/p>\n<h2>1932:\u00a0 S-a n\u0103scut actorul american\u00a0Anthony Perkins<\/h2>\n<p>Actorul american de teatru, film \u0219i televiziune, nominalizat la Premiile Oscar s-a n\u0103scut pe 4 aprilie 1932, la New York.<\/p>\n<div data-props=\"%7B%22data%22%3A%7B%22caption%22%3A%22%22%2C%22embed%22%3A%22https%3A%2F%2Fwww.youtube.com%2Fembed%2Fin19qqm6708%22%2C%22height%22%3A320%2C%22service%22%3A%22youtube%22%2C%22source%22%3A%22https%3A%2F%2Fyoutu.be%2Fin19qqm6708%22%2C%22width%22%3A580%7D%2C%22id%22%3A%22geY-7OsnLj%22%2C%22type%22%3A%22embed%22%2C%22lines%22%3A10%2C%22linesAbove%22%3A56%2C%22index%22%3A8%2C%22paragraphsAbove%22%3A5%2C%22percentage%22%3A0.13493975903614458%2C%22linesBellow%22%3A359%7D\" data-context=\"%7B%22parentBlockColumnCount%22%3A%7B%22value%22%3A0%2C%22type%22%3A%22store%2Freadable%22%7D%2C%22parentBlockBackgroundColor%22%3A%7B%22type%22%3A%22store%2Freadable%22%7D%7D\" data-component=\"EditorEmbedViewDefault\">\n<p><iframe src=\"https:\/\/www.youtube.com\/embed\/in19qqm6708\" width=\"580\" allowfullscreen title=\"embed media\" loading=\"lazy\"><\/iframe><\/p>\n<\/div>\n<p>Perkins a r\u0103mas \u00een memoria publicului mai ales datorit\u0103 interpret\u0103rii lui Norman Bates \u00een capodopera lui Alfred Hitchcock, Psycho. <\/p>\n<p>A avut \u00eens\u0103 \u0219i alte roluri notabile, printre care cel al lui Philip Van Der Besh \u00een filmul \u201e<i>V\u0103 place Brahms?\u201d<\/i>, \u00een care a jucat al\u0103turi de Ingrid Bergman \u0219i Yves Montand, \u00een regia lui Anatole Litvak, potrivit Wikipedia.<\/p>\n<p>Pentru aceast\u0103 interpretare, actorul a primit \u00een 1961 Premiul pentru cel mai bun actor la Festivalul de la Cannes.<\/p>\n<div data-props=\"%7B%22data%22%3A%7B%22caption%22%3A%22%22%2C%22embed%22%3A%22https%3A%2F%2Fwww.youtube.com%2Fembed%2F4-EwNHerlko%22%2C%22height%22%3A320%2C%22service%22%3A%22youtube%22%2C%22source%22%3A%22https%3A%2F%2Fyoutu.be%2F4-EwNHerlko%22%2C%22width%22%3A580%7D%2C%22id%22%3A%22RW3zEtCe01%22%2C%22type%22%3A%22embed%22%2C%22lines%22%3A10%2C%22linesAbove%22%3A75%2C%22index%22%3A12%2C%22paragraphsAbove%22%3A8%2C%22percentage%22%3A0.18072289156626506%2C%22linesBellow%22%3A340%7D\" data-context=\"%7B%22parentBlockColumnCount%22%3A%7B%22value%22%3A0%2C%22type%22%3A%22store%2Freadable%22%7D%2C%22parentBlockBackgroundColor%22%3A%7B%22type%22%3A%22store%2Freadable%22%7D%7D\" data-component=\"EditorEmbedViewDefault\">\n<p><iframe src=\"https:\/\/www.youtube.com\/embed\/4-EwNHerlko\" width=\"580\" allowfullscreen title=\"embed media\" loading=\"lazy\"><\/iframe><\/p>\n<\/div>\n<p>Celebrul actor a murit pe 12 septembrie 1992, \u00een Los Angeles.<\/p>\n<h2>1933: s-a n\u0103scut actorul \u015etefan Tapalag\u0103\u00a0<\/h2>\n<p>\u0218tefan Tapalag\u0103 a venit pe lume la Dorohoi \u0219i a absolvit Institutul de Art\u0103 Teatral\u0103 \u0219i Cinematografic\u0103 \u00een 1961. Ulterior, a plecat la Paris, unde a studiat pantomima sub \u00eendrumarea lui Jacque Lecqoc. De-a lungul carierei, a interpretat un num\u0103r impresionant de roluri \u00een sute de spectacole, dintre care amintim: Z\u0103p\u0103citul de Moli\u00e8re, Rinocerii de Eugen Ionescu, Fizicienii de D\u00fcrrenmatt, Livada cu vi\u0219ini de Cehov, Casa inimilor sf\u0103r\u00e2mate de G.B. Shaw, Troilus \u0219i Cressida de Shakespeare, M\u0103tr\u0103guna de Machiavelli \u0219i multe altele.<\/p>\n<div data-props=\"%7B%22data%22%3A%7B%22caption%22%3A%22%22%2C%22embed%22%3A%22https%3A%2F%2Fwww.youtube.com%2Fembed%2FH9ipA0fY0sE%22%2C%22height%22%3A320%2C%22service%22%3A%22youtube%22%2C%22source%22%3A%22https%3A%2F%2Fwww.youtube.com%2Fwatch%3Fv%3DH9ipA0fY0sE%22%2C%22width%22%3A580%7D%2C%22id%22%3A%227h3J6jf1vo%22%2C%22type%22%3A%22embed%22%2C%22lines%22%3A10%2C%22linesAbove%22%3A101%2C%22index%22%3A16%2C%22paragraphsAbove%22%3A10%2C%22percentage%22%3A0.2433734939759036%2C%22linesBellow%22%3A314%7D\" data-context=\"%7B%22parentBlockColumnCount%22%3A%7B%22value%22%3A0%2C%22type%22%3A%22store%2Freadable%22%7D%2C%22parentBlockBackgroundColor%22%3A%7B%22type%22%3A%22store%2Freadable%22%7D%7D\" data-component=\"EditorEmbedViewDefault\">\n<p><iframe src=\"https:\/\/www.youtube.com\/embed\/H9ipA0fY0sE\" width=\"580\" allowfullscreen title=\"embed media\" loading=\"lazy\"><\/iframe><\/p>\n<\/div>\n<p>A debutat \u00een cinematografie cu filmul \u201e<i>Alo? A\u021bi gre\u0219it num\u0103rul<\/i>\u201c (1958). Filmele <i>\u201eNu vreau s\u0103 m\u0103 \u00eensor\u201c <\/i>(1960) \u0219i<i> \u201ePa\u0219i spre Lun\u0103<\/i>\u201c (1963) i-au adus consacrarea pe marele ecran. Printre celelalte apari\u021bii notabile se num\u0103r\u0103 <i>Brigada Diverse \u00een alert\u0103 (1971), Dimitrie Cantemir (1974), Cercul magic (1975)<\/i> \u0219i alte produc\u021bii importante.<\/p>\n<h2>1944: aproape 3.000 de oameni uci\u0219i \u00een primul bombardament al avia\u021biei anglo-americane asupra Bucure\u0219tiului<\/h2>\n<p>Atacul din data de 4 aprilie 1944\u00a0 a fost executat cu 313 bombardiere escortate de 119 avioane de v\u00e2n\u0103toare . Obiectivul misiunii a fost \u201ethe marshalling yards at Bucharest, Romania\u201d, adic\u0103 atacul asupra complexului de c\u0103i ferate Gara de Nord, <a href=\"https:\/\/historia.ro\/sectiune\/calendar\/calendar-4-aprilie-1944-aproape-3000-de-566504.html\">scrie Historia. <\/a><\/p>\n<p>Bombardamentul a avut loc la dou\u0103 ore dup\u0103 un exerci\u021biu de verificare a m\u0103surilor de ap\u0103rare pasiv\u0103, exerci\u021biu dintr-o nesf\u00e2r\u0219it\u0103 serie, \u00een care bucure\u0219tenii erau obliga\u021bi s\u0103 lase ceea ce f\u0103ceau \u0219i s\u0103 se ascund\u0103 la cel mai apropiat ad\u0103post antiaerian. <\/p>\n<p>Dac\u0103 la ora 11:00, ora exerci\u021biului, cet\u0103\u021benii s-au ad\u0103postit conform instruc\u021biunilor, la ora 13:30, ora c\u00e2nd primele bombardiere au ap\u0103rut deasupra Bucure\u0219tiului, oamenii au ignorat complet sirenele, s\u0103tui de at\u00e2tea exerci\u021bii.<\/p>\n<p>Cu str\u0103zile pline de oameni, primele bombe au f\u0103cut multe victime. Mai mult dec\u00e2t at\u00e2t, c\u00e2teva bombe au c\u0103zut direct peste ad\u0103posturile atelierelor CFR, iar acestea, construite de m\u00e2ntuial\u0103, au cedat, ucig\u00e2ndu-i pe to\u021bi cei din\u0103untru.<\/p>\n<div data-props=\"%7B%22data%22%3A%7B%22caption%22%3A%22%22%2C%22embed%22%3A%22https%3A%2F%2Fwww.youtube.com%2Fembed%2FNkM431nD6P0%22%2C%22height%22%3A320%2C%22service%22%3A%22youtube%22%2C%22source%22%3A%22https%3A%2F%2Fyoutu.be%2FNkM431nD6P0%22%2C%22width%22%3A580%7D%2C%22id%22%3A%22zOsrGufSTK%22%2C%22type%22%3A%22embed%22%2C%22lines%22%3A10%2C%22linesAbove%22%3A142%2C%22index%22%3A23%2C%22paragraphsAbove%22%3A15%2C%22percentage%22%3A0.3421686746987952%2C%22linesBellow%22%3A273%7D\" data-context=\"%7B%22parentBlockColumnCount%22%3A%7B%22value%22%3A0%2C%22type%22%3A%22store%2Freadable%22%7D%2C%22parentBlockBackgroundColor%22%3A%7B%22type%22%3A%22store%2Freadable%22%7D%7D\" data-component=\"EditorEmbedViewDefault\">\n<p><iframe src=\"https:\/\/www.youtube.com\/embed\/NkM431nD6P0\" width=\"580\" allowfullscreen title=\"embed media\" loading=\"lazy\"><\/iframe><\/p>\n<\/div>\n<p>Bilan\u021bul atacatorilor a consemnat ca obiective distruse 1.000 de vagoane, o gar\u0103, un depou de locomotive, un triaj, o uzin\u0103 de producere a curentului, rezervoare de combustibil \u015fi c\u00e2teva cl\u0103diri industriale.<\/p>\n<p>Ira Eaker \u2013 comandantul suprem al for\u021belor aeriene aliate din Mediterana \u2013\u00a0 a evaluat gre\u015fit fotografiile bombardamentului, m\u0103rturisindu-i \u00eengrozit lui Hap Arnold, comandantul suprem al for\u021belor aeriene ale SUA: \u201e<i>Atacul nostru a fost s\u00e2ngeros. Am ucis aproape 12.000 de oameni, 6.000 dintre ei fiind refugia\u021bi afla\u021bi \u00een trenuri, iar ceilal\u021bi 6.000 fiind locuitori din jurul c\u0103ilor ferate\u201d.<\/i><\/p>\n<p>Pe l\u00e2ng\u0103 atelierele CFR, distruse aproape integral, a fost afectat complet pentru c\u00e2teva zile transportul urban. Oamenii nu au mai putut ajunge la munc\u0103 dec\u00e2t pe jos, fiecare muncitor care locuia \u00een afara ora\u0219ului fiind nevoit s\u0103 parcurg\u0103 pe jos chiar \u0219i 10-12 km zilnic.<\/p>\n<p>A fost atins\u0103 centrala electric\u0103 Groz\u0103ve\u0219ti, fapt ce a dus, pe l\u00e2ng\u0103 imobilizarea tramvaielor, la oprirea uzinelor ce func\u021bionau aprovizion\u00e2ndu-se cu curent din numita uzin\u0103 electric\u0103. Au disp\u0103rut imediat produsele alimentare care erau transportate \u00een ora\u0219:p\u00e2inea, laptele, legumele \u0219i fructele. <\/p>\n<p>Mai mult, a fost lovit\u0103 o conduct\u0103 principal\u0103 ce aducea apa potabil\u0103 \u00een centrul Capitalei, sinistr\u00e2nd astfel restaurante \u0219i frizerii, hoteluri \u0219i brut\u0103rii. Teatrele \u0219i-au \u00eentrerupt complet activitatea, nerelu\u00e2nd-o dec\u00e2t o lun\u0103 dup\u0103<a href=\"https:\/\/adevarul.ro\/stiri-locale\/bucuresti\/cum-a-fost-distrus-bucurestiul-in-noaptea-de-2258786.html\"> ultimul bombardament.<\/a><\/p>\n<p>Prim\u0103riile de sectoare au rechizi\u021bionat c\u00e2te c\u0103ru\u021be au putut \u0219i au permis astfel locuitorilor \u2013 \u00een m\u0103sura posibilit\u0103\u021bilor \u2013 s\u0103-\u0219i evacueze familiile. Au fost emise bilete de evacuare prin care \u021b\u0103ranii din comunele aflate la 10-20 km de Bucure\u0219ti s\u0103 primeasc\u0103 \u00een gazd\u0103 familiile bucure\u0219tene, mai precis femeile casnice \u0219i copiii. Cei de v\u00e2rst\u0103 \u0219colar\u0103 au intrat f\u0103r\u0103 s\u0103 vrea \u00een cea mai mare vacan\u021b\u0103 din via\u021ba lor, care a \u021binut din aprilie \u0219i p\u00e2n\u0103 \u00een octombrie. Mul\u021bi pu\u0219ti le-au mul\u021bumit \u00een secret americanilor pentru bombardamentele aduc\u0103toare de vacan\u021b\u0103.<\/p>\n<p>\u00cen ora\u0219 au r\u0103mas muncitorii \u0219i evreii, ace\u0219tia din urm\u0103 neav\u00e2nd voie s\u0103 p\u0103r\u0103seasc\u0103 ora\u0219ul sub nicio form\u0103, \u00een afara cazului \u00een care erau escorta\u021bi la muncile agricole din parcelele exterioare Capitalei.<\/p>\n<h2>1949: 12 na\u021biuni au semnat Tratatul Nord Atlantic, cre\u00e2nd NATO<\/h2>\n<p>Organiza\u021bia Tratatului Atlanticului de Nord (NATO), cunoscut\u0103 \u00een francez\u0103 ca OTAN, este o alian\u021b\u0103 militar\u0103 interguvernamental\u0103 format\u0103 din 32 de state \u2013 30 europene \u0219i dou\u0103 nord\u2011americane,\u00a0potrivit Wikipedia.<\/p>\n<p> Creat\u0103 dup\u0103 cel de\u2011al Doilea R\u0103zboi Mondial, alian\u021ba pune \u00een aplicare Tratatul Atlanticului de Nord, semnat la Washington, D.C., la 4 aprilie 1949. NATO func\u021bioneaz\u0103 pe principiul securit\u0103\u021bii colective: statele membre se angajeaz\u0103 s\u0103 se apere reciproc \u00een cazul unui atac extern. \u00cen timpul R\u0103zboiului Rece, organiza\u021bia a reprezentat principalul contrabalans al Uniunii Sovietice, iar dup\u0103 pr\u0103bu\u0219irea acesteia \u0219i a Pactului de la Var\u0219ovia \u0219i\u2011a continuat activitatea, implic\u00e2ndu\u2011se \u00een opera\u021biuni militare \u00een Balcani, Orientul Mijlociu, Asia de Sud \u0219i Africa. Deviza sa este \u201eo minte ne\u00eengr\u0103dit\u0103 \u00een deliberare\u201d (animus in consulendo liber).<\/p>\n<div data-props=\"%7B%22data%22%3A%7B%22caption%22%3A%22%22%2C%22embed%22%3A%22https%3A%2F%2Fwww.youtube.com%2Fembed%2FhMhbgt6OAvE%22%2C%22height%22%3A320%2C%22service%22%3A%22youtube%22%2C%22source%22%3A%22https%3A%2F%2Fyoutu.be%2FhMhbgt6OAvE%22%2C%22width%22%3A580%7D%2C%22id%22%3A%225ONKEqlRXI%22%2C%22type%22%3A%22embed%22%2C%22lines%22%3A10%2C%22linesAbove%22%3A214%2C%22index%22%3A34%2C%22paragraphsAbove%22%3A24%2C%22percentage%22%3A0.5156626506024097%2C%22linesBellow%22%3A201%7D\" data-context=\"%7B%22parentBlockColumnCount%22%3A%7B%22value%22%3A0%2C%22type%22%3A%22store%2Freadable%22%7D%2C%22parentBlockBackgroundColor%22%3A%7B%22type%22%3A%22store%2Freadable%22%7D%7D\" data-component=\"EditorEmbedViewDefault\">\n<p><iframe src=\"https:\/\/www.youtube.com\/embed\/hMhbgt6OAvE\" width=\"580\" allowfullscreen title=\"embed media\" loading=\"lazy\"><\/iframe><\/p>\n<\/div>\n<p>Sediul central al NATO se afl\u0103 la Bruxelles, \u00een Belgia, iar Comandamentul For\u021belor Aliate din Europa este situat \u00een apropiere de Mons. For\u021bele combinate ale statelor membre \u00eensumeaz\u0103 aproximativ 3,5 milioane de militari \u0219i personal, iar teritoriul acoperit de alian\u021b\u0103 se \u00eentinde pe 25,07 milioane km\u00b2, cu o popula\u021bie total\u0103 de circa 973 de milioane de oameni. \u00cen 2022, cheltuielile militare ale membrilor NATO reprezentau aproximativ 55% din totalul global.<\/p>\n<p>\t\t\t<a data-gtrack=\"{\"event\":\"utm_click\",\"data\":{\"event_category\":\"article_related\"}}\" href=\"https:\/\/adevarul.ro\/stiri-interne\/evenimente\/ce-poate-face-bucurestiul-dupa-atacul-de-la-reni-2286708.html\" title=\"Alt articol de interes pentru tine\"><span><\/span><br \/>\n                    <span>Ce poate face Bucure\u0219tiul dup\u0103 atacul de la Reni. Avertismentul unui contraamiral: \u201eRom\u00e2nia trebuie s\u0103 reac\u021bioneze\u201d<\/span><br \/>\n                    <svg width=\"14\" height=\"14\" viewBox=\"0 0 24 24\" fill=\"none\" stroke=\"currentColor\" stroke-width=\"2.5\" stroke-linecap=\"round\" stroke-linejoin=\"round\"><polyline points=\"9 18 15 12 9 6\" \/><\/svg><br \/>\n                <\/a><\/p>\n<p>Alian\u021ba a pornit cu 12 membri fondatori \u0219i s\u2011a extins \u00een zece valuri succesive, cel mai recent prin aderarea Suediei, la 7 martie 2024. Bosnia \u0219i Her\u021begovina, Georgia \u0219i Ucraina sunt \u00een prezent state aspirante. Extinderea NATO a generat tensiuni cu Rusia, care nu este membr\u0103, dar particip\u0103 la programul Parteneriatului pentru Pace, al\u0103turi de alte 18 \u021b\u0103ri. Alte 19 state sunt implicate \u00een diferite forme de dialog institu\u021bionalizat cu alian\u021ba.<\/p>\n<h2>1953: a murit Carol al II-lea de Hohenzollern-Sigmaringen<\/h2>\n<p>Regele Carol al II\u2011lea a murit \u00een 1953, la Lisabona, \u0219i a fost \u00eenmorm\u00e2ntat ini\u021bial la Estoril, \u00een capela destinat\u0103 monarhilor portughezi. \u00cen 2003, la 50 de ani de la moartea sa, r\u0103m\u0103\u0219i\u021bele p\u0103m\u00e2nte\u0219ti ale fostului suveran al Rom\u00e2niei (domnie: 8 iunie 1930 \u2013 6 septembrie 1940) au fost repatriate, demers realizat la ini\u021biativa ambasadorului Rom\u00e2niei \u00een Portugalia de la acea vreme, Teodor Baconschi.<\/p>\n<div data-props=\"%7B%22data%22%3A%7B%22caption%22%3A%22%22%2C%22embed%22%3A%22https%3A%2F%2Fwww.youtube.com%2Fembed%2FzghmUOTGbak%22%2C%22height%22%3A320%2C%22service%22%3A%22youtube%22%2C%22source%22%3A%22https%3A%2F%2Fyoutu.be%2FzghmUOTGbak%22%2C%22width%22%3A580%7D%2C%22id%22%3A%22KDwLuqUeTW%22%2C%22type%22%3A%22embed%22%2C%22lines%22%3A10%2C%22linesAbove%22%3A252%2C%22index%22%3A39%2C%22paragraphsAbove%22%3A27%2C%22percentage%22%3A0.6072289156626506%2C%22linesBellow%22%3A163%7D\" data-context=\"%7B%22parentBlockColumnCount%22%3A%7B%22value%22%3A0%2C%22type%22%3A%22store%2Freadable%22%7D%2C%22parentBlockBackgroundColor%22%3A%7B%22type%22%3A%22store%2Freadable%22%7D%7D\" data-component=\"EditorEmbedViewDefault\">\n<p><iframe src=\"https:\/\/www.youtube.com\/embed\/zghmUOTGbak\" width=\"580\" allowfullscreen title=\"embed media\" loading=\"lazy\"><\/iframe><\/p>\n<\/div>\n<p>Dup\u0103 o vizit\u0103 la Estoril, unde Carol al II\u2011lea \u0219i Elena Lupescu \u00ee\u0219i petrecuser\u0103 exilul postbelic al\u0103turi de alte familii regale din Balcani \u0219i de cea spaniol\u0103, Baconschi a dorit s\u0103 vad\u0103 \u0219i locul de veci al regelui. La Catedrala S\u00e3o Vicente din Lisabona, necropola Casei Regale de Bragan\u00e7a, diplomatul a descoperit \u00eens\u0103 c\u0103 sicriul fusese mutat.<\/p>\n<p><a href=\"https:\/\/adevarul.ro\/stiri-interne\/evenimente\/cum-a-revenit-regele-carol-al-ii-lea-in-romania-2241778.html\">Fostul ambasador povestea pentru \u201eWeekend Adev\u0103rul\u201d <\/a>c\u0103 l\u2011a g\u0103sit \u201e\u00eentr\u2011o ni\u0219\u0103 cu un aspect obscur, de simpl\u0103 debara\u201d, unde fusese plasat dup\u0103 1974, \u00een urma c\u0103derii regimului Salazar\u2011Caetano, \u00een contextul Revolu\u021biei Garoafelor.<\/p>\n<div data-props=\"%7B%22data%22%3A%7B%22caption%22%3A%22%22%2C%22embed%22%3A%22https%3A%2F%2Fwww.youtube.com%2Fembed%2FhVOO8SyXyFs%22%2C%22height%22%3A320%2C%22service%22%3A%22youtube%22%2C%22source%22%3A%22https%3A%2F%2Fyoutu.be%2FhVOO8SyXyFs%22%2C%22width%22%3A580%7D%2C%22id%22%3A%22Rttm3_TWOg%22%2C%22type%22%3A%22embed%22%2C%22lines%22%3A10%2C%22linesAbove%22%3A274%2C%22index%22%3A42%2C%22paragraphsAbove%22%3A29%2C%22percentage%22%3A0.6602409638554216%2C%22linesBellow%22%3A141%7D\" data-context=\"%7B%22parentBlockColumnCount%22%3A%7B%22value%22%3A0%2C%22type%22%3A%22store%2Freadable%22%7D%2C%22parentBlockBackgroundColor%22%3A%7B%22type%22%3A%22store%2Freadable%22%7D%7D\" data-component=\"EditorEmbedViewDefault\">\n<p><iframe src=\"https:\/\/www.youtube.com\/embed\/hVOO8SyXyFs\" width=\"580\" allowfullscreen title=\"embed media\" loading=\"lazy\"><\/iframe><\/p>\n<\/div>\n<p>\u00centruc\u00e2t anul 2003 marca jum\u0103tate de secol de la moartea lui Carol al II\u2011lea, Baconschi a propus Ministerului Afacerilor Externe repatrierea osemintelor. \u201eDup\u0103 primirea aprob\u0103rii, opera\u021biunea s\u2011a desf\u0103\u0219urat rapid, astfel \u00eenc\u00e2t sarcofagul regal a primit onoruri liturgice \u0219i militare lusitane, urmate de transportul cu o curs\u0103 special\u0103 spre Bucure\u0219ti \u0219i re\u00eenhumarea \u00een cripta regal\u0103 de la Curtea de Arge\u0219\u201d, a relatat acesta.<\/p>\n<p>Carol al II\u2011lea r\u0103m\u00e2ne cel mai controversat monarh al Rom\u00e2niei. Deciziile sale politice \u0219i via\u021ba personal\u0103 au generat dispute aprinse \u00een epoc\u0103. A renun\u021bat de trei ori la statutul de mo\u0219tenitor al Coroanei, iar rela\u021biile sale amoroase au alimentat scandaluri publice. Profit\u00e2nd de sl\u0103biciunea Regen\u021bei \u0219i de conflictele dintre partidele politice, Carol a reu\u0219it s\u0103 revin\u0103 pe tron, noteaz\u0103 Enciclopedia Rom\u00e2niei.<\/p>\n<p>De\u0219i \u00een timpul domniei sale Rom\u00e2nia a cunoscut cel mai important av\u00e2nt economic al perioadei interbelice, anii s\u0103i la conducere au fost marca\u021bi de tensiuni permanente cu clasa politic\u0103. Carol a \u00eencercat s\u0103 transforme monarhia \u00een principalul centru de putere al statului \u0219i s\u2011a l\u0103sat influen\u021bat de camarila regal\u0103, \u00eencerc\u00e2nd s\u0103 discrediteze partidele democratice.<\/p>\n<p>Izolat\u0103 diplomatic, Rom\u00e2nia a cedat \u00een fa\u021ba presiunilor externe \u00een vara anului 1940, accept\u00e2nd pierderi teritoriale majore. Haosul intern l\u2011a determinat pe Carol s\u0103 \u00eel cheme la conducere pe generalul Ion Antonescu, considerat singurul capabil s\u0103 gestioneze criza. Investit cu puteri depline, Antonescu a preluat controlul statului, iar pe 6 septembrie 1940 Carol al II\u2011lea a abdicat \u00een favoarea fiului s\u0103u, Mihai I.<\/p>\n<h2>1965: s-a n\u0103scut Robert Downey Jr., starul care a redefinit blockbusterul modern<\/h2>\n<p>Robert Downey Jr. este unul dintre cei mai influen\u021bi \u0219i aprecia\u021bi actori ai genera\u021biei sale, cu o carier\u0103 care se \u00eentinde pe mai bine de cinci decenii. Actor, produc\u0103tor, scenarist \u0219i c\u00e2nt\u0103re\u021b, Downey a devenit un simbol al rena\u0219terii hollywoodiene, trec\u00e2nd de la statutul de copil\u2011minune al cinematografiei americane la cel de superstar global.<\/p>\n<div data-props=\"%7B%22data%22%3A%7B%22caption%22%3A%22%22%2C%22embed%22%3A%22https%3A%2F%2Fwww.youtube.com%2Fembed%2F7_vHwsLJY58%22%2C%22height%22%3A320%2C%22service%22%3A%22youtube%22%2C%22source%22%3A%22https%3A%2F%2Fyoutu.be%2F7_vHwsLJY58%22%2C%22width%22%3A580%7D%2C%22id%22%3A%22t2a5uX1dji%22%2C%22type%22%3A%22embed%22%2C%22lines%22%3A10%2C%22linesAbove%22%3A324%2C%22index%22%3A49%2C%22paragraphsAbove%22%3A34%2C%22percentage%22%3A0.7807228915662651%2C%22linesBellow%22%3A91%7D\" data-context=\"%7B%22parentBlockColumnCount%22%3A%7B%22value%22%3A0%2C%22type%22%3A%22store%2Freadable%22%7D%2C%22parentBlockBackgroundColor%22%3A%7B%22type%22%3A%22store%2Freadable%22%7D%7D\" data-component=\"EditorEmbedViewDefault\">\n<p><iframe src=\"https:\/\/www.youtube.com\/embed\/7_vHwsLJY58\" width=\"580\" allowfullscreen title=\"embed media\" loading=\"lazy\"><\/iframe><\/p>\n<\/div>\n<p>Fiul regizorului Robert Downey Sr., actorul a debutat pe marele ecran \u00een filmul tat\u0103lui s\u0103u, Pound. Talentul s\u0103u a fost remarcat rapid, iar \u00een 1993 a primit prima nominalizare la Oscar pentru rolul principal din Chaplin, distinc\u021bie urmat\u0103 de un premiu BAFTA pentru aceea\u0219i interpretare,\u00a0potrivit Wikipedia.<\/p>\n<p>Dup\u0103 o perioad\u0103 dificil\u0103 \u00een plan personal, Downey a revenit \u00een for\u021b\u0103 \u00een anii 2000, cu roluri \u00een filme precum The Singing Detective, Kiss Kiss Bang Bang, A Scanner Darkly, Gothika, Zodiac \u0219i Tropic Thunder \u2014 pentru acesta din urm\u0103 primind o nou\u0103 nominalizare la Oscar, de data aceasta pentru rol secundar.<\/p>\n<p>\t\t\t<a data-gtrack=\"{\"event\":\"utm_click\",\"data\":{\"event_category\":\"article_related\"}}\" href=\"https:\/\/adevarul.ro\/stiri-locale\/bucuresti\/al-doilea-bombardament-american-asupra-2354736.html\" title=\"Alt articol de interes pentru tine\"><span><\/span><br \/>\n                    <span>Al doilea bombardament american asupra Bucure\u0219tiului. Cl\u0103direa Universit\u0103\u021bii a fost distrus\u0103 par\u021bial \u00een cel de-al Doilea R\u0103zboi Mondial VIDEO <\/span><br \/>\n                    <svg width=\"14\" height=\"14\" viewBox=\"0 0 24 24\" fill=\"none\" stroke=\"currentColor\" stroke-width=\"2.5\" stroke-linecap=\"round\" stroke-linejoin=\"round\"><polyline points=\"9 18 15 12 9 6\" \/><\/svg><br \/>\n                <\/a><\/p>\n<p>Momentul care i-a schimbat definitiv cariera a venit \u00een 2008, c\u00e2nd a fost distribuit \u00een rolul lui Tony Stark \/ Iron Man, personaj care avea s\u0103 devin\u0103 piatra de temelie a Universului Cinematografic Marvel. Downey a interpretat acest rol \u00een zece filme, inclusiv \u00een blockbusterele The Avengers, Iron Man 3, Avengers: Infinity War \u0219i Avengers: Endgame.<\/p>\n<p>Recorduri la box office \u0219i statutul de superstar<\/p>\n<p>Filmele \u00een care a jucat au generat \u00eencas\u0103ri uria\u0219e, multe dep\u0103\u0219ind pragul de 500 de milioane de dolari. The Avengers \u0219i Iron Man 3 au trecut de un miliard de dolari fiecare, iar Avengers: Infinity War \u0219i Avengers: Endgame au dep\u0103\u0219it dou\u0103 miliarde, stabilind recorduri istorice.<\/p>\n<p>\u00cen perioada iunie 2012 &#8211; iunie 2013, Downey a ocupat primul loc \u00een topul Forbes al celor mai bine pl\u0103ti\u021bi actori de la Hollywood, cu venituri estimate la 75 de milioane de dolari.<\/p>\n<p>De-a lungul carierei, Robert Downey Jr. a primit numeroase distinc\u021bii, printre care: Premiul Oscar pentru cel mai bun actor \u00een rol secundar (2024, Oppenheimer), dou\u0103 Globuri de Aur (2001, 2010), Premiul BAFTA (1993), multiple premii Saturn \u0219i Screen Actors Guild.<\/p>\n<h2>1968: a fost asasinat pastorul \u015fi publicistul Martin Luther King Jr.<\/h2>\n<p>La \u00eenceputul lunii decembrie 1955, Martin Luther King Jr. a ini\u021biat prima mare ac\u021biune nonviolent\u0103 a comunit\u0103\u021bii afro\u2011americane din epoca modern\u0103, un protest care avea s\u0103 dureze 382 de zile. Momentul decisiv a venit pe 21 decembrie 1956, c\u00e2nd Curtea Suprem\u0103 a Statelor Unite a declarat neconstitu\u021bionale legile ce impuneau segregarea \u00een autobuze, permi\u021b\u00e2nd astfel persoanelor de culoare \u0219i albilor s\u0103 c\u0103l\u0103toreasc\u0103 \u00eempreun\u0103. \u00cen anii care au urmat, \u00eentre 1957 \u0219i 1968, King a str\u0103b\u0103tut \u021bara, a sus\u021binut numeroase discursuri \u0219i a publicat cinci c\u0103r\u021bi, al\u0103turi de o serie de articole care au consolidat mi\u0219carea pentru drepturi civile.<\/p>\n<div data-props=\"%7B%22data%22%3A%7B%22caption%22%3A%22%22%2C%22embed%22%3A%22https%3A%2F%2Fwww.youtube.com%2Fembed%2F3VefqG2xX1Y%22%2C%22height%22%3A320%2C%22service%22%3A%22youtube%22%2C%22source%22%3A%22https%3A%2F%2Fyoutu.be%2F3VefqG2xX1Y%22%2C%22width%22%3A580%7D%2C%22id%22%3A%22dPUV-xpVgm%22%2C%22type%22%3A%22embed%22%2C%22lines%22%3A10%2C%22linesAbove%22%3A382%2C%22index%22%3A59%2C%22paragraphsAbove%22%3A42%2C%22percentage%22%3A0.9204819277108434%2C%22linesBellow%22%3A33%7D\" data-context=\"%7B%22parentBlockColumnCount%22%3A%7B%22value%22%3A0%2C%22type%22%3A%22store%2Freadable%22%7D%2C%22parentBlockBackgroundColor%22%3A%7B%22type%22%3A%22store%2Freadable%22%7D%7D\" data-component=\"EditorEmbedViewDefault\">\n<p><iframe src=\"https:\/\/www.youtube.com\/embed\/3VefqG2xX1Y\" width=\"580\" allowfullscreen title=\"embed media\" loading=\"lazy\"><\/iframe><\/p>\n<\/div>\n<p>\u00cen 1963, a fost laureat cu Premiului Nobel pentru Pace.<\/p>\n<p>Pe 4 aprilie 1968, \u00een timp ce se afla pe balconul camerei sale de la un motel din Memphis, Tennessee &#8211; unde urma s\u0103 conduc\u0103 un mar\u0219 \u00een sprijinul muncitorilor afla\u021bi \u00een grev\u0103 Martin Luther King Jr. a fost asasinat de James Earl Ray.<\/p>\n<h2>1983: prima misiune orbital\u0103 a navetei spa\u0163iale americane Challenger<\/h2>\n<p>Naveta spa\u021bial\u0103 Challenger a efectuat prima sa misiune orbital\u0103 pe 4 aprilie 1983, inaugur\u00e2nd o serie de nou\u0103 zboruri reu\u0219ite. Tragedia a venit \u00eens\u0103 la a zecea lansare, pe 28 ianuarie 1986, c\u00e2nd vehiculul a explodat la doar 73 de secunde dup\u0103 desprinderea de la sol, provoc\u00e2nd moartea celor \u0219apte membri ai echipajului.<\/p>\n<div data-props=\"%7B%22data%22%3A%7B%22caption%22%3A%22%22%2C%22embed%22%3A%22https%3A%2F%2Fwww.youtube.com%2Fembed%2FyibNEcn-4yQ%22%2C%22height%22%3A320%2C%22service%22%3A%22youtube%22%2C%22source%22%3A%22https%3A%2F%2Fyoutu.be%2FyibNEcn-4yQ%22%2C%22width%22%3A580%7D%2C%22id%22%3A%22Y6_63zWmmK%22%2C%22type%22%3A%22embed%22%2C%22lines%22%3A10%2C%22linesAbove%22%3A408%2C%22index%22%3A64%2C%22paragraphsAbove%22%3A45%2C%22percentage%22%3A0.983132530120482%2C%22linesBellow%22%3A7%7D\" data-context=\"%7B%22parentBlockColumnCount%22%3A%7B%22value%22%3A0%2C%22type%22%3A%22store%2Freadable%22%7D%2C%22parentBlockBackgroundColor%22%3A%7B%22type%22%3A%22store%2Freadable%22%7D%7D\" data-component=\"EditorEmbedViewDefault\">\n<p><iframe src=\"https:\/\/www.youtube.com\/embed\/yibNEcn-4yQ\" width=\"580\" allowfullscreen title=\"embed media\" loading=\"lazy\"><\/iframe><\/p>\n<\/div>\n<p>Deflagra\u021bia s\u2011a produs \u00een momentul \u00een care motoarele de propulsie erau accelerate la capacitate maxim\u0103. \u00cen primele 35 de secunde de zbor, acestea func\u021bionaser\u0103 la aproximativ 60% din putere, pentru a reduce for\u021bele gravita\u021bionale din faza ini\u021bial\u0103 a lans\u0103rii. Resturile navetei &#8211; evaluat\u0103 la 1,2 miliarde de dolari &#8211; au c\u0103zut \u00een Oceanul Atlantic, la c\u00e2\u021biva kilometri de Cape Canaveral.<\/p>\n<\/p><\/div>\n<p><a href=\"https:\/\/adevarul.ro\/istoria-zilei\/4-aprilie-ziua-primului-bombardament-al-aviatiei-2519088.html\" class=\"button purchase\" rel=\"nofollow noopener\" target=\"_blank\">Read More<\/a><\/p>\n","protected":false},"excerpt":{"rendered":"<p>Pe 4 aprilie, \u00een 1932, s-a n\u0103scut starul american Anthony Perkins, iar \u00een 1933, actorul rom\u00e2n \u015etefan Tapalag\u0103. \u00cen aceea\u0219i zi din calendar, dar dou\u0103 [&hellip;]<\/p>\n","protected":false},"author":1,"featured_media":12571,"comment_status":"open","ping_status":"open","sticky":false,"template":"","format":"standard","meta":{"_monsterinsights_skip_tracking":false,"_monsterinsights_sitenote_active":false,"_monsterinsights_sitenote_note":"","_monsterinsights_sitenote_category":0,"footnotes":""},"categories":[6],"tags":[],"class_list":["post-12570","post","type-post","status-publish","format-standard","has-post-thumbnail","hentry","category-popular"],"aioseo_notices":[],"_links":{"self":[{"href":"https:\/\/info-eforie.ro\/index.php\/wp-json\/wp\/v2\/posts\/12570","targetHints":{"allow":["GET"]}}],"collection":[{"href":"https:\/\/info-eforie.ro\/index.php\/wp-json\/wp\/v2\/posts"}],"about":[{"href":"https:\/\/info-eforie.ro\/index.php\/wp-json\/wp\/v2\/types\/post"}],"author":[{"embeddable":true,"href":"https:\/\/info-eforie.ro\/index.php\/wp-json\/wp\/v2\/users\/1"}],"replies":[{"embeddable":true,"href":"https:\/\/info-eforie.ro\/index.php\/wp-json\/wp\/v2\/comments?post=12570"}],"version-history":[{"count":0,"href":"https:\/\/info-eforie.ro\/index.php\/wp-json\/wp\/v2\/posts\/12570\/revisions"}],"wp:featuredmedia":[{"embeddable":true,"href":"https:\/\/info-eforie.ro\/index.php\/wp-json\/wp\/v2\/media\/12571"}],"wp:attachment":[{"href":"https:\/\/info-eforie.ro\/index.php\/wp-json\/wp\/v2\/media?parent=12570"}],"wp:term":[{"taxonomy":"category","embeddable":true,"href":"https:\/\/info-eforie.ro\/index.php\/wp-json\/wp\/v2\/categories?post=12570"},{"taxonomy":"post_tag","embeddable":true,"href":"https:\/\/info-eforie.ro\/index.php\/wp-json\/wp\/v2\/tags?post=12570"}],"curies":[{"name":"wp","href":"https:\/\/api.w.org\/{rel}","templated":true}]}}