{"id":12556,"date":"2026-04-04T07:54:51","date_gmt":"2026-04-04T07:54:51","guid":{"rendered":"https:\/\/info-eforie.ro\/index.php\/2026\/04\/04\/ce-au-scris-turcii-dupa-ce-mircea-lucescu-a-suferit-un-infract\/"},"modified":"2026-04-04T07:54:51","modified_gmt":"2026-04-04T07:54:51","slug":"ce-au-scris-turcii-dupa-ce-mircea-lucescu-a-suferit-un-infract","status":"publish","type":"post","link":"https:\/\/info-eforie.ro\/index.php\/2026\/04\/04\/ce-au-scris-turcii-dupa-ce-mircea-lucescu-a-suferit-un-infract\/","title":{"rendered":"Ce au scris turcii dup\u0103 ce Mircea Lucescu a suferit un infract"},"content":{"rendered":"<div>\n<p><a href=\"https:\/\/www.sport.ro\/nationala\/ce-se-intampla-cu-mircea-lucescu-dupa-ce-a-suferit-un-infarct.html\" rel=\"noopener noreferrer\"><strong>Fostul selec\u021bioner al na\u021bionalei Rom\u00e2niei a tr\u0103it clipe cumplite<\/strong><\/a> \u00een aceast\u0103 diminea\u021b\u0103, dar medicii de la spitalul Universitar au reu\u0219it s\u0103 \u00eel stabilizeze dup\u0103 ce a suferit un infarct miocardic acut.<\/p>\n<h2>Turcii, reac\u021bie prompt\u0103 dup\u0103 infarctul lui Lucescu\u00a0<\/h2>\n<p>\u201eIl Luce\u201d este o figur\u0103 important\u0103 \u00een lume fotbalului, iar informa\u021bia c\u0103 tehnicianul a suferit un infarct a ajuns rapid \u0219i \u00een Turcia.<\/p>\n<p><a href=\"https:\/\/www.fanatik.com.tr\/futbol\/mircea-lucescu-kalp-krizi-gecirdi-iste-son-durumu-resmi-aciklama-geldi-2618440\" rel=\"noopener noreferrer\" target=\"_blank\">Fanatik.tr<\/a> a scris despre starea de s\u0103n\u0103tate din aceast\u0103 diminea\u021b\u0103 a lui Mircea Lucescu.<\/p>\n<p><strong>\u201eMircea Lucescu, care a\u0219tepta externarea din spital dup\u0103 ce a suferit un infarct s\u0103pt\u0103m\u00e2na trecut\u0103, a suferit un alt infarct \u00een aceast\u0103 diminea\u021b\u0103. Lucescu a fost salvat de medici \u0219i dus la terapie intensiv\u0103.<\/strong><\/p>\n<p><strong>Starea pacientului este \u00een prezent stabil\u0103 \u0219i este monitorizat \u00eendeaproape de speciali\u0219ti. Pacientul r\u0103m\u00e2ne internat \u00een Sec\u021bia de Cardiologie, unde prime\u0219te \u00eengrijiri medicale adecvate.\u201d<\/strong>, au scris turcii.<\/p>\n<p><a href=\"https:\/\/www.sport.ro\/nationala\/dezvaluire-sensibila-despre-lucescu-nea-mircea-a-avut-mai-multe-episoade.html\" rel=\"noopener noreferrer\"><strong>Fostul selec\u021bioner al echipei na\u021bionale <\/strong><\/a> a le\u0219inat \u00een timpul unei \u0219edin\u021be tactice de dinaintea partidei cu Slovacia.<\/p>\n<p><a href=\"https:\/\/www.sport.ro\/nationala\/razvan-burleanu-l-a-vizitat-pe-mircea-lucescu-la-spital-si-i-a-facut-o-propunere-asta-ne-dorim.html\" rel=\"noopener noreferrer\"><strong>Mircea Lucescu a fost transportat de urgen\u021b\u0103 la \u201eSpitalul Universitar\u201d<\/strong><\/a>, unde a este \u0219i acum internat, iar acolo a fost operat, iar acum stabilizat dup\u0103 acest infaract, din diminea\u021ba zilei de vineri.<\/p>\n<\/div>\n<p><a href=\"https:\/\/www.sport.ro\/fotbal-intern\/ce-au-scris-turcii-dupa-ce-mircea-lucescu-a-suferit-un-infract.html\" class=\"button purchase\" rel=\"nofollow noopener\" target=\"_blank\">Read More<\/a><\/p>\n","protected":false},"excerpt":{"rendered":"<p>Fostul selec\u021bioner al na\u021bionalei Rom\u00e2niei a tr\u0103it clipe cumplite \u00een aceast\u0103 diminea\u021b\u0103, dar medicii de la spitalul Universitar au reu\u0219it s\u0103 \u00eel stabilizeze dup\u0103 ce [&hellip;]<\/p>\n","protected":false},"author":1,"featured_media":12557,"comment_status":"open","ping_status":"open","sticky":false,"template":"","format":"standard","meta":{"_monsterinsights_skip_tracking":false,"_monsterinsights_sitenote_active":false,"_monsterinsights_sitenote_note":"","_monsterinsights_sitenote_category":0,"footnotes":""},"categories":[7],"tags":[],"class_list":["post-12556","post","type-post","status-publish","format-standard","has-post-thumbnail","hentry","category-sports"],"aioseo_notices":[],"_links":{"self":[{"href":"https:\/\/info-eforie.ro\/index.php\/wp-json\/wp\/v2\/posts\/12556","targetHints":{"allow":["GET"]}}],"collection":[{"href":"https:\/\/info-eforie.ro\/index.php\/wp-json\/wp\/v2\/posts"}],"about":[{"href":"https:\/\/info-eforie.ro\/index.php\/wp-json\/wp\/v2\/types\/post"}],"author":[{"embeddable":true,"href":"https:\/\/info-eforie.ro\/index.php\/wp-json\/wp\/v2\/users\/1"}],"replies":[{"embeddable":true,"href":"https:\/\/info-eforie.ro\/index.php\/wp-json\/wp\/v2\/comments?post=12556"}],"version-history":[{"count":0,"href":"https:\/\/info-eforie.ro\/index.php\/wp-json\/wp\/v2\/posts\/12556\/revisions"}],"wp:featuredmedia":[{"embeddable":true,"href":"https:\/\/info-eforie.ro\/index.php\/wp-json\/wp\/v2\/media\/12557"}],"wp:attachment":[{"href":"https:\/\/info-eforie.ro\/index.php\/wp-json\/wp\/v2\/media?parent=12556"}],"wp:term":[{"taxonomy":"category","embeddable":true,"href":"https:\/\/info-eforie.ro\/index.php\/wp-json\/wp\/v2\/categories?post=12556"},{"taxonomy":"post_tag","embeddable":true,"href":"https:\/\/info-eforie.ro\/index.php\/wp-json\/wp\/v2\/tags?post=12556"}],"curies":[{"name":"wp","href":"https:\/\/api.w.org\/{rel}","templated":true}]}}