{"id":12536,"date":"2026-04-03T06:57:21","date_gmt":"2026-04-03T06:57:21","guid":{"rendered":"https:\/\/info-eforie.ro\/index.php\/2026\/04\/03\/surpriza-in-italia-dupa-ratarea-cm-2026-favoriti-neasteptati-pentru-preluarea-squadrei-azzurra\/"},"modified":"2026-04-03T06:57:21","modified_gmt":"2026-04-03T06:57:21","slug":"surpriza-in-italia-dupa-ratarea-cm-2026-favoriti-neasteptati-pentru-preluarea-squadrei-azzurra","status":"publish","type":"post","link":"https:\/\/info-eforie.ro\/index.php\/2026\/04\/03\/surpriza-in-italia-dupa-ratarea-cm-2026-favoriti-neasteptati-pentru-preluarea-squadrei-azzurra\/","title":{"rendered":"Surpriz\u0103 \u00een Italia dup\u0103 ratarea CM 2026. Favori\u021bi nea\u0219tepta\u021bi pentru preluarea Squadrei Azzurra"},"content":{"rendered":"<div>\n<p>Ratarea calific\u0103rii la Campionatul<br \/>\nMondial din 2026 a declan\u0219at un nou cutremur \u00een fotbalul italian, iar<br \/>\nschimb\u0103rile de la nivelul b\u0103ncii tehnice par inevitabile. Gennaro Gattuso este<br \/>\ntot mai aproape de plecare, urm\u00e2nd pa\u0219ii f\u0103cu\u021bi de pre\u0219edintele federa\u021biei, Gabriele<br \/>\nGravina, \u015fi de managerul general al na\u0163ionalei, Gigi Buffon, care au demisionat<br \/>\nast\u0103zi.<\/p>\n<div><picture><source type=\"image\/webp\"  media=\"(min-width: 1400px)\"><source type=\"image\/webp\"  media=\"(min-width: 1000px)\"><source type=\"image\/webp\"  media=\"(min-width: 700px)\"><source type=\"image\/jpeg\"  media=\"(min-width: 1400px)\"><source type=\"image\/jpeg\"  media=\"(min-width: 1000px)\"><source type=\"image\/jpeg\"  media=\"(min-width: 700px)\"><img decoding=\"async\" src=\"https:\/\/cdn.adh.reperio.news\/image-1\/13403890-382d-4a71-8a82-e71016f444d4\/index.jpeg?p=a%3D1%26co%3D1.05%26w%3D700%26h%3D750%26r%3Dcontain%26c%3D0%252C0%252C0.823%252C0.796%26f%3Dwebp\" alt=\"Roberto Mancini a plecat \u00een prip\u0103 de la c\u00e2rma na\u021bionalei Italiei, \u00een 2024. Foto Getty images\" width=\"1400\" height=\"750\" loading=\"eager\" fetchpriority=\"high\"><\/picture>\n<p>Roberto Mancini a plecat \u00een prip\u0103 de la c\u00e2rma na\u021bionalei Italiei, \u00een 2024. Foto Getty images<\/p>\n<\/div>\n<p>\u00cen mod surprinz\u0103tor, presa italian\u0103<br \/>\nindic\u0103 un favorit clar pentru preluarea postului: Roberto Mancini. Fostul<br \/>\nselec\u021bioner, cel care a adus Italiei titlul european \u00een 2021, ar putea reveni<br \/>\nla c\u00e2rma Squadrei Azzurra \u00eentr-un moment critic, de\u0219i a plecat pentru\u00a0<a href=\"https:\/\/adevarul.ro\/sport\/mancini-platit-regeste-i-a-jignit-pe-arabi-2336036.html\">banii din Golf\u00a0<\/a>cu c\u00e2teva zile \u00eenainte de startul Euro 2024.<\/p>\n<p>De\u0219i nume precum Antonio Conte sau<br \/>\nMassimiliano Allegri au fost intens vehiculate, \u0219ansele acestora par, cel pu\u021bin<br \/>\ndeocamdat\u0103, mai reduse, \u00een principal din cauza angajamentelor contractuale \u0219i a<br \/>\ncomplexit\u0103\u021bii negocierilor. Lista variantelor r\u0103m\u00e2ne \u00eens\u0103 deschis\u0103. Stefano<br \/>\nPioli, Simone Inzaghi sau Daniele De Rossi sunt alte op\u021biuni analizate, \u00eens\u0103<br \/>\nniciunul nu pare s\u0103 \u00eentruneasc\u0103, \u00een acest moment, consensul de care se bucur\u0103<br \/>\nMancini.<\/p>\n<h2>Italienii vor s\u0103 dea lovitura cu Pep<br \/>\nGuardiola<\/h2>\n<p>\u00cen paralel, \u00een presa interna\u021bional\u0103<br \/>\na ap\u0103rut \u0219i un nume spectaculos &#8211; Pep Guardiola. O eventual\u0103 venire a<br \/>\ntehnicianului spaniol ar reprezenta o adev\u0103rat\u0103 lovitur\u0103 de imagine, dar<br \/>\nscenariul este considerat mai degrab\u0103 improbabil. Spaniolul nu a preg\u0103tit p\u00e2n\u0103<br \/>\nacum o echip\u0103 na\u021bional\u0103 \u0219i a declarat \u00een mai multe r\u00e2nduri c\u0103 dup\u0103 ce va p\u0103r\u0103si<br \/>\npe Manchester City va renun\u021ba la antrenorat.<\/p>\n<p>Italia\u00a0<a href=\"https:\/\/adevarul.ro\/sport\/italia-este-in-lacrimi-dupa-al-treilea-mondial-de-2519461.html\">a ratat mar\u021bi calificarea\u00a0<\/a>la Cupa Mondial\u0103 2026, dup\u0103 ce a fost \u00eenvins\u0103 \u00een finala barajului de Bosnia, la loviturile de departajare. Va fi al treilea turneu final consecutiv la care Squadra Azzurra nu va participa.\u00a0\u00a0<\/p>\n<\/p><\/div>\n<p><a href=\"https:\/\/adevarul.ro\/sport\/surpriza-in-italia-dupa-ratarea-cm-2026-favoriti-2519999.html\" class=\"button purchase\" rel=\"nofollow noopener\" target=\"_blank\">Read More<\/a><\/p>\n","protected":false},"excerpt":{"rendered":"<p>Ratarea calific\u0103rii la Campionatul Mondial din 2026 a declan\u0219at un nou cutremur \u00een fotbalul italian, iar schimb\u0103rile de la nivelul b\u0103ncii tehnice par inevitabile. Gennaro [&hellip;]<\/p>\n","protected":false},"author":1,"featured_media":12537,"comment_status":"open","ping_status":"open","sticky":false,"template":"","format":"standard","meta":{"_monsterinsights_skip_tracking":false,"_monsterinsights_sitenote_active":false,"_monsterinsights_sitenote_note":"","_monsterinsights_sitenote_category":0,"footnotes":""},"categories":[6],"tags":[],"class_list":["post-12536","post","type-post","status-publish","format-standard","has-post-thumbnail","hentry","category-popular"],"aioseo_notices":[],"_links":{"self":[{"href":"https:\/\/info-eforie.ro\/index.php\/wp-json\/wp\/v2\/posts\/12536","targetHints":{"allow":["GET"]}}],"collection":[{"href":"https:\/\/info-eforie.ro\/index.php\/wp-json\/wp\/v2\/posts"}],"about":[{"href":"https:\/\/info-eforie.ro\/index.php\/wp-json\/wp\/v2\/types\/post"}],"author":[{"embeddable":true,"href":"https:\/\/info-eforie.ro\/index.php\/wp-json\/wp\/v2\/users\/1"}],"replies":[{"embeddable":true,"href":"https:\/\/info-eforie.ro\/index.php\/wp-json\/wp\/v2\/comments?post=12536"}],"version-history":[{"count":0,"href":"https:\/\/info-eforie.ro\/index.php\/wp-json\/wp\/v2\/posts\/12536\/revisions"}],"wp:featuredmedia":[{"embeddable":true,"href":"https:\/\/info-eforie.ro\/index.php\/wp-json\/wp\/v2\/media\/12537"}],"wp:attachment":[{"href":"https:\/\/info-eforie.ro\/index.php\/wp-json\/wp\/v2\/media?parent=12536"}],"wp:term":[{"taxonomy":"category","embeddable":true,"href":"https:\/\/info-eforie.ro\/index.php\/wp-json\/wp\/v2\/categories?post=12536"},{"taxonomy":"post_tag","embeddable":true,"href":"https:\/\/info-eforie.ro\/index.php\/wp-json\/wp\/v2\/tags?post=12536"}],"curies":[{"name":"wp","href":"https:\/\/api.w.org\/{rel}","templated":true}]}}