{"id":12524,"date":"2026-04-03T06:57:06","date_gmt":"2026-04-03T06:57:06","guid":{"rendered":"https:\/\/info-eforie.ro\/index.php\/2026\/04\/03\/marica-n-a-scapat-pedeapsa-primita-dupa-ce-l-a-facut-praf-pe-vassaras\/"},"modified":"2026-04-03T06:57:06","modified_gmt":"2026-04-03T06:57:06","slug":"marica-n-a-scapat-pedeapsa-primita-dupa-ce-l-a-facut-praf-pe-vassaras","status":"publish","type":"post","link":"https:\/\/info-eforie.ro\/index.php\/2026\/04\/03\/marica-n-a-scapat-pedeapsa-primita-dupa-ce-l-a-facut-praf-pe-vassaras\/","title":{"rendered":"Marica n-a sc\u0103pat! Pedeapsa primit\u0103 dup\u0103 ce l-a f\u0103cut praf pe Vassaras"},"content":{"rendered":"<div>\n<p><a href=\"https:\/\/www.sport.ro\/liga-1\/iures-dupa-farul-cfr-cluj-meciul-nu-trebuia-sa-inceapa-suntem-calcati-in-picioare.html\" rel=\"noopener noreferrer\"><strong>La fel ca Ianis Zicu sau Gic\u0103 Popescu<\/strong><\/a>, <strong>Ciprian Marica <\/strong>a criticat \u00een termeni duri arbitrajul de la partida <a href=\"https:\/\/www.sport.ro\/liga-1\/farul-cfr-cluj-live-text-pe-sport-ro-de-la-20-00-echipa-lui-daniel-pancu-isi-poate-asigura-locul-in-play-off.html\" rel=\"noopener noreferrer\"><strong>Farul Constan\u021ba &#8211; CFR Cluj 1-2<\/strong><\/a>, disputat\u0103 pe 28 februarie, \u00een runda cu num\u0103rul 29 din sezonul regulat al Superligii.<\/p>\n<h2><strong>Ciprian Marica, avertisment \u0219i amend\u0103 dup\u0103 declara\u021biile la adresa CCA \u0219i arbitrajului<\/strong><\/h2>\n<p>Const\u0103n\u021benii au reclamat dou\u0103 penalty-uri neacordate de Florin Andrei \u0219i de arbitrul aflat \u00een camera VAR, Iulian C\u0103lin. Ianis Zicu spunea c\u0103 sper\u0103 ca Iulian C\u0103lin s\u0103 fie suspendat &#8222;20-30 de etape&#8221; pentru c\u0103 nu l-a chemat pe central la monitorul VAR.<\/p>\n<p>Marica a avut \u0219i el un discurs dur at\u00e2t dup\u0103 meci, c\u00e2t \u0219i la c\u00e2teva zile distan\u021b\u0103, dup\u0103 ce Kyros Vassaras a analizat fazele \u0219i a transmis c\u0103 Farul nu ar fi trebuit s\u0103 primeasc\u0103 niciunul dintre cele dou\u0103 penalty-uri. Ac\u021bionarul dobrogenilor a catalogat drept <strong>&#8222;nesim\u021bire&#8221; <\/strong>analiza pre\u0219edintelui CCA \u0219i a sus\u021binut c\u0103 gre\u0219elile de arbitraj <strong>&#8222;sunt \u00eentr-o singur\u0103 direc\u021bie&#8221;<\/strong>.<\/p>\n<p>Comisia Central\u0103 a Arbitrilor l-a reclamat pe Ciprian Marica la Comisia de Disciplin\u0103 pentru declara\u021biile sale, iar fostul interna\u021bional a fost sanc\u021bionat cu avertisment \u0219i amend\u0103 de 5.000 de lei \u00een \u0219edin\u021ba de miercuri, 1 aprilie.<\/p>\n<p><strong>&#8222;Admite sesizarea reprezentantului Comisiei Centrale a Arbitrilor. \u00cen temeiul art. 12 si 14 bis raportat la art. 52.5 din Regulamentul Disciplinar al FRF, p\u00e2r\u00e2tul Marica Ciprian se sanc\u021bioneaz\u0103 cu m\u0103sura Avertisment \u0219i penalitate sportiv\u0103 de 5000 lei&#8221;<\/strong>, se arat\u0103 \u00een decizia Comisiei.<\/p>\n<h2><strong>Ce prevede articolul 52.5 din Regulamentul Disciplinar<\/strong><\/h2>\n<p><strong>&#8222;Declara\u021biile f\u0103cute de persoanele ar\u0103tate la art. 4.1, lit. a) &#8211; g), care sunt de natur\u0103 s\u0103 prejudicieze \u00een orice mod imaginea fotbalului cum ar fi, dar f\u0103r\u0103 a se limita la: corectitudinea desf\u0103\u0219ur\u0103rii jocurilor de fotbal, cele privind presta\u021bia arbitrilor, \u00eenc\u0103lcarea unor prevederi regulamentare, activitatea unor persoane care intr\u0103 sub inciden\u021ba prezentului regulament, plata unor sume de bani pentru stimularea partenerilor de competi\u021bie sau altele asemenea \u0219i care nu sunt dovedite, se sanc\u021bioneaz\u0103 la prima abatere cu m\u0103sura suspend\u0103rii de la 8 la 16 jocuri pentru juc\u0103tori sau antrenori \u0219i de la 6 la 12 luni pentru oficiali \u0219i penalitate sportiv\u0103 de la 5000 lei la 300.000 de lei, iar clubul de care apar\u0163ine aceast\u0103 persoan\u0103 va fi sanc\u0163ionat cu sc\u0103derea a 3 puncte din cele ob\u0163inute \u00een campionatul \u00een care particip\u0103 echipa de categorie superioar\u0103. \u00cen caz de recidiv\u0103, penalitatea sportiv\u0103 se va dubla&#8221;<\/strong><\/p>\n<h2><strong>Ce spunea Ciprian Marica dup\u0103 Farul &#8211; CFR Cluj<\/strong><\/h2>\n<p><strong>&#8222;Analiza asta a CCA, dup\u0103 ce s-a \u00eent\u00e2mplat la meciul cu CFR Cluj, mi se pare pur \u0219i simplu nesim\u021bire. Sincer, sunt singurele cuvinte pe care pot s\u0103 le spun \u0219i m-am s\u0103turat ca permanent s\u0103 fim amenin\u021bat \u0219i s\u0103 se bage pumnul \u00een gur\u0103 conduc\u0103torilor \u0219i oamenilor care bag\u0103 bani \u00een fotbal. Una-dou\u0103 e\u0219ti chemat la comisii, n-ai voie s\u0103 spui nimic, permanent trebuie s\u0103 ne cenzur\u0103m, s\u0103 folosim m\u0103nu\u0219i \u00een exprimare \u0219i s\u0103 fim c\u00e2t mai\u2026<\/strong><\/p>\n<p><strong>&#8216;Am crezut, am auzit, e p\u0103rerea mea&#8217; \u0219i tot felul de tertipuri. Nu ai voie s\u0103 \u00eei deranjezi cu ceva. Mi se pare strig\u0103tor la cer. \u0218i \u00eenainte de meciul cu CFR a fost cartona\u0219ul \u0103la ro\u0219u cu FC Arge\u0219, sunt multe faze \u0219i nu suntem singurii care am fost dezavantaja\u021bi \u0219i nu cred c\u0103 exist\u0103 niciun dubiu. Din p\u0103cate nu suntem deloc solidari \u0219i uni\u021bi. E greu c\u00e2nd e\u0219ti singur \u0219i asta e o problem\u0103.<\/strong><\/p>\n<p><strong>Pe cine amendeaz\u0103 ei? Pe noi to\u021bi cei care cheltuim bani la fotbal. P\u0103i stai pu\u021bin, nu avem voie s\u0103 ne exprim\u0103m, nu putem s\u0103 spunem nimic? Chiar ne b\u0103ga\u021bi a\u0219a pumnul \u00een gur\u0103 f\u0103r\u0103 niciun pic de menajamente?! C\u00e2t mai \u00eencerca\u021bi s\u0103 ne diminua\u021bi implicarea \u0219i importan\u021ba noastr\u0103 \u00een fotbal? P\u0103i suntem actorii principali! Nu mai putem nici s\u0103 ne exprim\u0103m liberi? \u0102sta e oful nostru.<\/strong><\/p>\n<p><strong>Cei din federa\u021bie \u00eencearc\u0103 mereu s\u0103 te duc\u0103 \u00een zona aia: \u2018Uite ce a zis, amenda\u021bi-i, face\u021bi, drege\u021bi!\u2019 Permanent \u00eencearc\u0103 s\u0103 te provoace, s\u0103 te duc\u0103 \u00een zona asta: \u2018Trebuie pedepsi\u021bi!\u2019 Vor s\u0103 ne fac\u0103 s\u0103 nu mai spunem nimic, s\u0103 nu mai vorbim, s\u0103 spui realitatea. P\u0103i se vede cu ochiul liber, a v\u0103zut o \u021bar\u0103 \u00eentreag\u0103. S\u0103 \u00eencerci s\u0103 faci din negru alb e chiar nesim\u021bire. Cum s\u0103 \u00eencerci s\u0103 faci a\u0219a ceva? Analiza aia f\u0103cut\u0103 de CCA e o ru\u0219ine la adresa oamenilor de fotbal, a celor care se pricep \u0219i bag\u0103 bani \u00een fotbal. Repet, e nesim\u021bire!<\/strong><\/p>\n<p><strong>Nu cred c\u0103 exist\u0103 un singur vinovat pentru situa\u021bia asta \u00een care am ajuns. Eu cred c\u0103, pentru c\u0103 a\u0219a trebuie s\u0103 vorbesc, a\u0219a vor\u2026 Deci eu cred c\u0103 FRF nu e str\u0103in\u0103 de lucrurile astea. Noi vom lua atitudine \u0219i cerem asta \u0219i celorlalte cluburi. A\u0219adar vom face o adres\u0103 la FRF \u0219i c\u0103tre comisii. Nu se poate s\u0103 fim numai noi chema\u021bi \u0219i s\u0103 fim tra\u0219i la r\u0103spundere.<\/strong><\/p>\n<p><strong>Noi am fost mereu transparen\u021bi, iar \u00een arbitraj se promoveaz\u0103 cenzura asta, zero transparen\u021b\u0103. Vezi doar c\u0103 a mai fost suspendat c\u00e2te un arbitru zece etape. A\u0219a \u0219i? Cu ce ne ajut\u0103 asta? Noi pierdem bani! Fiecare loc pierdut \u00een clasament \u00eenseamn\u0103 bani. Ni-i d\u0103 cineva \u00eenapoi la final c\u00e2nd pierdem? Cum \u00eei socotim?&#8221;<\/strong>, declara Ciprian Marica, la data de 2 martie, pentru <a href=\"https:\/\/www.fanatik.ro\/\" rel=\"noopener noreferrer\" target=\"_blank\">Fanatik<\/a>.<\/p>\n<\/div>\n<p><a href=\"https:\/\/www.sport.ro\/liga-1\/marica-n-a-scapat-pedeapsa-primita-dupa-ce-l-a-facut-praf-pe-vassaras.html\" class=\"button purchase\" rel=\"nofollow noopener\" target=\"_blank\">Read More<\/a><\/p>\n","protected":false},"excerpt":{"rendered":"<p>La fel ca Ianis Zicu sau Gic\u0103 Popescu, Ciprian Marica a criticat \u00een termeni duri arbitrajul de la partida Farul Constan\u021ba &#8211; CFR Cluj 1-2, [&hellip;]<\/p>\n","protected":false},"author":1,"featured_media":12525,"comment_status":"open","ping_status":"open","sticky":false,"template":"","format":"standard","meta":{"_monsterinsights_skip_tracking":false,"_monsterinsights_sitenote_active":false,"_monsterinsights_sitenote_note":"","_monsterinsights_sitenote_category":0,"footnotes":""},"categories":[7],"tags":[],"class_list":["post-12524","post","type-post","status-publish","format-standard","has-post-thumbnail","hentry","category-sports"],"aioseo_notices":[],"_links":{"self":[{"href":"https:\/\/info-eforie.ro\/index.php\/wp-json\/wp\/v2\/posts\/12524","targetHints":{"allow":["GET"]}}],"collection":[{"href":"https:\/\/info-eforie.ro\/index.php\/wp-json\/wp\/v2\/posts"}],"about":[{"href":"https:\/\/info-eforie.ro\/index.php\/wp-json\/wp\/v2\/types\/post"}],"author":[{"embeddable":true,"href":"https:\/\/info-eforie.ro\/index.php\/wp-json\/wp\/v2\/users\/1"}],"replies":[{"embeddable":true,"href":"https:\/\/info-eforie.ro\/index.php\/wp-json\/wp\/v2\/comments?post=12524"}],"version-history":[{"count":0,"href":"https:\/\/info-eforie.ro\/index.php\/wp-json\/wp\/v2\/posts\/12524\/revisions"}],"wp:featuredmedia":[{"embeddable":true,"href":"https:\/\/info-eforie.ro\/index.php\/wp-json\/wp\/v2\/media\/12525"}],"wp:attachment":[{"href":"https:\/\/info-eforie.ro\/index.php\/wp-json\/wp\/v2\/media?parent=12524"}],"wp:term":[{"taxonomy":"category","embeddable":true,"href":"https:\/\/info-eforie.ro\/index.php\/wp-json\/wp\/v2\/categories?post=12524"},{"taxonomy":"post_tag","embeddable":true,"href":"https:\/\/info-eforie.ro\/index.php\/wp-json\/wp\/v2\/tags?post=12524"}],"curies":[{"name":"wp","href":"https:\/\/api.w.org\/{rel}","templated":true}]}}