{"id":12506,"date":"2026-04-02T06:57:04","date_gmt":"2026-04-02T06:57:04","guid":{"rendered":"https:\/\/info-eforie.ro\/index.php\/2026\/04\/02\/gigi-becali-invins-pe-linie-de-csa-steaua-clubul-armatei-confirmat-de-ccr-pe-legea-marcilor\/"},"modified":"2026-04-02T06:57:04","modified_gmt":"2026-04-02T06:57:04","slug":"gigi-becali-invins-pe-linie-de-csa-steaua-clubul-armatei-confirmat-de-ccr-pe-legea-marcilor","status":"publish","type":"post","link":"https:\/\/info-eforie.ro\/index.php\/2026\/04\/02\/gigi-becali-invins-pe-linie-de-csa-steaua-clubul-armatei-confirmat-de-ccr-pe-legea-marcilor\/","title":{"rendered":"Gigi Becali, \u00eenvins pe linie de CSA Steaua. Clubul Armatei, confirmat de CCR pe Legea m\u0103rcilor"},"content":{"rendered":"<div>\n<p>Curtea Constitu\u021bional\u0103 a Rom\u00e2niei a respins solicitarea FCSB de modificare a Legii m\u0103rcilor, ultima speran\u021b\u0103 a campioanei din prima lig\u0103 s\u0103 \u00eentoarc\u0103 soarta proceselor pierdute pe linie cu Steaua Bucure\u0219ti.\u00a0<\/p>\n<div><picture><source type=\"image\/webp\"  media=\"(min-width: 1400px)\"><source type=\"image\/webp\"  media=\"(min-width: 1000px)\"><source type=\"image\/webp\"  media=\"(min-width: 700px)\"><source type=\"image\/jpeg\"  media=\"(min-width: 1400px)\"><source type=\"image\/jpeg\"  media=\"(min-width: 1000px)\"><source type=\"image\/jpeg\"  media=\"(min-width: 700px)\"><img decoding=\"async\" src=\"https:\/\/cdn.adh.reperio.news\/image-5\/55ef936c-aee7-45d0-a530-abaafff84b63\/index.jpeg?p=a%3D1%26co%3D1.05%26w%3D700%26h%3D750%26r%3Dcontain%26f%3Dwebp\" alt=\"CSA Steaua joac\u0103 \u00een Ghencea  FOTO FRF\" width=\"1400\" height=\"750\" loading=\"eager\" fetchpriority=\"high\"><\/picture>\n<p>CSA Steaua joac\u0103 \u00een Ghencea  FOTO FRF<\/p>\n<\/div>\n<p>Adrian C\u0103vescu, unul dintre reprezenenta\u021bii FCSB \u00een instan\u021b\u0103, explica acum ceva timp: \u201e<i>Dac\u0103 CCR modific\u0103 articolul, noi putem redeschide procesul prin care \u00een 2014 \u00cenalta Curte ne-a anulat marca.<\/i><\/p>\n<p><i>Atunci, noi redeschidem prin revizuire procesul de anulare a m\u0103rcii Steaua: \u00abDomnilor judec\u0103tori, \u00eentre timp s-a modificat legea, am anulat articolul \u00een baza c\u0103ruia voi a\u021bi anulat marca FCSB-ului, rejudeca\u021bi procesul!\u00bb<\/i>\u201d. Curtea Constitu\u021bional\u0103 le-a respins ast\u0103zi solicitarea, conform euronews.ro.<\/p>\n<p>\u00cen 2025, FCSB a pierdut definitiv \u0219i irevocabil dou\u0103 dosare-cheie contra CSA Steaua Bucure\u0219ti, reprezentat de juristul Florin Talpan.<\/p>\n<p>\u00cen cel privind palmaresul, instan\u021bele au decis c\u0103 CSA Steaua de\u021bine palmaresul \u00eentre 1947 \u0219i 1998, iar FCSB doar perioada 2003-prezent.<\/p>\n<p>\u00cen cel privind m\u0103rcile, solicitarea FCSB-ului de anulare a tuturor m\u0103rcilor Stelei a fost respins\u0103.<\/p>\n<h2>\u00cencepe judecata \u00een ultimul proces, cel av\u00e2nd ca miz\u0103 desp\u0103gubirile<\/h2>\n<p>\u00cen acest context, avoca\u021bii clubului patronat de Gigi Becali \u00ee\u0219i puneau ultimele speran\u021be \u00eentr-un demers la Curtea Constitu\u021bional\u0103 a Rom\u00e2niei, unde au \u00eencercat modificarea Legii m\u0103rcilor.<\/p>\n<p>Ei sus\u021bineau c\u0103 un eventual verdict favorabil ar fi putut duce la redeschiderea procesului din 2014, \u00een care FCSB i-a fost anulat\u0103 marca Stelei, cea folosit\u0103 de clubul lui Gigi Becali \u00eencep\u00e2nd din 2004.<\/p>\n<p>C\u0103vescu \u0219i-a schimbat acum puncte de vedere: \u201e<i>V\u0103d tot felul de articole \u00een pres\u0103, c\u0103 a pierdut Gigi Becali definitiv, nu \u0219tiu ce. Nu am pierdut nimic ast\u0103zi. Procesul se \u00eencheiase \u00een noiembrie 2025, nici nu \u0219tiu de ce CCR a mai judecat acest lucru abia acum, dup\u0103 9 ani<\/i>\u201d.<\/p>\n<p>Decizia de ast\u0103zi deschide drumul pentru judecarea ultimului proces dintre FCSB \u0219i CSA Steaua, cel \u00een care clubul din subordinea MApN solicit\u0103 desp\u0103gubiri de 37 de milioane de euro pentru folosirea ilegal\u0103 a m\u0103rcii Stelei \u00eentre 2004 \u0219i 2014. Primul termen \u00een acel dosar a fost fixat pe 8 aprilie.<\/p>\n<\/p><\/div>\n<p><a href=\"https:\/\/adevarul.ro\/sport\/gigi-becali-invins-pe-linie-de-csa-steaua-clubul-2519681.html\" class=\"button purchase\" rel=\"nofollow noopener\" target=\"_blank\">Read More<\/a><\/p>\n","protected":false},"excerpt":{"rendered":"<p>Curtea Constitu\u021bional\u0103 a Rom\u00e2niei a respins solicitarea FCSB de modificare a Legii m\u0103rcilor, ultima speran\u021b\u0103 a campioanei din prima lig\u0103 s\u0103 \u00eentoarc\u0103 soarta proceselor pierdute [&hellip;]<\/p>\n","protected":false},"author":1,"featured_media":12507,"comment_status":"open","ping_status":"open","sticky":false,"template":"","format":"standard","meta":{"_monsterinsights_skip_tracking":false,"_monsterinsights_sitenote_active":false,"_monsterinsights_sitenote_note":"","_monsterinsights_sitenote_category":0,"footnotes":""},"categories":[6],"tags":[],"class_list":["post-12506","post","type-post","status-publish","format-standard","has-post-thumbnail","hentry","category-popular"],"aioseo_notices":[],"_links":{"self":[{"href":"https:\/\/info-eforie.ro\/index.php\/wp-json\/wp\/v2\/posts\/12506","targetHints":{"allow":["GET"]}}],"collection":[{"href":"https:\/\/info-eforie.ro\/index.php\/wp-json\/wp\/v2\/posts"}],"about":[{"href":"https:\/\/info-eforie.ro\/index.php\/wp-json\/wp\/v2\/types\/post"}],"author":[{"embeddable":true,"href":"https:\/\/info-eforie.ro\/index.php\/wp-json\/wp\/v2\/users\/1"}],"replies":[{"embeddable":true,"href":"https:\/\/info-eforie.ro\/index.php\/wp-json\/wp\/v2\/comments?post=12506"}],"version-history":[{"count":0,"href":"https:\/\/info-eforie.ro\/index.php\/wp-json\/wp\/v2\/posts\/12506\/revisions"}],"wp:featuredmedia":[{"embeddable":true,"href":"https:\/\/info-eforie.ro\/index.php\/wp-json\/wp\/v2\/media\/12507"}],"wp:attachment":[{"href":"https:\/\/info-eforie.ro\/index.php\/wp-json\/wp\/v2\/media?parent=12506"}],"wp:term":[{"taxonomy":"category","embeddable":true,"href":"https:\/\/info-eforie.ro\/index.php\/wp-json\/wp\/v2\/categories?post=12506"},{"taxonomy":"post_tag","embeddable":true,"href":"https:\/\/info-eforie.ro\/index.php\/wp-json\/wp\/v2\/tags?post=12506"}],"curies":[{"name":"wp","href":"https:\/\/api.w.org\/{rel}","templated":true}]}}