{"id":12465,"date":"2026-04-01T06:56:15","date_gmt":"2026-04-01T06:56:15","guid":{"rendered":"https:\/\/info-eforie.ro\/index.php\/2026\/04\/01\/mm-stoica-reactie-dura-dupa-ce-romania-a-ratat-al-saptelea-mondial-consecutiv-ne-ducem-si-mai-jos-va-fi-rau\/"},"modified":"2026-04-01T06:56:15","modified_gmt":"2026-04-01T06:56:15","slug":"mm-stoica-reactie-dura-dupa-ce-romania-a-ratat-al-saptelea-mondial-consecutiv-ne-ducem-si-mai-jos-va-fi-rau","status":"publish","type":"post","link":"https:\/\/info-eforie.ro\/index.php\/2026\/04\/01\/mm-stoica-reactie-dura-dupa-ce-romania-a-ratat-al-saptelea-mondial-consecutiv-ne-ducem-si-mai-jos-va-fi-rau\/","title":{"rendered":"MM Stoica, reac\u021bie dur\u0103 dup\u0103 ce Rom\u00e2nia a ratat al \u0219aptelea Mondial consecutiv: \u201dNe ducem \u0219i mai jos, va fi r\u0103u\u201d"},"content":{"rendered":"<div>\n<p>Prima reprezentativ\u0103 a pierdut joi\u00a0semifinala barajului cu Turcia la Istanbul, scor 0-1, \u0219i a ratat, \u00een consecin\u021b\u0103, al \u0219aptelea Campionat Mondial. Edi\u021bia din 2026 se \u021bine \u00een Statele Unite ale Americii, Mexic \u0219i Canada.<\/p>\n<p>Rom\u00e2nia a pierdut \u0219i meciul amical cu Slovacia de la Bratislava cu 2-0, dup\u0103 autogolul lui Daniel B\u00eerligea (minutul 7) \u0219i golul lui David Strelec (minutul 46), precedat de o eroare impardonabil\u0103 a lui Marian Aioani.<\/p>\n<h2><strong>MM Stoica, reac\u021bie dur\u0103 dup\u0103 ce Rom\u00e2nia a ratat al \u0219aptelea Mondial consecutiv: \u201dNe ducem \u0219i mai jos, va fi r\u0103u\u201d<\/strong><\/h2>\n<p>Mihai Stoica, pre\u0219edintele Consiliului de Administra\u021bie de la FCSB, a sugerat c\u0103 la echipa na\u021bional\u0103 nu exist\u0103 o strategie clar\u0103, ci doar alegeri f\u0103cute de la un moment la altul. El a afirmat c\u0103 baza de selec\u021bie este slab\u0103, iar genera\u021biile care vin din urm\u0103 arat\u0103 tot mai r\u0103u.<\/p>\n<p><strong>\u201dPentru mine nu exist\u0103 strategie la echipa na\u021bional\u0103. Este cea mai bun\u0103 echip\u0103 la momentul respectiv, de aceea acum nu \u0219tim ce se va \u00eent\u00e2mpla \u00een iunie sau septembrie. Este o chestie foarte clar\u0103. Nu \u0219tim ce se va \u00eent\u00e2mpla.\u00a0<\/strong><\/p>\n<p><strong>Ideea este c\u0103 nu avem un bazin foarte interesant pentru scouterii echipei na\u021bionale \u0219i ce vine din urm\u0103 m\u0103 tem c\u0103 e tragic, cu toat\u0103 regula aceasta care pune s\u0103 joace juc\u0103tori mode\u0219ti, care nu ar avea voie s\u0103 joace nici m\u0103car la nivel de Liga 2.<\/strong><\/p>\n<p><strong>S\u0103 vede\u021bi ce va veni, s\u0103 vede\u021bi genera\u021biile urm\u0103toare. Ne batem cu pumnii \u00een piept c\u0103 facem rezultate la juniori, nu conteaz\u0103, conteaz\u0103 doar ca ei s\u0103 promoveze la tineret \u0219i ei la echipa mare, punct. E foarte mult loc s\u0103 ne ducem \u0219i mai jos. Va fi r\u0103u\u201d<\/strong>, a spus Mihai Stoica la televiziunea Prima Sport.<\/p>\n<\/div>\n<p><a href=\"https:\/\/www.sport.ro\/nationala\/mm-stoica-reactie-dura-dupa-ce-romania-a-ratat-al-saptelea-mondial-consecutiv-ne-ducem-si-mai-jos-va-fi-rau.html\" class=\"button purchase\" rel=\"nofollow noopener\" target=\"_blank\">Read More<\/a><\/p>\n","protected":false},"excerpt":{"rendered":"<p>Prima reprezentativ\u0103 a pierdut joi\u00a0semifinala barajului cu Turcia la Istanbul, scor 0-1, \u0219i a ratat, \u00een consecin\u021b\u0103, al \u0219aptelea Campionat Mondial. Edi\u021bia din 2026 se [&hellip;]<\/p>\n","protected":false},"author":1,"featured_media":12466,"comment_status":"open","ping_status":"open","sticky":false,"template":"","format":"standard","meta":{"_monsterinsights_skip_tracking":false,"_monsterinsights_sitenote_active":false,"_monsterinsights_sitenote_note":"","_monsterinsights_sitenote_category":0,"footnotes":""},"categories":[7],"tags":[],"class_list":["post-12465","post","type-post","status-publish","format-standard","has-post-thumbnail","hentry","category-sports"],"aioseo_notices":[],"_links":{"self":[{"href":"https:\/\/info-eforie.ro\/index.php\/wp-json\/wp\/v2\/posts\/12465","targetHints":{"allow":["GET"]}}],"collection":[{"href":"https:\/\/info-eforie.ro\/index.php\/wp-json\/wp\/v2\/posts"}],"about":[{"href":"https:\/\/info-eforie.ro\/index.php\/wp-json\/wp\/v2\/types\/post"}],"author":[{"embeddable":true,"href":"https:\/\/info-eforie.ro\/index.php\/wp-json\/wp\/v2\/users\/1"}],"replies":[{"embeddable":true,"href":"https:\/\/info-eforie.ro\/index.php\/wp-json\/wp\/v2\/comments?post=12465"}],"version-history":[{"count":0,"href":"https:\/\/info-eforie.ro\/index.php\/wp-json\/wp\/v2\/posts\/12465\/revisions"}],"wp:featuredmedia":[{"embeddable":true,"href":"https:\/\/info-eforie.ro\/index.php\/wp-json\/wp\/v2\/media\/12466"}],"wp:attachment":[{"href":"https:\/\/info-eforie.ro\/index.php\/wp-json\/wp\/v2\/media?parent=12465"}],"wp:term":[{"taxonomy":"category","embeddable":true,"href":"https:\/\/info-eforie.ro\/index.php\/wp-json\/wp\/v2\/categories?post=12465"},{"taxonomy":"post_tag","embeddable":true,"href":"https:\/\/info-eforie.ro\/index.php\/wp-json\/wp\/v2\/tags?post=12465"}],"curies":[{"name":"wp","href":"https:\/\/api.w.org\/{rel}","templated":true}]}}