{"id":12449,"date":"2026-03-31T06:57:07","date_gmt":"2026-03-31T06:57:07","guid":{"rendered":"https:\/\/info-eforie.ro\/index.php\/2026\/03\/31\/au-inceput-inscrierile-pentru-sezonul-2-desafio-aventura-daniel-pavel-a-sosit-momentul-mult-asteptat\/"},"modified":"2026-03-31T06:57:07","modified_gmt":"2026-03-31T06:57:07","slug":"au-inceput-inscrierile-pentru-sezonul-2-desafio-aventura-daniel-pavel-a-sosit-momentul-mult-asteptat","status":"publish","type":"post","link":"https:\/\/info-eforie.ro\/index.php\/2026\/03\/31\/au-inceput-inscrierile-pentru-sezonul-2-desafio-aventura-daniel-pavel-a-sosit-momentul-mult-asteptat\/","title":{"rendered":"Au \u00eenceput \u00eenscrierile pentru sezonul 2 Desafio: Aventura! Daniel Pavel: \u201eA sosit momentul mult a\u0219teptat\u201d"},"content":{"rendered":"<div>\n<p>\u00cen timp ce emisiunea este \u00een plin\u0103 desf\u0103\u0219urare \u0219i cucere\u0219te publicul prin intensitate, emo\u021bie \u0219i provoc\u0103ri spectaculoase, PRO TV anun\u021b\u0103 oficial deschiderea castingului pentru sezonul al doilea. To\u021bi cei care \u00ee\u0219i doresc s\u0103 tr\u0103iasc\u0103 o experien\u021b\u0103 unic\u0103 \u0219i s\u0103 \u00ee\u0219i testeze limitele fizice, psihice \u0219i emo\u021bionale pot avea \u0219ansa de a participa \u00een cel de-al doilea sezon al emisiunii acces\u00e2nd link-ul inscrieri.protv.ro.<\/p>\n<p>\u201e<strong>Aventuro\u0219i, a sosit momentul mult a\u0219teptat de voi, s\u0103 anun\u021b\u0103m castingul pentru noul sezon Desafio: Aventura, deschis. V-a\u021bi familiarizat deja, din fa\u021ba micilor ecrane, cu ceea ce se m\u0103n\u00e2nc\u0103, se tr\u0103ie\u0219te, se lupt\u0103 \u0219i se c\u00e2\u0219tig\u0103 \u00een aventura provoc\u0103rilor PRO TV din jungla Thailandei. Desafio: Aventura este reality show-ul \u00een care visele voastre de aventur\u0103 chiar prind realitate. V\u0103 a\u0219tept s\u0103 v\u0103 lupta\u021bi pentru \u0219ansa voastr\u0103 \u0219i ne vedem, pe traseu, \u00een Thailanda<\/strong>\u201d, spune Daniel Pavel.<\/p>\n<p>Comunit\u0103\u021bile de fani \u00ee\u0219i sus\u021bin cu pasiune echipele \u0219i concuren\u021bii favori\u021bi, iar pe re\u021belele sociale discu\u021biile sunt constante, strategiile sunt analizate \u00een detaliu, iar fiecare prob\u0103 genereaz\u0103 reac\u021bii, dezbateri \u0219i valuri de sus\u021binere. Echipele \u0219i-au construit o baz\u0103 solid\u0103 de fani, care tr\u0103ie\u0219te intens fiecare moment. Toat\u0103 aceast\u0103 implicare transform\u0103 competi\u021bia \u00eentr-o experien\u021b\u0103 colectiv\u0103 \u0219i acum e momentul ca publicul s\u0103 devin\u0103 parte din poveste, prin \u00eenscrierea la casting.<\/p>\n<p>A\u0219adar, to\u021bi cei care se simt preg\u0103ti\u021bi pentru cea mai intens\u0103 provocare \u0219i vor s\u0103 tr\u0103iasc\u0103 aventura vie\u021bii lor, acum este momentul. \u00censcrie-te aici: inscrieri.protv.ro pentru a avea \u0219ansa de a fi parte din sezonul 2 Desafio: Aventura!<\/p>\n<\/div>\n<p><a href=\"https:\/\/www.sport.ro\/promo\/au-inceput-inscrierile-pentru-sezonul-2-desafio-aventura-daniel-pavel-a-sosit-momentul-mult-asteptat.html\" class=\"button purchase\" rel=\"nofollow noopener\" target=\"_blank\">Read More<\/a><\/p>\n","protected":false},"excerpt":{"rendered":"<p>\u00cen timp ce emisiunea este \u00een plin\u0103 desf\u0103\u0219urare \u0219i cucere\u0219te publicul prin intensitate, emo\u021bie \u0219i provoc\u0103ri spectaculoase, PRO TV anun\u021b\u0103 oficial deschiderea castingului pentru sezonul [&hellip;]<\/p>\n","protected":false},"author":1,"featured_media":12450,"comment_status":"open","ping_status":"open","sticky":false,"template":"","format":"standard","meta":{"_monsterinsights_skip_tracking":false,"_monsterinsights_sitenote_active":false,"_monsterinsights_sitenote_note":"","_monsterinsights_sitenote_category":0,"footnotes":""},"categories":[7],"tags":[],"class_list":["post-12449","post","type-post","status-publish","format-standard","has-post-thumbnail","hentry","category-sports"],"aioseo_notices":[],"_links":{"self":[{"href":"https:\/\/info-eforie.ro\/index.php\/wp-json\/wp\/v2\/posts\/12449","targetHints":{"allow":["GET"]}}],"collection":[{"href":"https:\/\/info-eforie.ro\/index.php\/wp-json\/wp\/v2\/posts"}],"about":[{"href":"https:\/\/info-eforie.ro\/index.php\/wp-json\/wp\/v2\/types\/post"}],"author":[{"embeddable":true,"href":"https:\/\/info-eforie.ro\/index.php\/wp-json\/wp\/v2\/users\/1"}],"replies":[{"embeddable":true,"href":"https:\/\/info-eforie.ro\/index.php\/wp-json\/wp\/v2\/comments?post=12449"}],"version-history":[{"count":0,"href":"https:\/\/info-eforie.ro\/index.php\/wp-json\/wp\/v2\/posts\/12449\/revisions"}],"wp:featuredmedia":[{"embeddable":true,"href":"https:\/\/info-eforie.ro\/index.php\/wp-json\/wp\/v2\/media\/12450"}],"wp:attachment":[{"href":"https:\/\/info-eforie.ro\/index.php\/wp-json\/wp\/v2\/media?parent=12449"}],"wp:term":[{"taxonomy":"category","embeddable":true,"href":"https:\/\/info-eforie.ro\/index.php\/wp-json\/wp\/v2\/categories?post=12449"},{"taxonomy":"post_tag","embeddable":true,"href":"https:\/\/info-eforie.ro\/index.php\/wp-json\/wp\/v2\/tags?post=12449"}],"curies":[{"name":"wp","href":"https:\/\/api.w.org\/{rel}","templated":true}]}}