{"id":1241,"date":"2025-01-15T11:24:06","date_gmt":"2025-01-15T11:24:06","guid":{"rendered":"https:\/\/info-eforie.ro\/index.php\/2025\/01\/15\/interesul-lui-trump-pentru-groenlanda-este-considerat-de-autoritatile-locale-drept-un-avertisment-pentru-copenhaga\/"},"modified":"2025-01-15T11:24:06","modified_gmt":"2025-01-15T11:24:06","slug":"interesul-lui-trump-pentru-groenlanda-este-considerat-de-autoritatile-locale-drept-un-avertisment-pentru-copenhaga","status":"publish","type":"post","link":"https:\/\/info-eforie.ro\/index.php\/2025\/01\/15\/interesul-lui-trump-pentru-groenlanda-este-considerat-de-autoritatile-locale-drept-un-avertisment-pentru-copenhaga\/","title":{"rendered":"Interesul lui Trump pentru Groenlanda este considerat de autorit\u0103\u021bile locale drept un \u201eavertisment pentru Copenhaga\u201d"},"content":{"rendered":"<div>\n<p>Autorit\u0103\u021bile din Groenlanda v\u0103d interesul lui Donald Trump pentru acest teritoriu ca pe un lucru pozitiv. Un ministru acuz\u0103 Danemarca c\u0103 nu a reu\u0219it s\u0103 r\u0103spund\u0103 \u00een mod adecvat cererilor de ac\u021biune privind mineralele \u0219i a presupusele abuzuri de stat.<\/p>\n<div><picture loading=\"eager\" width=\"1400\" height=\"750\" alt=\"Groenlanda Foto: X\"><source type=\"image\/webp\"  media=\"(min-width: 1400px)\"><source type=\"image\/webp\"  media=\"(min-width: 1000px)\"><source type=\"image\/webp\"  media=\"(min-width: 700px)\"><source type=\"image\/jpeg\"  media=\"(min-width: 1400px)\"><source type=\"image\/jpeg\"  media=\"(min-width: 1000px)\"><source type=\"image\/jpeg\"  media=\"(min-width: 700px)\"><img fetchpriority=\"high\" decoding=\"async\" src=\"https:\/\/cdn.adh.reperio.news\/image-f\/f1c30d7c-d752-4949-8408-60a9c424919c\/index.jpeg?p=a%3D1%26co%3D1.05%26w%3D700%26h%3D750%26r%3Dcontain%26f%3Dwebp\" alt=\"Groenlanda Foto: X\" width=\"1400\" height=\"750\" loading=\"eager\"><\/picture>\n<p>Groenlanda Foto: X<\/p>\n<\/div>\n<p>Naaja<br \/>\nNathanielsen, ministrul Groenlandei pentru locuin\u021be, infrastructur\u0103, minerale,<br \/>\njusti\u021bie \u0219i egalitate de gen, a declarat c\u0103 Guvernul a \u00eencercat s\u0103 atrag\u0103 interes pentru colaborare at\u00e2t cu Uniunea European\u0103, c\u00e2t \u0219i cu SUA de \u201emai mul\u021bi ani\u201d, dar abia acum a<br \/>\nfost ob\u021binut\u0103 aten\u021bia c\u0103utat\u0103.<\/p>\n<p>Reac\u021bia sa a venit dup\u0103 ce\u00a0M\u00fate Egede prim-ministrul Groenlandei, a declarat, luni, c\u0103 guvernul s\u0103u caut\u0103 modalit\u0103\u021bi de cooperare cu Statele Unite \u0219i c\u0103 este preg\u0103tit s\u0103 \u00eenceap\u0103 un dialog cu <a href=\"https:\/\/adevarul.ro\/stiri-externe\/sua\/cum-si-la-ce-pret-ar-putea-trump-sa-cumpere-2413518.html\">administra\u021bia Trump<\/a>. Premierul nu a<br \/>\nspus, \u00eens\u0103, c\u0103 va fi deschis c\u0103tre o preluare de c\u0103tre SUA a teritoriului<br \/>\nautonom.<\/p>\n<p>\u201e<i>Am \u00eencercat s\u0103 ob\u021binem mai mult\u0103 implicare at\u00e2t din<br \/>\npartea UE, c\u00e2t \u0219i din partea Statelor Unite de mai mul\u021bi ani, a\u0219a c\u0103 cred c\u0103 acesta<br \/>\neste \u00eentr-o oarecare m\u0103sur\u0103, a\u0219 spune cu oarecare ezitare, tipul de aten\u021bie pe<br \/>\ncare am fost c\u0103utat-o<\/i>\u201d, a spus ministrul\u00a0Naaja Nathanielsen pentru <a href=\"https:\/\/www.theguardian.com\/world\/2025\/jan\/14\/trump-interest-in-greenland-is-wake-up-call-to-copenhagen-says-minister\" rel=\"nofollow\">The Guardian<\/a>.<\/p>\n<p>Ministrul a mai afirmat c\u0103 pe fondul<br \/>\ncererilor tot mai mari de independen\u021b\u0103 fa\u021b\u0103 de Danemarca, Groenlanda va stimula<br \/>\ninteresul SUA pentru a cere dreptate din partea Danemarcei.<\/p>\n<p>\u201eM\u0103 a\u015ftept<br \/>\nca din partea noastr\u0103 s\u0103 folosim acest interes re\u00eennoit pentru rela\u0163ia noastr\u0103<br \/>\n[cu Danemarca] pentru a sublinia importan\u0163a ca ei s\u0103 nu se opreasc\u0103 aici. Ei<br \/>\ntrebuie s\u0103 se uite la scandalul DIU (scandalul contraceptivelor for\u021bate), trebuie s\u0103 se uite la adop\u021bii \u0219i trebuie<br \/>\ns\u0103 \u00ee\u0219i revendice responsabilitatea \u0219i s\u0103 se asigure c\u0103 aceste cazuri sunt<br \/>\nsolu\u021bionate \u0219i s\u0103 se asigure c\u0103 putem da pace oamenilor care au fost implica\u021bi.<br \/>\nCu siguran\u021b\u0103 voi continua presiunea\u201d, a mai precizat aceasta.<\/p>\n<p>Groenlanda<br \/>\n\u0219i SUA colaboreaz\u0103 deja la minereuri ca urmare a unui acord din 2019 \u00eencheiat<br \/>\n\u00een timpul primei administra\u021bii Trump, dar acel acord se apropie de final.<br \/>\nNathanielsen a spus c\u0103 Groenlanda sper\u0103 la un nou acord.<\/p>\n<p>P\u00e2n\u0103 acum,<br \/>\ncolaborarea dintre SUA \u0219i Groenlanda cu privire la minerale a inclus cartografiere,<br \/>\nanaliz\u0103, lucru pe teren \u0219i marketing direct, a mai spus ministrul. Acum ea sper\u0103 c\u0103 va<br \/>\nduce la finan\u021bare care s\u0103 ajute la demararea proiectelor.<\/p>\n<p>Groenlanda este cea mai mare insul\u0103 din lume, parte a Danemarcei de 600 de ani, chiar dac\u0103 cei 57.000 de locuitori ai s\u0103i \u00ee\u0219i gestioneaz\u0103 \u00een prezent propriile afaceri interne.<\/p>\n<p> Guvernul insulei, condus de <a href=\"https:\/\/adevarul.ro\/stiri-externe\/europa\/nu-vrem-sa-fim-americani-spune-premierul-2414140.html\">prim-ministrul M\u00fate Egede<\/a>, are ca obiectiv o eventual\u0103 independen\u021b\u0103.<\/p>\n<\/p><\/div>\n<p><a href=\"https:\/\/adevarul.ro\/stiri-externe\/in-lume\/interesul-lui-trump-pentru-groenlanda-este-2414861.html\" class=\"button purchase\" rel=\"nofollow noopener\" target=\"_blank\">Read More<\/a><\/p>\n","protected":false},"excerpt":{"rendered":"<p>Autorit\u0103\u021bile din Groenlanda v\u0103d interesul lui Donald Trump pentru acest teritoriu ca pe un lucru pozitiv. Un ministru acuz\u0103 Danemarca c\u0103 nu a reu\u0219it s\u0103 [&hellip;]<\/p>\n","protected":false},"author":1,"featured_media":1242,"comment_status":"open","ping_status":"open","sticky":false,"template":"","format":"standard","meta":{"_monsterinsights_skip_tracking":false,"_monsterinsights_sitenote_active":false,"_monsterinsights_sitenote_note":"","_monsterinsights_sitenote_category":0,"footnotes":""},"categories":[6],"tags":[],"class_list":["post-1241","post","type-post","status-publish","format-standard","has-post-thumbnail","hentry","category-popular"],"aioseo_notices":[],"_links":{"self":[{"href":"https:\/\/info-eforie.ro\/index.php\/wp-json\/wp\/v2\/posts\/1241","targetHints":{"allow":["GET"]}}],"collection":[{"href":"https:\/\/info-eforie.ro\/index.php\/wp-json\/wp\/v2\/posts"}],"about":[{"href":"https:\/\/info-eforie.ro\/index.php\/wp-json\/wp\/v2\/types\/post"}],"author":[{"embeddable":true,"href":"https:\/\/info-eforie.ro\/index.php\/wp-json\/wp\/v2\/users\/1"}],"replies":[{"embeddable":true,"href":"https:\/\/info-eforie.ro\/index.php\/wp-json\/wp\/v2\/comments?post=1241"}],"version-history":[{"count":0,"href":"https:\/\/info-eforie.ro\/index.php\/wp-json\/wp\/v2\/posts\/1241\/revisions"}],"wp:featuredmedia":[{"embeddable":true,"href":"https:\/\/info-eforie.ro\/index.php\/wp-json\/wp\/v2\/media\/1242"}],"wp:attachment":[{"href":"https:\/\/info-eforie.ro\/index.php\/wp-json\/wp\/v2\/media?parent=1241"}],"wp:term":[{"taxonomy":"category","embeddable":true,"href":"https:\/\/info-eforie.ro\/index.php\/wp-json\/wp\/v2\/categories?post=1241"},{"taxonomy":"post_tag","embeddable":true,"href":"https:\/\/info-eforie.ro\/index.php\/wp-json\/wp\/v2\/tags?post=1241"}],"curies":[{"name":"wp","href":"https:\/\/api.w.org\/{rel}","templated":true}]}}