{"id":12385,"date":"2026-03-29T06:55:24","date_gmt":"2026-03-29T06:55:24","guid":{"rendered":"https:\/\/info-eforie.ro\/index.php\/2026\/03\/29\/un-mecanic-de-locomotiva-a-evitat-un-dezastru-la-barbosi-dupa-ce-trenul-galati-suceava-a-fost-deviat-pe-un-fir-gresit-ancheta-penala-in-curs\/"},"modified":"2026-03-29T06:55:24","modified_gmt":"2026-03-29T06:55:24","slug":"un-mecanic-de-locomotiva-a-evitat-un-dezastru-la-barbosi-dupa-ce-trenul-galati-suceava-a-fost-deviat-pe-un-fir-gresit-ancheta-penala-in-curs","status":"publish","type":"post","link":"https:\/\/info-eforie.ro\/index.php\/2026\/03\/29\/un-mecanic-de-locomotiva-a-evitat-un-dezastru-la-barbosi-dupa-ce-trenul-galati-suceava-a-fost-deviat-pe-un-fir-gresit-ancheta-penala-in-curs\/","title":{"rendered":"Un mecanic de locomotiv\u0103 a evitat un dezastru, la Barbo\u0219i, dup\u0103 ce trenul Gala\u021bi-Suceava a fost deviat pe un fir gre\u0219it. Anchet\u0103 penal\u0103 \u00een curs"},"content":{"rendered":"<div>\n<p>Un mecanic de locomotiv\u0103 a evitat un accident grav la sta\u021bia C.F.R. Barbo\u0219i C\u0103l\u0103tori, dup\u0103 ce trenul InterRegio 11078, care circula pe ruta Gala\u021bi \u2013 Suceava, a fost deviat eronat pe un fir neprev\u0103zut. Mecanicul \u0219i-a dat seama la timp c\u0103 trenul a fost pus pe o linie gre\u0219it\u0103 \u0219i a oprit locomotiva \u00een siguran\u021b\u0103.<\/p>\n<div><picture><source type=\"image\/webp\"  media=\"(min-width: 1400px)\"><source type=\"image\/webp\"  media=\"(min-width: 1000px)\"><source type=\"image\/webp\"  media=\"(min-width: 700px)\"><img decoding=\"async\" src=\"https:\/\/cdn.adh.reperio.news\/image-3\/3ae5ec8f-c6c1-41ef-ac75-b90dfa17a430\/index.webp?p=a%3D1%26co%3D1.05%26w%3D700%26h%3D750%26r%3Dcontain%26f%3Dwebp\" alt=\"Tren CFR C\u0103l\u0103tori FOTO: arhiv\u0103\" width=\"1400\" height=\"750\" loading=\"eager\" fetchpriority=\"high\"><\/picture>\n<p>Tren CFR C\u0103l\u0103tori FOTO: arhiv\u0103<\/p>\n<\/div>\n<p><i>\u201eLa data de 28 martie 2026, poli\u021bi\u0219tii din cadrul Sec\u021biei Regionale de Poli\u021bie Transporturi Gala\u021bi \u2013 Biroul Jude\u021bean de Poli\u021bie Transporturi Gala\u021bi s-au sesizat din oficiu, \u00een urma verific\u0103rilor efectuate, cu privire la producerea unui incident feroviar. Din cercet\u0103rile preliminare a reie\u0219it faptul c\u0103, la data de 26 martie 2026, \u00een jurul orei 16:07, \u00een sta\u021bia C.F.R. Barbo\u0219i C\u0103l\u0103tori, trenul InterRegio 11078, care circula pe ruta Gala\u021bi \u2013 Suceava, ar fi fost direc\u021bionat \u00een mod eronat pe un alt fir de circula\u021bie dec\u00e2t cel prev\u0103zut \u00een itinerariul stabilit\u201d,<\/i> a transmis IPJ Gala\u021bi.<\/p>\n<p>Dup\u0103<a href=\"https:\/\/adevarul.ro\/stiri-interne\/societate\/asta-nu-e-un-avion-la-clasa-intai-e-un-tren-din-2508196.html\"> parcurgerea unei distan\u021be de aproximativ 300 de metri,<\/a>\u00a0mecanicul de locomotiv\u0103 a observat neconcordan\u021ba traseului, a oprit trenul \u00een condi\u021bii de siguran\u021b\u0103 \u0219i a semnalat situa\u021bia conform procedurilor specifice.<\/p>\n<p>Trenul a fost ulterior reintrodus pe traseul corect din sta\u021bia C.F.R. Barbo\u0219i C\u0103l\u0103tori, \u00eenregistr\u00e2nd o \u00eent\u00e2rziere de aproximativ 40 de minute, dup\u0103 care \u0219i-a continuat deplasarea \u00een condi\u021bii normale.<\/p>\n<p>\u00cen urma incidentului<a href=\"https:\/\/adevarul.ro\/stiri-interne\/evenimente\/circulatia-feroviara-este-suspendata-pe-mai-multe-2509146.html\"> nu s-au \u00eenregistrat victime \u0219i nici pagube materiale.<\/a><\/p>\n<p>Poli\u021bi\u0219tii au \u00eentocmit dosar penal pentru <i>\u201es\u0103v\u00e2r\u0219irea infrac\u021biunilor de distrugere sau semnalizare fals\u0103 \u0219i ne\u00eendeplinirea atribu\u021biilor de serviciu sau \u00eendeplinirea defectuoas\u0103 a acestora din culp\u0103, urm\u00e2nd ca cercet\u0103rile s\u0103 stabileasc\u0103 cu exactitate cauzele \u0219i \u00eemprejur\u0103rile producerii incidentului\u201d.<\/i><\/p>\n<\/p><\/div>\n<p><a href=\"https:\/\/adevarul.ro\/stiri-interne\/evenimente\/un-mecanic-de-locomotiva-a-evitat-un-dezastru-la-2518692.html\" class=\"button purchase\" rel=\"nofollow noopener\" target=\"_blank\">Read More<\/a><\/p>\n","protected":false},"excerpt":{"rendered":"<p>Un mecanic de locomotiv\u0103 a evitat un accident grav la sta\u021bia C.F.R. Barbo\u0219i C\u0103l\u0103tori, dup\u0103 ce trenul InterRegio 11078, care circula pe ruta Gala\u021bi \u2013 [&hellip;]<\/p>\n","protected":false},"author":1,"featured_media":12386,"comment_status":"open","ping_status":"open","sticky":false,"template":"","format":"standard","meta":{"_monsterinsights_skip_tracking":false,"_monsterinsights_sitenote_active":false,"_monsterinsights_sitenote_note":"","_monsterinsights_sitenote_category":0,"footnotes":""},"categories":[6],"tags":[],"class_list":["post-12385","post","type-post","status-publish","format-standard","has-post-thumbnail","hentry","category-popular"],"aioseo_notices":[],"_links":{"self":[{"href":"https:\/\/info-eforie.ro\/index.php\/wp-json\/wp\/v2\/posts\/12385","targetHints":{"allow":["GET"]}}],"collection":[{"href":"https:\/\/info-eforie.ro\/index.php\/wp-json\/wp\/v2\/posts"}],"about":[{"href":"https:\/\/info-eforie.ro\/index.php\/wp-json\/wp\/v2\/types\/post"}],"author":[{"embeddable":true,"href":"https:\/\/info-eforie.ro\/index.php\/wp-json\/wp\/v2\/users\/1"}],"replies":[{"embeddable":true,"href":"https:\/\/info-eforie.ro\/index.php\/wp-json\/wp\/v2\/comments?post=12385"}],"version-history":[{"count":0,"href":"https:\/\/info-eforie.ro\/index.php\/wp-json\/wp\/v2\/posts\/12385\/revisions"}],"wp:featuredmedia":[{"embeddable":true,"href":"https:\/\/info-eforie.ro\/index.php\/wp-json\/wp\/v2\/media\/12386"}],"wp:attachment":[{"href":"https:\/\/info-eforie.ro\/index.php\/wp-json\/wp\/v2\/media?parent=12385"}],"wp:term":[{"taxonomy":"category","embeddable":true,"href":"https:\/\/info-eforie.ro\/index.php\/wp-json\/wp\/v2\/categories?post=12385"},{"taxonomy":"post_tag","embeddable":true,"href":"https:\/\/info-eforie.ro\/index.php\/wp-json\/wp\/v2\/tags?post=12385"}],"curies":[{"name":"wp","href":"https:\/\/api.w.org\/{rel}","templated":true}]}}