{"id":12367,"date":"2026-03-28T06:56:05","date_gmt":"2026-03-28T06:56:05","guid":{"rendered":"https:\/\/info-eforie.ro\/index.php\/2026\/03\/28\/grideanu-prezinta-trei-scenarii-posibile-pentru-viitorul-coalitiei-ce-spune-liderul-psd-despre-o-alianta-cu-aur\/"},"modified":"2026-03-28T06:56:05","modified_gmt":"2026-03-28T06:56:05","slug":"grideanu-prezinta-trei-scenarii-posibile-pentru-viitorul-coalitiei-ce-spune-liderul-psd-despre-o-alianta-cu-aur","status":"publish","type":"post","link":"https:\/\/info-eforie.ro\/index.php\/2026\/03\/28\/grideanu-prezinta-trei-scenarii-posibile-pentru-viitorul-coalitiei-ce-spune-liderul-psd-despre-o-alianta-cu-aur\/","title":{"rendered":"Grideanu prezint\u0103 trei scenarii posibile pentru viitorul coali\u021biei. Ce spune liderul PSD despre o alian\u021b\u0103 cu AUR"},"content":{"rendered":"<div>\n<p>Liderul PSD, Sorin Grindeanu, a prezentat vineri trei scenarii pe care partidul s\u0103u le ia \u00een considerare \u00een ceea ce prive\u0219te viitorul coali\u021biei de guvernare, inclusiv trecerea \u00een opozi\u021bie.<\/p>\n<div><picture><source type=\"image\/webp\"  media=\"(min-width: 1400px)\"><source type=\"image\/webp\"  media=\"(min-width: 1000px)\"><source type=\"image\/webp\"  media=\"(min-width: 700px)\"><source type=\"image\/jpeg\"  media=\"(min-width: 1400px)\"><source type=\"image\/jpeg\"  media=\"(min-width: 1000px)\"><source type=\"image\/jpeg\"  media=\"(min-width: 700px)\"><img decoding=\"async\" src=\"https:\/\/cdn.adh.reperio.news\/image-c\/c6e24da7-ff15-469f-9da8-edb9251af81b\/index.jpeg?p=a%3D1%26co%3D1.05%26w%3D700%26h%3D750%26r%3Dcontain%26f%3Dwebp\" alt=\"Sorin Grindeanu  FOTO Inquam Photos \/ Octav Ganea\" width=\"1400\" height=\"750\" loading=\"eager\" fetchpriority=\"high\"><\/picture>\n<p>Sorin Grindeanu  FOTO Inquam Photos \/ Octav Ganea<\/p>\n<\/div>\n<p>Sorin Grindeanu a vorbit la finalul \u00eent\u00e2lnirii regionale Sud Vest Oltenia a partidului despre func\u021bionarea coali\u021biei.<\/p>\n<p><i>\u201eDe fiecare dat\u0103 c\u00e2nd venim cu c\u00e2te o propunere, trebuie s\u0103 amenin\u021b\u0103m. \u0218i da, este despre economie. \u0218i a\u0219 transmite \u00een mod direct: Ilie, este despre economie, \u0219i nu e despre s\u0103r\u0103cie. \u0218i \u00een acest moment, \u00een Rom\u00e2nia, lucrurile merg \u00eentr-o direc\u021bie proast\u0103. Asta am analizat noi ast\u0103zi \u0219i asta vom analiza la toate \u00eent\u00e2lnirile regionale pe care le vom avea \u00een perioada urm\u0103toare\u201d<\/i>, a declarat Sorin Grindeanu.<\/p>\n<p>Sorin Grindeanu a acuzat lipsa de influen\u021b\u0103 a partidului \u00een cadrul coali\u021biei \u0219i\u00a0<\/p>\n<p>l-a acuzat pe premierul Ilie Bolojan c\u0103\u00a0<i>\u201e<\/i><i>nu s-a purtat ca un premier<\/i><i>\u201d.<\/i><\/p>\n<p><i>\u201ePSD reprezint\u0103 45% din coali\u021bie ca pondere de locuri \u00een Parlament. Concluzia \u0219edin\u021bei de ast\u0103zi e c\u0103 prim-ministrul nu s-a purtat ca un premier. C\u00e2nd ai voturile \u0219i faci parte dintr-o coali\u021bie \u00een care cel mai mare partid nu e b\u0103gat \u00een seam\u0103 sau c\u00e2nd e b\u0103gat \u00een seam\u0103 trebuie s\u0103 amenin\u021be lucrurile nu mai sunt coordonat constructive. Noi, \u00een 20 aprilie vom face aceast\u0103 consultare \u00een care cei care voteaz\u0103 vor fi informa\u021bi de toate op\u021biunile. Din sal\u0103 s-au ridicat foarte mul\u021bi colegi cu propuneri bune\u201d<\/i>, a continuat <a href=\"https:\/\/adevarul.ro\/politica\/sorin-grindeanu-nu-exclude-remanierea-unor-2518011.html\">Sorin Grindeanu.<\/a><\/p>\n<p>Grindeanu a declarat c\u0103 sunt trei scenarii:<i> \u201eS\u0103 r\u0103m\u00e2nem \u00een aceast\u0103 formul\u0103 cum suntem acum, cu prim-ministrul Ilie Bolojan \u0219i \u00een configura\u021bia actual\u0103, s\u0103 trecem \u00een opozi\u021bie, a doua variant\u0103, evident\u0103, \u0219i a treia, s\u0103 existe o reconfigurare \u00een interiorul acestei coali\u021bii pro-europene. Nu exist\u0103 alte scenarii\u201d<\/i>.<\/p>\n<p>\u00cen ceea ce prive\u0219te <a href=\"https:\/\/adevarul.ro\/politica\/grindeanu-despre-coalitie-psd-nu-va-face-2518302.html\">o posibil\u0103 alian\u021b\u0103 cu AUR<\/a>, el a sus\u021binut c\u0103 social-democra\u021bii nu inten\u021bioneaz\u0103 s\u0103 se alieze cu acest partid \u0219i nici nu vor sus\u021bine un guvern minoritar.<\/p>\n<p><i>\u201ePSD nu va face alian\u021b\u0103 cu AUR. Dac\u0103 voiam asta, puteam s\u0103 o facem la buget. Nu vom sus\u021bine un guvern minoritar. Nu pot vorbi pentru PNL. Vorbim de o rea\u0219ezare \u00een aceast\u0103 coali\u021bie. Asta \u00eenseamn\u0103 o schimbare de prim ministru \u0219i program de guvernare. Stabilitatea este bun\u0103 atunci c\u00e2nd \u00ee\u021bi aduce prosperitate. Avem stabilitate \u00een Belarus, Coreea de Nord \u0219i Rusia, dar asta nu \u00eenseamn\u0103 prosperitate\u201d<\/i>, a spus Sorin Grindeanu.<\/p>\n<\/p><\/div>\n<p><a href=\"https:\/\/adevarul.ro\/politica\/grideanu-prezinta-trei-scenarii-posibile-pentru-2518447.html\" class=\"button purchase\" rel=\"nofollow noopener\" target=\"_blank\">Read More<\/a><\/p>\n","protected":false},"excerpt":{"rendered":"<p>Liderul PSD, Sorin Grindeanu, a prezentat vineri trei scenarii pe care partidul s\u0103u le ia \u00een considerare \u00een ceea ce prive\u0219te viitorul coali\u021biei de guvernare, [&hellip;]<\/p>\n","protected":false},"author":1,"featured_media":12368,"comment_status":"open","ping_status":"open","sticky":false,"template":"","format":"standard","meta":{"_monsterinsights_skip_tracking":false,"_monsterinsights_sitenote_active":false,"_monsterinsights_sitenote_note":"","_monsterinsights_sitenote_category":0,"footnotes":""},"categories":[6],"tags":[],"class_list":["post-12367","post","type-post","status-publish","format-standard","has-post-thumbnail","hentry","category-popular"],"aioseo_notices":[],"_links":{"self":[{"href":"https:\/\/info-eforie.ro\/index.php\/wp-json\/wp\/v2\/posts\/12367","targetHints":{"allow":["GET"]}}],"collection":[{"href":"https:\/\/info-eforie.ro\/index.php\/wp-json\/wp\/v2\/posts"}],"about":[{"href":"https:\/\/info-eforie.ro\/index.php\/wp-json\/wp\/v2\/types\/post"}],"author":[{"embeddable":true,"href":"https:\/\/info-eforie.ro\/index.php\/wp-json\/wp\/v2\/users\/1"}],"replies":[{"embeddable":true,"href":"https:\/\/info-eforie.ro\/index.php\/wp-json\/wp\/v2\/comments?post=12367"}],"version-history":[{"count":0,"href":"https:\/\/info-eforie.ro\/index.php\/wp-json\/wp\/v2\/posts\/12367\/revisions"}],"wp:featuredmedia":[{"embeddable":true,"href":"https:\/\/info-eforie.ro\/index.php\/wp-json\/wp\/v2\/media\/12368"}],"wp:attachment":[{"href":"https:\/\/info-eforie.ro\/index.php\/wp-json\/wp\/v2\/media?parent=12367"}],"wp:term":[{"taxonomy":"category","embeddable":true,"href":"https:\/\/info-eforie.ro\/index.php\/wp-json\/wp\/v2\/categories?post=12367"},{"taxonomy":"post_tag","embeddable":true,"href":"https:\/\/info-eforie.ro\/index.php\/wp-json\/wp\/v2\/tags?post=12367"}],"curies":[{"name":"wp","href":"https:\/\/api.w.org\/{rel}","templated":true}]}}