{"id":12363,"date":"2026-03-28T06:56:07","date_gmt":"2026-03-28T06:56:07","guid":{"rendered":"https:\/\/info-eforie.ro\/index.php\/2026\/03\/28\/reprezentanta-romaniei-la-eurovision-rupe-tacerea-despre-piesa-choke-me-ce-mesaj-transmite-de-fapt-melodia-care-a-starnit-controverse\/"},"modified":"2026-03-28T06:56:07","modified_gmt":"2026-03-28T06:56:07","slug":"reprezentanta-romaniei-la-eurovision-rupe-tacerea-despre-piesa-choke-me-ce-mesaj-transmite-de-fapt-melodia-care-a-starnit-controverse","status":"publish","type":"post","link":"https:\/\/info-eforie.ro\/index.php\/2026\/03\/28\/reprezentanta-romaniei-la-eurovision-rupe-tacerea-despre-piesa-choke-me-ce-mesaj-transmite-de-fapt-melodia-care-a-starnit-controverse\/","title":{"rendered":"Reprezentanta Rom\u00e2niei la Eurovision rupe t\u0103cerea despre piesa \u201eChoke Me\u201d. Ce mesaj transmite de fapt melodia care a st\u00e2rnit controverse"},"content":{"rendered":"<div>\n<p>T\u00e2n\u0103ra artist\u0103 Alexandra C\u0103pit\u0103nescu, reprezentanta Rom\u00e2niei la Eurovision Song Contest 2026, a vorbit deschis despre piesa \u201eChoke Me\u201d \u0219i\u00a0<a href=\"https:\/\/adevarul.ro\/showbiz\/muzica\/piesa-romaniei-la-eurovision-starneste-controverse-2514948.html\">controversele ap\u0103rute \u00een jurul mesajului acesteia.<\/a><\/p>\n<div><picture><source type=\"image\/webp\"  media=\"(min-width: 1400px)\"><source type=\"image\/webp\"  media=\"(min-width: 1000px)\"><source type=\"image\/webp\"  media=\"(min-width: 700px)\"><source type=\"image\/jpeg\"  media=\"(min-width: 1400px)\"><source type=\"image\/jpeg\"  media=\"(min-width: 1000px)\"><source type=\"image\/jpeg\"  media=\"(min-width: 700px)\"><img decoding=\"async\" src=\"https:\/\/cdn.adh.reperio.news\/image-f\/f184f2ab-eed5-4473-84f4-9bcc0fbeae16\/index.jpeg?p=a%3D1%26co%3D1.05%26w%3D700%26h%3D750%26r%3Dcontain%26f%3Dwebp\" alt=\" FOTO: Adev\u0103rul \/ Ana Maxim \" width=\"1400\" height=\"750\" loading=\"eager\" fetchpriority=\"high\"><\/picture>\n<p> FOTO: Adev\u0103rul \/ Ana Maxim <\/p>\n<\/div>\n<p>\u00centr-un interviu acordat Agerpres, artista a transmis c\u0103 obiectivul s\u0103u este unul clar: <i>\u201eNe dorim s\u0103 fim c\u00e2t mai sus (&#8230;) \u0219i cred c\u0103 Rom\u00e2nia merit\u0103, dup\u0103 foarte mul\u021bi ani, un moment de glorie acolo\u201d.<\/i><\/p>\n<p>De\u0219i titlul piesei a st\u00e2rnit numeroase reac\u021bii, inclusiv critici legate de un presupus mesaj violent,\u00a0<a href=\"https:\/\/adevarul.ro\/showbiz\/muzica\/piesa-romaniei-la-eurovision-starneste-controverse-2514948.html\">Alexandra C\u0103pit\u0103nescu<\/a>\u00a0respinge ferm aceste interpret\u0103ri.<\/p>\n<p><i>\u201eAm citit foarte multe articole cum c\u0103 piesa ar fi considerat\u0103 violent\u0103 ca mesaj, dar mie nu mi se pare, nu \u0103sta a fost scopul \u0219i sunt \u00eempotriva violen\u021bei. Cred c\u0103, a\u0219a cum spun \u0219i \u00een pies\u0103, singurul antidot pentru orice este iubirea\u201d,<\/i> a explicat artista.<\/p>\n<p>Ea spune c\u0103, de fapt, piesa are o semnifica\u021bie profund personal\u0103 \u0219i simbolic\u0103.<\/p>\n<p><i>\u201e\u00abChoke Me\u00bb \u00eenseamn\u0103, de fapt, sufoc\u0103-m\u0103 cu iubirea ta. M\u0103 adresez mie \u00eens\u0103mi, acelei p\u0103r\u021bi care m\u0103 sufoc\u0103 cu g\u00e2nduri negative. Vreau s\u0103 fie \u00eenlocuite cu dragoste, ca s\u0103 pot fi creativ\u0103\u201d,<\/i> a detaliat c\u00e2nt\u0103rea\u021ba.<\/p>\n<p>Artista este convins\u0103 c\u0103 succesul la Eurovision nu \u021bine de popularitatea online, ci de momentul live.<\/p>\n<p><i>\u201eCred \u00een acele trei minute care pot face minuni. Nu conteaz\u0103 c\u00e2\u021bi urm\u0103ritori ai pe re\u021belele sociale, conteaz\u0103 ce se \u00eent\u00e2mpl\u0103 pe scen\u0103\u201d,<\/i> a spus ea.<\/p>\n<p>\u00cen ciuda criticilor primite dup\u0103 c\u00e2\u0219tigarea selec\u021biei na\u021bionale, Alexandra C\u0103pit\u0103nescu spune c\u0103 a ales s\u0103 vad\u0103 totul ca pe o oportunitate de evolu\u021bie.<\/p>\n<p><i>\u201e\u00cen primele zile am fost afectat\u0103 de mesajele de hate, dar apoi mi-am dat seama c\u0103 toate fac parte din procesul meu de dezvoltare ca artist\u201d<\/i>, a m\u0103rturisit aceasta.<\/p>\n<p>Rom\u00e2nia va participa la Eurovision 2026, organizat la Viena, unde semifinalele vor avea loc pe 12 \u0219i 14 mai, iar finala pe 16 mai.<\/p>\n<p>Al\u0103turi de Alexandra C\u0103pit\u0103nescu, pe scen\u0103 vor urca \u0219i membrii trupei sale, care transmit acela\u0219i mesaj: piesa este despre iubire \u0219i energie, nu despre violen\u021b\u0103, iar publicul este invitat s\u0103 voteze Rom\u00e2nia dac\u0103 rezoneaz\u0103 cu momentul artistic.<\/p>\n<\/p><\/div>\n<p><a href=\"https:\/\/adevarul.ro\/showbiz\/muzica\/reprezentanta-romaniei-la-eurovision-rupe-tacerea-2518456.html\" class=\"button purchase\" rel=\"nofollow noopener\" target=\"_blank\">Read More<\/a><\/p>\n","protected":false},"excerpt":{"rendered":"<p>T\u00e2n\u0103ra artist\u0103 Alexandra C\u0103pit\u0103nescu, reprezentanta Rom\u00e2niei la Eurovision Song Contest 2026, a vorbit deschis despre piesa \u201eChoke Me\u201d \u0219i\u00a0controversele ap\u0103rute \u00een jurul mesajului acesteia. FOTO: [&hellip;]<\/p>\n","protected":false},"author":1,"featured_media":12364,"comment_status":"open","ping_status":"open","sticky":false,"template":"","format":"standard","meta":{"_monsterinsights_skip_tracking":false,"_monsterinsights_sitenote_active":false,"_monsterinsights_sitenote_note":"","_monsterinsights_sitenote_category":0,"footnotes":""},"categories":[6],"tags":[],"class_list":["post-12363","post","type-post","status-publish","format-standard","has-post-thumbnail","hentry","category-popular"],"aioseo_notices":[],"_links":{"self":[{"href":"https:\/\/info-eforie.ro\/index.php\/wp-json\/wp\/v2\/posts\/12363","targetHints":{"allow":["GET"]}}],"collection":[{"href":"https:\/\/info-eforie.ro\/index.php\/wp-json\/wp\/v2\/posts"}],"about":[{"href":"https:\/\/info-eforie.ro\/index.php\/wp-json\/wp\/v2\/types\/post"}],"author":[{"embeddable":true,"href":"https:\/\/info-eforie.ro\/index.php\/wp-json\/wp\/v2\/users\/1"}],"replies":[{"embeddable":true,"href":"https:\/\/info-eforie.ro\/index.php\/wp-json\/wp\/v2\/comments?post=12363"}],"version-history":[{"count":0,"href":"https:\/\/info-eforie.ro\/index.php\/wp-json\/wp\/v2\/posts\/12363\/revisions"}],"wp:featuredmedia":[{"embeddable":true,"href":"https:\/\/info-eforie.ro\/index.php\/wp-json\/wp\/v2\/media\/12364"}],"wp:attachment":[{"href":"https:\/\/info-eforie.ro\/index.php\/wp-json\/wp\/v2\/media?parent=12363"}],"wp:term":[{"taxonomy":"category","embeddable":true,"href":"https:\/\/info-eforie.ro\/index.php\/wp-json\/wp\/v2\/categories?post=12363"},{"taxonomy":"post_tag","embeddable":true,"href":"https:\/\/info-eforie.ro\/index.php\/wp-json\/wp\/v2\/tags?post=12363"}],"curies":[{"name":"wp","href":"https:\/\/api.w.org\/{rel}","templated":true}]}}