{"id":12351,"date":"2026-03-27T06:55:03","date_gmt":"2026-03-27T06:55:03","guid":{"rendered":"https:\/\/info-eforie.ro\/index.php\/2026\/03\/27\/volodimir-zelenski-vizita-neanuntata-in-arabia-saudita-pentru-un-acord-de-aparare-aeriana\/"},"modified":"2026-03-27T06:55:03","modified_gmt":"2026-03-27T06:55:03","slug":"volodimir-zelenski-vizita-neanuntata-in-arabia-saudita-pentru-un-acord-de-aparare-aeriana","status":"publish","type":"post","link":"https:\/\/info-eforie.ro\/index.php\/2026\/03\/27\/volodimir-zelenski-vizita-neanuntata-in-arabia-saudita-pentru-un-acord-de-aparare-aeriana\/","title":{"rendered":"Volodimir Zelenski, vizit\u0103 neanun\u021bat\u0103 \u00een Arabia Saudit\u0103 pentru un acord de ap\u0103rare aerian\u0103"},"content":{"rendered":"<div>\n<p>Pre\u0219edintele Volodimir Zelenski a sosit joi \u00een Arabia Saudit\u0103 pentru a semna un acord de cooperare \u00een domeniul \u201eap\u0103r\u0103rii aeriene\u201d, potrivit unui oficial de rang \u00eenalt citat de AFP. Vizita a fost neanun\u021bat\u0103.<\/p>\n<div><picture><source type=\"image\/webp\"  media=\"(min-width: 1400px)\"><source type=\"image\/webp\"  media=\"(min-width: 1000px)\"><source type=\"image\/webp\"  media=\"(min-width: 700px)\"><source type=\"image\/jpeg\"  media=\"(min-width: 1400px)\"><source type=\"image\/jpeg\"  media=\"(min-width: 1000px)\"><source type=\"image\/jpeg\"  media=\"(min-width: 700px)\"><img decoding=\"async\" src=\"https:\/\/cdn.adh.reperio.news\/image-f\/fd66f717-92d5-42a2-85e3-3707904a2502\/index.jpeg?p=a%3D1%26co%3D1.05%26w%3D700%26h%3D750%26r%3Dcontain%26f%3Dwebp\" alt=\"Zelenski \u00een Arabia Saudit\u0103, al\u0103turi de Prin\u021bul Saud bin Mishaal bin Abdulaziz Al Saud FOTO AFP\" width=\"1400\" height=\"750\" loading=\"eager\" fetchpriority=\"high\"><\/picture>\n<p>Zelenski \u00een Arabia Saudit\u0103, al\u0103turi de Prin\u021bul Saud bin Mishaal bin Abdulaziz Al Saud FOTO AFP<\/p>\n<\/div>\n<p>Acordul va acoperi <i>\u201ecooperarea \u00een domeniul securit\u0103\u021bii, \u00een special protec\u021bia spa\u021biului aerian\u201d<\/i>, a precizat oficialul sub protec\u021bia anonimatului. \u00centr-o postare pe re\u021belele sociale, Zelenski a transmis: <i>\u201eAm ajuns \u00een Arabia Saudit\u0103. Sunt programate \u00eent\u00e2lniri importante. Apreciem sprijinul \u0219i \u00eei sus\u021binem pe cei care sunt gata s\u0103 colaboreze cu noi pentru securitate.\u201d<\/i><\/p>\n<p>Arabia Saudit\u0103 este una dintre \u021b\u0103rile din Orientul Mijlociu care se confrunt\u0103 cu atacuri frecvente ale dronelor Shahed, de fabrica\u021bie iranian\u0103. Pentru a-\u0219i proteja popula\u021bia \u0219i infrastructura, \u021bara apeleaz\u0103 la expertiza Ucrainei, unde peste 200 de exper\u021bi militari au fost trimi\u0219i recent pentru a \u00eemp\u0103rt\u0103\u0219i metode de interceptare a dronelor.<\/p>\n<p>De la lansarea invaziei ruse la scar\u0103 larg\u0103, pe 24 februarie 2022, Ucraina a devenit una dintre cele mai avansate \u021b\u0103ri \u00een domeniul dronelor militare. \u021aara dispune acum de sute de facilit\u0103\u021bi care produc drone de atac FPV \u0219i interceptoare concepute pentru a distruge dronele inamice \u00een zbor. Aceast\u0103 experien\u021b\u0103 este foarte c\u0103utat\u0103 de statele din Golf, \u021binte ale acelora\u0219i tipuri de drone utilizate de Iran ca represalii la atacurile aeriene israeliene \u0219i americane.<\/p>\n<p>Scopul vizitei lui Zelenski este at\u00e2t semnarea acordului de ap\u0103rare aerian\u0103, c\u00e2t \u0219i \u00eencheierea de eventuale acorduri privind v\u00e2nzarea de drone militare cu mai multe state din regiune.\u00a0<\/p>\n<\/p><\/div>\n<p><a href=\"https:\/\/adevarul.ro\/stiri-externe\/europa\/volodimir-zelenski-vizita-neanuntata-in-arabia-2518260.html\" class=\"button purchase\" rel=\"nofollow noopener\" target=\"_blank\">Read More<\/a><\/p>\n","protected":false},"excerpt":{"rendered":"<p>Pre\u0219edintele Volodimir Zelenski a sosit joi \u00een Arabia Saudit\u0103 pentru a semna un acord de cooperare \u00een domeniul \u201eap\u0103r\u0103rii aeriene\u201d, potrivit unui oficial de rang [&hellip;]<\/p>\n","protected":false},"author":1,"featured_media":12352,"comment_status":"open","ping_status":"open","sticky":false,"template":"","format":"standard","meta":{"_monsterinsights_skip_tracking":false,"footnotes":""},"categories":[6],"tags":[],"class_list":["post-12351","post","type-post","status-publish","format-standard","has-post-thumbnail","hentry","category-popular"],"aioseo_notices":[],"_links":{"self":[{"href":"https:\/\/info-eforie.ro\/index.php\/wp-json\/wp\/v2\/posts\/12351","targetHints":{"allow":["GET"]}}],"collection":[{"href":"https:\/\/info-eforie.ro\/index.php\/wp-json\/wp\/v2\/posts"}],"about":[{"href":"https:\/\/info-eforie.ro\/index.php\/wp-json\/wp\/v2\/types\/post"}],"author":[{"embeddable":true,"href":"https:\/\/info-eforie.ro\/index.php\/wp-json\/wp\/v2\/users\/1"}],"replies":[{"embeddable":true,"href":"https:\/\/info-eforie.ro\/index.php\/wp-json\/wp\/v2\/comments?post=12351"}],"version-history":[{"count":0,"href":"https:\/\/info-eforie.ro\/index.php\/wp-json\/wp\/v2\/posts\/12351\/revisions"}],"wp:featuredmedia":[{"embeddable":true,"href":"https:\/\/info-eforie.ro\/index.php\/wp-json\/wp\/v2\/media\/12352"}],"wp:attachment":[{"href":"https:\/\/info-eforie.ro\/index.php\/wp-json\/wp\/v2\/media?parent=12351"}],"wp:term":[{"taxonomy":"category","embeddable":true,"href":"https:\/\/info-eforie.ro\/index.php\/wp-json\/wp\/v2\/categories?post=12351"},{"taxonomy":"post_tag","embeddable":true,"href":"https:\/\/info-eforie.ro\/index.php\/wp-json\/wp\/v2\/tags?post=12351"}],"curies":[{"name":"wp","href":"https:\/\/api.w.org\/{rel}","templated":true}]}}