{"id":12327,"date":"2026-03-27T06:54:47","date_gmt":"2026-03-27T06:54:47","guid":{"rendered":"https:\/\/info-eforie.ro\/index.php\/2026\/03\/27\/ionut-andrei-radu-a-spus-tot-ce-avea-pe-suflet-dupa-turcia-0\/"},"modified":"2026-03-27T06:54:47","modified_gmt":"2026-03-27T06:54:47","slug":"ionut-andrei-radu-a-spus-tot-ce-avea-pe-suflet-dupa-turcia-0","status":"publish","type":"post","link":"https:\/\/info-eforie.ro\/index.php\/2026\/03\/27\/ionut-andrei-radu-a-spus-tot-ce-avea-pe-suflet-dupa-turcia-0\/","title":{"rendered":"Ionu\u021b Andrei Radu a spus tot ce avea pe suflet dup\u0103 Turcia -0"},"content":{"rendered":"<div>\n<p><strong>Portarul Ionu\u0163 Radu a declarat, joi sear\u0103, c\u0103 na\u0163ionala Rom\u00e2niei trebuie s\u0103 o ia de la cap\u0103t \u015fi e\u015fecul din meciul cu Turcia s\u0103 fie transformat \u00een motiva\u0163ie pentru urm\u0103toarea campanie de calificare la un turneu final.<\/strong><\/p>\n<p><strong>\u201cNu a fost s\u0103 fie. Trebuie s\u0103 o lu\u0103m de la cap\u0103t, cu capul sus, Am \u00eencercat s\u0103 fac tot posibilul sp vin, s\u0103 pot ajuta echipa. Mereu vin cu sufletul deschis, s\u0103 dau totul, ca fiecare b\u0103iat. Nu s-a putut \u00een seara asta, dar trebuie s\u0103 mergem \u00eenainte cu capul sus \u015fi cu toat\u0103 \u00eencrederea \u00eenainte. Pierderea asta s\u0103 se transforme \u00een motiva\u0163ie pentru urm\u0103toarea campanie\u201c<\/strong>, a declarat Ionu\u0163 Radu la Digisport.<\/p>\n<\/div>\n<p>Na\u0163ionala Rom\u00e2niei a ratat \u015fansa de a ajunge la Cupa Mondial\u0103 \u00een aceast\u0103 var\u0103, fiind \u00eenvins\u0103 joi sear\u0103 de Turcia, la Istanbul, cu scorul de 1-0, \u00een semifinala play-off-ului pentru turneul final. Turcia va \u00eenfrunta \u00een finala play-off-ului Kosovo, iar tricolorii vor disputa un amical mar\u021bi cu Slovacia, \u00een deplasare.<\/p>\n<p><a href=\"https:\/\/www.sport.ro\/cm-2026\/ionut-andrei-radu-a-spus-tot-ce-avea-pe-suflet-dupa-turcia-romania-1-0.html\" class=\"button purchase\" rel=\"nofollow noopener\" target=\"_blank\">Read More<\/a><\/p>\n","protected":false},"excerpt":{"rendered":"<p>Portarul Ionu\u0163 Radu a declarat, joi sear\u0103, c\u0103 na\u0163ionala Rom\u00e2niei trebuie s\u0103 o ia de la cap\u0103t \u015fi e\u015fecul din meciul cu Turcia s\u0103 fie [&hellip;]<\/p>\n","protected":false},"author":1,"featured_media":12328,"comment_status":"open","ping_status":"open","sticky":false,"template":"","format":"standard","meta":{"_monsterinsights_skip_tracking":false,"_monsterinsights_sitenote_active":false,"_monsterinsights_sitenote_note":"","_monsterinsights_sitenote_category":0,"footnotes":""},"categories":[7],"tags":[],"class_list":["post-12327","post","type-post","status-publish","format-standard","has-post-thumbnail","hentry","category-sports"],"aioseo_notices":[],"_links":{"self":[{"href":"https:\/\/info-eforie.ro\/index.php\/wp-json\/wp\/v2\/posts\/12327","targetHints":{"allow":["GET"]}}],"collection":[{"href":"https:\/\/info-eforie.ro\/index.php\/wp-json\/wp\/v2\/posts"}],"about":[{"href":"https:\/\/info-eforie.ro\/index.php\/wp-json\/wp\/v2\/types\/post"}],"author":[{"embeddable":true,"href":"https:\/\/info-eforie.ro\/index.php\/wp-json\/wp\/v2\/users\/1"}],"replies":[{"embeddable":true,"href":"https:\/\/info-eforie.ro\/index.php\/wp-json\/wp\/v2\/comments?post=12327"}],"version-history":[{"count":0,"href":"https:\/\/info-eforie.ro\/index.php\/wp-json\/wp\/v2\/posts\/12327\/revisions"}],"wp:featuredmedia":[{"embeddable":true,"href":"https:\/\/info-eforie.ro\/index.php\/wp-json\/wp\/v2\/media\/12328"}],"wp:attachment":[{"href":"https:\/\/info-eforie.ro\/index.php\/wp-json\/wp\/v2\/media?parent=12327"}],"wp:term":[{"taxonomy":"category","embeddable":true,"href":"https:\/\/info-eforie.ro\/index.php\/wp-json\/wp\/v2\/categories?post=12327"},{"taxonomy":"post_tag","embeddable":true,"href":"https:\/\/info-eforie.ro\/index.php\/wp-json\/wp\/v2\/tags?post=12327"}],"curies":[{"name":"wp","href":"https:\/\/api.w.org\/{rel}","templated":true}]}}