{"id":12283,"date":"2026-03-25T05:57:20","date_gmt":"2026-03-25T05:57:20","guid":{"rendered":"https:\/\/info-eforie.ro\/index.php\/2026\/03\/25\/ramane-de-vazut-daca-romania-va-avea-actuala-coalitie-de-guvernare-si-dupa-pasti-anunta-ilie-bolojan\/"},"modified":"2026-03-25T05:57:20","modified_gmt":"2026-03-25T05:57:20","slug":"ramane-de-vazut-daca-romania-va-avea-actuala-coalitie-de-guvernare-si-dupa-pasti-anunta-ilie-bolojan","status":"publish","type":"post","link":"https:\/\/info-eforie.ro\/index.php\/2026\/03\/25\/ramane-de-vazut-daca-romania-va-avea-actuala-coalitie-de-guvernare-si-dupa-pasti-anunta-ilie-bolojan\/","title":{"rendered":"\u201eR\u0103m\u00e2ne de v\u0103zut\u201d dac\u0103 Rom\u00e2nia va avea actuala coali\u0163ie de guvernare \u015fi dup\u0103 Pa\u015fti, anun\u021b\u0103 Ilie Bolojan"},"content":{"rendered":"<div>\n<p>Premierul Ilie Bolojan a declarat mar\u021bi, 24 martie, c\u0103<i> \u201eva r\u0103m\u00e2ne de v\u0103zut<\/i>\u201d dac\u0103 Rom\u00e2nia va avea actuala coali\u0163ie de guvernare \u015fi dup\u0103 Pa\u015fti, ad\u0103ug\u00e2nd c\u0103 \u201e<i>PSD a escaladat o zon\u0103 de conflict, \u00eenc\u0103lc\u00e2nd protocolul coali\u0163iei\u201d.<\/i><\/p>\n<div><picture><source type=\"image\/webp\"  media=\"(min-width: 1400px)\"><source type=\"image\/webp\"  media=\"(min-width: 1000px)\"><source type=\"image\/webp\"  media=\"(min-width: 700px)\"><source type=\"image\/jpeg\"  media=\"(min-width: 1400px)\"><source type=\"image\/jpeg\"  media=\"(min-width: 1000px)\"><source type=\"image\/jpeg\"  media=\"(min-width: 700px)\"><img decoding=\"async\" src=\"https:\/\/cdn.adh.reperio.news\/image-8\/8e860d07-d8e0-41ec-9cea-0879eff5f7e2\/index.jpeg?p=a%3D1%26co%3D1.05%26w%3D700%26h%3D750%26r%3Dcontain%26f%3Dwebp\" alt=\"Ilie Bolojan\/FOTO: Inquam photos\/George C\u0103lin\" width=\"1400\" height=\"750\" loading=\"eager\" fetchpriority=\"high\"><\/picture>\n<p>Ilie Bolojan\/FOTO: Inquam photos\/George C\u0103lin<\/p>\n<\/div>\n<p>\u00cen cursul serii de luni, Biroul Politic Na\u021bional al PNL a adoptat o rezolu\u021bie,\u00a0\u00een care se arat\u0103 c\u0103 dac\u0103 social democra\u021bii \u201e<i>provoac\u0103 o criz\u0103 guvernamental\u0103, PNL nu va mai putea fi \u00een Coali\u021bie cu PSD\u201d.<\/i><\/p>\n<p>Rezolu\u021bia vine \u00een contextul \u00een care\u00a0<a href=\"https:\/\/adevarul.ro\/politica\/calendarul-deciziilor-psd-privind-continuarea-2517218.html\">PSD a stabilit \u00eentr-o \u0219edin\u021b\u0103 a Biroului Na\u021bional calendarul consult\u0103rii interne<\/a>\u00a0privind participarea la guvernare.<\/p>\n<p>Pre\u0219edintele forma\u021biunii, Sorin Grindeanu, anun\u021b\u0103 c\u0103 pe 20 aprilie va avea loc o consultare cu 5.000 de membri ai partidului, cu unul sau mai multe voturi. O alt\u0103 \u0219edin\u021b\u0103 BPN va fi programat\u0103 pentru preg\u0103tirea consult\u0103rii.\u00a0<\/p>\n<p>Invitat la Euronews mar\u021bi sear\u0103,\u00a0premierul Ilie Bolojan, pre\u0219edintele PNL, a spus c\u0103\u00a0<i>\u201eva r\u0103m\u00e2ne de v\u0103zut<\/i>\u201d dac\u0103 Rom\u00e2nia va avea actuala coali\u0163ie de guvernare \u015fi dup\u0103 Pa\u015fti\u00a0\u00a0<\/p>\n<p><i>\u201eEu cred c\u0103 ar fi bine s\u0103 avem o coali\u0163ie, pe de o parte pentru c\u0103 suntem \u00eentr-o situa\u0163ie dificil\u0103, \u00eentr-un context interna\u0163ional care nu este foarte comod, suntem \u00eentr-o situa\u0163ie de deficit \u00een \u0163ar\u0103, g\u00e2ndi\u0163i-v\u0103 c\u0103 anul acesta trebuie \u00een continuare s\u0103 ne reducem deficitul, pentru c\u0103 doar dob\u00e2nzile pe care le achit\u0103m sunt de 60 de miliarde de euro prognozate anul acesta\u201d<\/i>, a ad\u0103ugat prim-ministrul.<\/p>\n<p>Ilie Bolojan a afirmat c\u0103 urgen\u021bele cu care se confrunt\u0103 Rom\u00e2nia necesit\u0103 o guvernare stabil\u0103, bazat\u0103 pe o coali\u021bie solid\u0103, acuz\u00e2nd PSD c\u0103 a tensionat rela\u021biile din coali\u021bie prin \u00eenc\u0103lcarea protocolului.<\/p>\n<p><i>\u201eAvem ni\u015fte \u00een\u0163elegeri care \u0163in de o anumit\u0103 atitudine, de modul \u00een care se voteaz\u0103 \u00een Parlament, de modul \u00een care se ini\u0163iaz\u0103 propuneri de c\u0103tre membrii coali\u0163iei care ar trebui s\u0103 respecte ni\u015fte reguli, pur \u015fi simplu de respectul \u00eentre parteneri, pentru c\u0103 dac\u0103 ni\u015fte partide nu se respect\u0103 \u00eentre ele, inclusiv prin comportamentul public, e greu de presupus c\u0103 vom rec\u00e2\u015ftiga cumva respectul cet\u0103\u0163enilor\u201d,<\/i> a declarat Bolojan.<\/p>\n<h2>Bolojan: \u201eMi s-a p\u0103rut de bun sim\u0163 ceea ce s-a votat ieri la PNL\u201d<\/h2>\n<p>Ilie Bolojan a spus c\u0103 at\u00e2t PNL, c\u00e2t \u0219i PSD sunt responsabile pentru situa\u021bia actual\u0103 a Rom\u00e2niei, subliniind c\u0103 social-democra\u021bii nu pot evita aceast\u0103 responsabilitate. \u00cen acela\u0219i timp, a apreciat c\u0103 este firesc ca PNL s\u0103 \u00ee\u0219i asume \u00een continuare guvernarea.<\/p>\n<p><i>\u201eMi s-a p\u0103rut de bun sim\u0163 ceea ce s-a votat ieri la PNL, s\u0103 spunem c\u00e2t se poate de clar c\u0103 noi, fiind con\u015ftien\u0163i de situa\u0163ia \u00een care este \u0163ara, vom sus\u0163ine o stabilitate \u00een guvernare pentru c\u0103 este un lucru care ne ajut\u0103 din toate punctele de vedere, nu pentru ca o persoan\u0103 s\u0103 ocupe un post, ca s\u0103 ne \u00een\u0163elegem foarte bine, ci pentru ratingul \u0163\u0103rii, pentru stabilitate, pentru predictibilitate, dar \u00een acela\u015fi timp, s\u0103 facem un apel c\u0103tre PSD s\u0103-\u015fi analizeze c\u00e2t se poate de clar pozi\u0163ia \u015fi responsabilitatea pe care o are.<\/i><\/p>\n<p>Premierul a avertizat c\u0103 ruperea coali\u021biei ar genera instabilitate \u0219i ar anula m\u0103surile luate pentru echilibrarea situa\u021biei financiare.<\/p>\n<p><i>\u201e\u015ei atunci mi s-a p\u0103rut normal s\u0103 avertiz\u0103m PSD-ul c\u0103 \u00ee\u015fi asum\u0103 o r\u0103spundere pentru o dinamitare a unui guvern \u015fi \u00een condi\u0163iile \u00een care, f\u0103r\u0103 s\u0103 ai motive, numai c\u0103 pentru c\u0103 e\u015fti deranjat de anumite lucruri care nu-\u0163i convin pentru c\u0103 te duci \u00eentr-o zon\u0103 de arogan\u0163\u0103 politic\u0103, totu\u015fi, ac\u0163ionezi, cum s\u0103 v\u0103 spun, \u00eentr-o form\u0103 din asta distractiv\u0103, trebuie s\u0103-\u0163i asumi aceast\u0103 r\u0103spundere\u201d<\/i>, a subliniat pre\u015fedintele PNL.<\/p>\n<\/p><\/div>\n<p><a href=\"https:\/\/adevarul.ro\/politica\/ramane-de-vazut-daca-romania-va-avea-actuala-2517710.html\" class=\"button purchase\" rel=\"nofollow noopener\" target=\"_blank\">Read More<\/a><\/p>\n","protected":false},"excerpt":{"rendered":"<p>Premierul Ilie Bolojan a declarat mar\u021bi, 24 martie, c\u0103 \u201eva r\u0103m\u00e2ne de v\u0103zut\u201d dac\u0103 Rom\u00e2nia va avea actuala coali\u0163ie de guvernare \u015fi dup\u0103 Pa\u015fti, ad\u0103ug\u00e2nd [&hellip;]<\/p>\n","protected":false},"author":1,"featured_media":12284,"comment_status":"open","ping_status":"open","sticky":false,"template":"","format":"standard","meta":{"_monsterinsights_skip_tracking":false,"_monsterinsights_sitenote_active":false,"_monsterinsights_sitenote_note":"","_monsterinsights_sitenote_category":0,"footnotes":""},"categories":[6],"tags":[],"class_list":["post-12283","post","type-post","status-publish","format-standard","has-post-thumbnail","hentry","category-popular"],"aioseo_notices":[],"_links":{"self":[{"href":"https:\/\/info-eforie.ro\/index.php\/wp-json\/wp\/v2\/posts\/12283","targetHints":{"allow":["GET"]}}],"collection":[{"href":"https:\/\/info-eforie.ro\/index.php\/wp-json\/wp\/v2\/posts"}],"about":[{"href":"https:\/\/info-eforie.ro\/index.php\/wp-json\/wp\/v2\/types\/post"}],"author":[{"embeddable":true,"href":"https:\/\/info-eforie.ro\/index.php\/wp-json\/wp\/v2\/users\/1"}],"replies":[{"embeddable":true,"href":"https:\/\/info-eforie.ro\/index.php\/wp-json\/wp\/v2\/comments?post=12283"}],"version-history":[{"count":0,"href":"https:\/\/info-eforie.ro\/index.php\/wp-json\/wp\/v2\/posts\/12283\/revisions"}],"wp:featuredmedia":[{"embeddable":true,"href":"https:\/\/info-eforie.ro\/index.php\/wp-json\/wp\/v2\/media\/12284"}],"wp:attachment":[{"href":"https:\/\/info-eforie.ro\/index.php\/wp-json\/wp\/v2\/media?parent=12283"}],"wp:term":[{"taxonomy":"category","embeddable":true,"href":"https:\/\/info-eforie.ro\/index.php\/wp-json\/wp\/v2\/categories?post=12283"},{"taxonomy":"post_tag","embeddable":true,"href":"https:\/\/info-eforie.ro\/index.php\/wp-json\/wp\/v2\/tags?post=12283"}],"curies":[{"name":"wp","href":"https:\/\/api.w.org\/{rel}","templated":true}]}}