{"id":12252,"date":"2026-03-24T05:56:40","date_gmt":"2026-03-24T05:56:40","guid":{"rendered":"https:\/\/info-eforie.ro\/index.php\/2026\/03\/24\/trump-le-cere-republicanilor-sa-lucreze-in-vacanta-de-paste-pentru-a-adopta-o-lege-privind-votul-de-fapt-faceti-asta-pentru-isus\/"},"modified":"2026-03-24T05:56:40","modified_gmt":"2026-03-24T05:56:40","slug":"trump-le-cere-republicanilor-sa-lucreze-in-vacanta-de-paste-pentru-a-adopta-o-lege-privind-votul-de-fapt-faceti-asta-pentru-isus","status":"publish","type":"post","link":"https:\/\/info-eforie.ro\/index.php\/2026\/03\/24\/trump-le-cere-republicanilor-sa-lucreze-in-vacanta-de-paste-pentru-a-adopta-o-lege-privind-votul-de-fapt-faceti-asta-pentru-isus\/","title":{"rendered":"Trump le cere republicanilor s\u0103 lucreze \u00een vacan\u021ba de Pa\u0219te pentru a adopta o lege privind votul: \u201eDe fapt, face\u0163i asta pentru Isus&#8221;"},"content":{"rendered":"<div>\n<p>Pre\u015fedintele american Donald Trump i-a \u00eendemnat luni, 23 martie, pe republicanii din Congres s\u0103 lucreze \u00een timpul viitoarei vacan\u0163e de Pa\u015fte, \u00een \u00eencercarea de a adopta un proiect de lege privind identificarea aleg\u0103torilor, c\u0103ruia democra\u0163ii i se opun vehement, potrivit Reuters.<\/p>\n<div><picture><source type=\"image\/webp\"  media=\"(min-width: 1400px)\"><source type=\"image\/webp\"  media=\"(min-width: 1000px)\"><source type=\"image\/webp\"  media=\"(min-width: 700px)\"><source type=\"image\/jpeg\"  media=\"(min-width: 1400px)\"><source type=\"image\/jpeg\"  media=\"(min-width: 1000px)\"><source type=\"image\/jpeg\"  media=\"(min-width: 700px)\"><img decoding=\"async\" src=\"https:\/\/cdn.adh.reperio.news\/image-c\/c36da99c-af12-44ea-bcd1-a7dc2db061e5\/index.jpeg?p=a%3D1%26co%3D1.05%26w%3D700%26h%3D750%26r%3Dcontain%26f%3Dwebp\" alt=\"Trump le cere republicanilor s\u0103 nu-\u0219i fac\u0103 \u201egriji pentru Pa\u015fte\u201d. FOTO AFP\" width=\"1400\" height=\"750\" loading=\"eager\" fetchpriority=\"high\"><\/picture>\n<p>Trump le cere republicanilor s\u0103 nu-\u0219i fac\u0103 \u201egriji pentru Pa\u015fte\u201d. FOTO AFP<\/p>\n<\/div>\n<p>Liderul de la Casa Alb\u0103 a declarat c\u0103 proiectul de lege privind votul ar trebui inclus \u00een orice acord de finan\u0163are a Departamentului pentru Securitate Intern\u0103, care este par\u0163ial \u00eenchis din 13 februarie, dup\u0103 ce democra\u0163ii au cerut reforme la aplicarea legilor privind imigra\u0163ia, relateaz\u0103 agen\u021bia de pres\u0103, citat\u0103 de <a href=\"https:\/\/www.agerpres.ro\/politic-ex\/2026\/03\/23\/sua-trump-ii-indeamna-pe-republicani-sa-adopte-o-lege-privind-votul-pentru-isus--1638702\" rel=\"nofollow\">Agerpres<\/a>.<\/p>\n<p><i>\u201eLe cer senatorilor republicani s\u0103 fac\u0103 acest lucru imediat. Nu trebuie s\u0103 vota\u0163i rapid. Nu v\u0103 face\u0163i griji pentru Pa\u015fte, pentru a merge acas\u0103. De fapt, face\u0163i asta pentru Isus<\/i>&#8222;, a afirmat Donald Trump la o mas\u0103 rotund\u0103 la Memphis, \u00een Tennessee.<\/p>\n<p>\u00cen perioada S\u0103rb\u0103torilor Pascale, ale\u015fii urmeaz\u0103 s\u0103 ia o pauz\u0103 de dou\u0103 s\u0103pt\u0103m\u00e2ni. vacan\u021ba ar \u00eencepe de la sf\u00e2r\u015fitul acestei s\u0103pt\u0103m\u00e2ni.<\/p>\n<p>Din cauza lipsei fondurilor, zeci de mii de angaja\u0163i ai Administra\u0163iei pentru Securitatea Transporturilor lucreaz\u0103 f\u0103r\u0103 plat\u0103 timp de cinci s\u0103pt\u0103m\u00e2ni, ceea ce i-a determinat pe unii angaja\u0163i ai securit\u0103\u0163ii aeroportuare s\u0103 intre \u00een concediu medical sau s\u0103 demisioneze.<\/p>\n<p>Proiectul de lege prevede ca aleg\u0103torii s\u0103 furnizeze dovada cet\u0103\u0163eniei americane pentru a se \u00eenregistra la vot \u015fi un act de identitate cu fotografie pentru a vota.<\/p>\n<p>Propunerea legislativ\u0103 nu are \u00een prezent cele 60 de voturi necesare pentru a dep\u0103\u015fi <a href=\"https:\/\/adevarul.ro\/stiri-externe\/sua\/camera-reprezentantilor-a-sua-a-aprobat-reguli-mai-2507828.html\">opozi\u0163ia democra\u0163ilor <\/a>din Senatul format din 100 de membri, unde <a href=\"https:\/\/adevarul.ro\/stiri-externe\/sua\/sase-din-zece-americani-considera-ca-donald-trump-2510664.html\">republicanii de\u0163in 53 de locuri.<\/a><\/p>\n<\/p><\/div>\n<p><a href=\"https:\/\/adevarul.ro\/stiri-externe\/sua\/trump-le-cere-republicanilor-sa-lucreze-in-vacanta-2517422.html\" class=\"button purchase\" rel=\"nofollow noopener\" target=\"_blank\">Read More<\/a><\/p>\n","protected":false},"excerpt":{"rendered":"<p>Pre\u015fedintele american Donald Trump i-a \u00eendemnat luni, 23 martie, pe republicanii din Congres s\u0103 lucreze \u00een timpul viitoarei vacan\u0163e de Pa\u015fte, \u00een \u00eencercarea de a [&hellip;]<\/p>\n","protected":false},"author":1,"featured_media":12253,"comment_status":"open","ping_status":"open","sticky":false,"template":"","format":"standard","meta":{"_monsterinsights_skip_tracking":false,"_monsterinsights_sitenote_active":false,"_monsterinsights_sitenote_note":"","_monsterinsights_sitenote_category":0,"footnotes":""},"categories":[6],"tags":[],"class_list":["post-12252","post","type-post","status-publish","format-standard","has-post-thumbnail","hentry","category-popular"],"aioseo_notices":[],"_links":{"self":[{"href":"https:\/\/info-eforie.ro\/index.php\/wp-json\/wp\/v2\/posts\/12252","targetHints":{"allow":["GET"]}}],"collection":[{"href":"https:\/\/info-eforie.ro\/index.php\/wp-json\/wp\/v2\/posts"}],"about":[{"href":"https:\/\/info-eforie.ro\/index.php\/wp-json\/wp\/v2\/types\/post"}],"author":[{"embeddable":true,"href":"https:\/\/info-eforie.ro\/index.php\/wp-json\/wp\/v2\/users\/1"}],"replies":[{"embeddable":true,"href":"https:\/\/info-eforie.ro\/index.php\/wp-json\/wp\/v2\/comments?post=12252"}],"version-history":[{"count":0,"href":"https:\/\/info-eforie.ro\/index.php\/wp-json\/wp\/v2\/posts\/12252\/revisions"}],"wp:featuredmedia":[{"embeddable":true,"href":"https:\/\/info-eforie.ro\/index.php\/wp-json\/wp\/v2\/media\/12253"}],"wp:attachment":[{"href":"https:\/\/info-eforie.ro\/index.php\/wp-json\/wp\/v2\/media?parent=12252"}],"wp:term":[{"taxonomy":"category","embeddable":true,"href":"https:\/\/info-eforie.ro\/index.php\/wp-json\/wp\/v2\/categories?post=12252"},{"taxonomy":"post_tag","embeddable":true,"href":"https:\/\/info-eforie.ro\/index.php\/wp-json\/wp\/v2\/tags?post=12252"}],"curies":[{"name":"wp","href":"https:\/\/api.w.org\/{rel}","templated":true}]}}