{"id":12212,"date":"2026-03-23T04:57:08","date_gmt":"2026-03-23T04:57:08","guid":{"rendered":"https:\/\/info-eforie.ro\/index.php\/2026\/03\/23\/fata-la-joc-a-fost-in-direct-la-pro-tv-si-pe-voyo-raluka-rat-si-oprisan-au-fost-invitatii-lui-stucan\/"},"modified":"2026-03-23T04:57:08","modified_gmt":"2026-03-23T04:57:08","slug":"fata-la-joc-a-fost-in-direct-la-pro-tv-si-pe-voyo-raluka-rat-si-oprisan-au-fost-invitatii-lui-stucan","status":"publish","type":"post","link":"https:\/\/info-eforie.ro\/index.php\/2026\/03\/23\/fata-la-joc-a-fost-in-direct-la-pro-tv-si-pe-voyo-raluka-rat-si-oprisan-au-fost-invitatii-lui-stucan\/","title":{"rendered":"Fa\u021ba la joc! a fost \u00een direct la Pro TV \u0219i pe VOYO | Raluka, Ra\u021b \u0219i Opri\u0219an au fost invita\u021bii lui \u0218tucan"},"content":{"rendered":"<div>\n<section>\n<div>\n<div>\n                                                    <picture><source type=\"image\/webp\" srcset=\"https:\/\/www.sport.ro\/img\/2026\/03\/22\/123135\/fata-la-joc2.png?fm=webp&#038;q=80&#038;fit=crop&#038;crop=%2C%2C%2C&#038;w=360 360w, \nhttps:\/\/www.sport.ro\/img\/2026\/03\/22\/123135\/fata-la-joc2.png?fm=webp&#038;q=80&#038;fit=crop&#038;crop=%2C%2C%2C&#038;w=640 640w,\n                https:\/\/www.sport.ro\/img\/2026\/03\/22\/123135\/fata-la-joc2.png?fm=webp&#038;q=80&#038;fit=crop&#038;crop=%2C%2C%2C&#038;w=990 990w,\n                https:\/\/www.sport.ro\/img\/2026\/03\/22\/123135\/fata-la-joc2.png?fm=webp&#038;q=80&#038;fit=crop&#038;crop=%2C%2C%2C&#038;w=1280 1280w\" ><source type=\"image\/jpeg\" srcset=\"https:\/\/www.sport.ro\/img\/2026\/03\/22\/123135\/fata-la-joc2.png?fm=jpg&#038;q=80&#038;fit=crop&#038;crop=%2C%2C%2C&#038;w=360 360w, \nhttps:\/\/www.sport.ro\/img\/2026\/03\/22\/123135\/fata-la-joc2.png?fm=jpg&#038;q=80&#038;fit=crop&#038;crop=%2C%2C%2C&#038;w=640 640w,\n                https:\/\/www.sport.ro\/img\/2026\/03\/22\/123135\/fata-la-joc2.png?fm=jpg&#038;q=80&#038;fit=crop&#038;crop=%2C%2C%2C&#038;w=990 990w,\n                https:\/\/www.sport.ro\/img\/2026\/03\/22\/123135\/fata-la-joc2.png?fm=jpg&#038;q=80&#038;fit=crop&#038;crop=%2C%2C%2C&#038;w=1280 1280w\" ><br \/>\n    <img id=\"sport-art-hero-img\" src=\"https:\/\/www.sport.ro\/img\/2026\/03\/22\/123135\/fata-la-joc2.png?fm=webp&#038;q=80&#038;fit=crop&#038;crop=%2C%2C%2C&#038;w=990\" srcset=\"https:\/\/www.sport.ro\/img\/2026\/03\/22\/123135\/fata-la-joc2.png?fm=webp&#038;q=80&#038;fit=crop&#038;crop=%2C%2C%2C&#038;w=360 360w,\n                https:\/\/www.sport.ro\/img\/2026\/03\/22\/123135\/fata-la-joc2.png?fm=webp&#038;q=80&#038;fit=crop&#038;crop=%2C%2C%2C&#038;w=640 640w,\n                https:\/\/www.sport.ro\/img\/2026\/03\/22\/123135\/fata-la-joc2.png?fm=webp&#038;q=80&#038;fit=crop&#038;crop=%2C%2C%2C&#038;w=990 990w,\n                https:\/\/www.sport.ro\/img\/2026\/03\/22\/123135\/fata-la-joc2.png?fm=webp&#038;q=80&#038;fit=crop&#038;crop=%2C%2C%2C&#038;w=1280 1280w\"  alt=\"Fa\u021ba la joc! a fost \u00een direct la Pro TV \u0219i pe VOYO | Raluka, Ra\u021b \u0219i Opri\u0219an au fost invita\u021bii lui \u0218tucan\" title=\"Fa\u021ba la joc! a fost \u00een direct la Pro TV \u0219i pe VOYO | Raluka, Ra\u021b \u0219i Opri\u0219an au fost invita\u021bii lui \u0218tucan\" width=\"360\" height=\"203\" fetchpriority=\"high\" decoding=\"async\">\n<\/picture>\n<p><span><br \/>\n    Fotbal intern<br \/>\n<\/span><\/p>\n<\/div>\n<div>\n<div>\n<div>\n<p><img loading=\"lazy\" decoding=\"async\" src=\"https:\/\/www.sport.ro\/build\/sport\/assets\/author_icon-c42a047b.svg\" width=\"41\" height=\"41\" alt=\"SPORT.RO\">\n                                                    <\/p>\n<\/p><\/div>\n<div>\n                                                                                <a href=\"https:\/\/www.sport.ro\/stiri-scrise-de\/sportro\"><\/p>\n<p>\n                                    SPORT.RO\n                                <\/p>\n<p>                            <\/a><\/p>\n<p>Data publicarii: <span data-utc-date=\"2026-03-22 13:02:58\" data-date-format=\"{day} {Month} {year}, {hour}:{minute}\"><\/span>\n                        <\/p>\n<p>Data actualizarii: <span data-utc-date=\"2026-03-22 13:02:58\" data-date-format=\"{day} {Month} {year}, {hour}:{minute}\"><\/span>\n                        <\/p>\n<\/p><\/div>\n<\/p><\/div>\n<p>Fa\u021ba la Joc! e \u00een direct la Pro TV \u0219i pe VOYO.<\/p>\n<\/p><\/div>\n<div>\n<div>\n<h2><strong>Fa\u021ba la joc! a fost \u00een direct la Pro TV \u0219i pe VOYO | Raluka, Ra\u021b \u0219i Opri\u0219an au fost invita\u021bii lui \u0218tucan<\/strong><\/h2>\n<p>Fa\u021ba la joc! a fost \u00een direct la Pro TV. Emisiunea poate fi urm\u0103rit\u0103 \u0219i pe VOYO &#8211; <a href=\"https:\/\/voyo.protv.ro\/emisiuni\/3998-fata-la-joc\/episodul\/129671-editia-11\" rel=\"noopener noreferrer\" target=\"_blank\"><strong>AICI<\/strong><\/a>.<\/p>\n<\/div>\n<p>Costin \u0218tucan, R\u0103zvan Ra\u021b, Raluka \u0219i C\u0103t\u0103lin Opri\u0219an, scenet\u0103 \u00een platou dup\u0103 un moment cu Mircea Lucescu \u0219i Ra\u021b la \u0218ahtior Done\u021bk.<\/p>\n<div id=\"adOverlay\">\n<p><img width=\"300\" height=\"41\" fetchpriority=\"low\" loading=\"lazy\" decoding=\"async\" src=\"https:\/\/www.sport.ro\/build\/sport\/assets\/text-pbl-308d6c78.png\" alt=\"Publicitate\">\n            <\/p>\n<\/p><\/div>\n<div>\n<p>Prima ma\u0219in\u0103 a Raluk\u0103i a fost c\u00e2\u0219tigat\u0103 la&#8230; un concurs la Br\u0103ila! Mama artistei s-a \u00eemprumutat de bani ca s\u0103 pl\u0103teasc\u0103 impozitul.<\/p>\n<p><strong>\u201d(n.r. Tu e\u0219ti de la Deva, nu? Cum de nu ai f\u0103cut gimnastic\u0103?) Toat\u0103 lumea m\u0103 \u00eentreab\u0103. P\u0103i&#8230; Am fost talentat\u0103 la muzic\u0103 (n.r. r\u00e2de). Prima ma\u0219in\u0103 am c\u00e2\u0219tigat-o dup\u0103 un concurs de munc\u0103. La 16-17 ani. V\u0103 spun cum?\u00a0<\/strong><\/p>\n<p><strong>Am fost la Br\u0103ila, la George Grigoriu. Am v\u0103zut o ma\u0219in\u0103 ro\u0219ie, frumoas\u0103. Culoarea ca Ferrari! Am avut un moment de foarte mare \u00eencredere \u0219i am sunat-o pe mama pe un telefon cu butoane. &#8216;Ce faci, mami? M-am g\u00e2ndit s\u0103-\u021bi spun c\u0103 eu aduc ma\u0219ina asta acas\u0103&#8217;. &#8216;Hai c\u0103 nu conteaz\u0103 dac\u0103 vii, conteaz\u0103 s\u0103 te distrezi&#8217;. Ma\u0219ina era premiul cel mare. \u0218i am c\u00e2ntat acolo, am primit trofeul. A doua zi m-am trezit de diminea\u021b\u0103. Sora mea a trebuit s\u0103 vin\u0103 la Br\u0103ila s\u0103 ia ma\u0219in\u0103. Eu prima dat\u0103 am ridicat cheia, am mers s\u0103 v\u0103d care-i treaba pe acolo. MI-au spus &#8216;trebuie s\u0103 pl\u0103te\u0219ti impozit&#8217;. Ce s\u0103 pl\u0103tesc? &#8216;Tot ce am e pe mine \u0219i \u00een \u0219ifonier&#8217;. Nu mai \u0219tiu c\u00e2t a trebuit s\u0103 dau, evident, o sum\u0103 mare, nu prea aveam de unde s\u0103 o iau. \u0218i i-am spus mamei c\u0103 trebuie s\u0103 pl\u0103tim impozitul \u0219i mi-a spus &#8216;aoleu, las-o acolo!&#8217;. Vreau s\u0103 v\u0103 spun c\u0103 s-a \u00eemprumutat mama la toat\u0103 Deva ca s\u0103 pl\u0103tim impozitul. Dup\u0103 am v\u00e2ndut-o ca s\u0103 putem pl\u0103ti banii (n.r. r\u00e2de)\u201d<\/strong>, a spus Raluka.<\/p>\n<\/div>\n<div id=\"adOverlay\">\n<p><img width=\"300\" height=\"41\" fetchpriority=\"low\" loading=\"lazy\" decoding=\"async\" src=\"https:\/\/www.sport.ro\/build\/sport\/assets\/text-pbl-308d6c78.png\" alt=\"Publicitate\">\n            <\/p>\n<\/p><\/div>\n<p><img decoding=\"async\" src=\"https:\/\/www.sport.ro\/img\/2026\/03\/22\/122502\/raluka3.png?fm=jpg&#038;q=80&#038;fit=crop&#038;crop=960%2C540%2C0%2C0&#038;w=1024\">\n<\/p>\n<div>\n<p>R\u0103zvan Ra\u021b a vorbit despre semifinala barajului cu Turcia, pentru Campionatul Mondial din 2026. Partida va avea loc joi, 26 martie, de la ora 19:00.<\/p>\n<p><strong>\u201dDepinde din ce punct de vedere prive\u0219ti. Eu pot s\u0103 spun \u0219i punctul de vedere al juc\u0103torului, \u00eentr-un baraj, \u00eentr-un meci at\u00e2t de important. Din punctul de vedere al telespectatorilor, care nu au at\u00e2t de mult\u0103 \u00eencredere, c\u0103 se tot vorbe\u0219te c\u0103 ne dau \u0103ia cu terenul \u00een cap. Asta o \u0219tim. \u0218tim ne\u00eencrederea care s-a schimbat de la EURO, c\u00e2nd eram Zidul Galben, acum to\u021bi ne dau cu terenul \u00een cap. La fotbal, totul se schimb\u0103 \u00eentr-un ritm accelerat.<\/strong><\/p>\n<p><strong>Din punctul de vedere al juc\u0103torului, presiunea e cu at\u00e2t mai mare. De ce? Pentru c\u0103 sim\u021bi c\u0103 orice gre\u0219eal\u0103 poate s\u0103 c\u00e2nt\u0103reasc\u0103, poate s\u0103 fie fatal\u0103. \u00cen sensul \u00een care la un concert, nu \u0219tiu, imagineaz\u0103-\u021bi c\u0103 Raluka are un concert de 50.000 de oameni \u0219i spune c\u0103 &#8216;sta\u021bi un pic.. versul \u0103sta&#8230;&#8217;. Nu e despre gre\u0219elile din fa\u021ba por\u021bii, ci de gre\u0219elile capitale. Po\u021bi fi funda\u0219, mijloca\u0219, dai o pas\u0103 \u0219i scap\u0103 oamenii pe contraatac \u0219i dau gol. Fiecare gest pe care-l faci c\u00e2nt\u0103re\u0219te de zece ori mai mult. Nu \u00ee\u021bi permi\u021bi s\u0103 gre\u0219e\u0219ti. Acea concentrare sporit\u0103 te face s\u0103 fii stresat. S\u0103-\u021bi tremure genunchiul mai tare\u201d<\/strong>, a spus Ra\u021b.<\/p>\n<\/div>\n<div id=\"adOverlay\">\n<p><img width=\"300\" height=\"41\" fetchpriority=\"low\" loading=\"lazy\" decoding=\"async\" src=\"https:\/\/www.sport.ro\/build\/sport\/assets\/text-pbl-308d6c78.png\" alt=\"Publicitate\">\n            <\/p>\n<\/p><\/div>\n<p><img decoding=\"async\" src=\"https:\/\/www.sport.ro\/img\/2026\/03\/22\/115832\/rat3.png?fm=jpg&#038;q=80&#038;fit=crop&#038;crop=960%2C540%2C0%2C0&#038;w=1024\">\n<\/p>\n<p>Raluka \u0219i R\u0103zvan Ra\u021b fac karaoke. Cei doi c\u00e2nt\u0103 <strong>Sara perche ti amo<\/strong> de <strong>Ricchi e Poveri<\/strong>. Video, \u00een c\u00e2teva momente<\/p>\n<div id=\"adOverlay\">\n<p><img width=\"300\" height=\"41\" fetchpriority=\"low\" loading=\"lazy\" decoding=\"async\" src=\"https:\/\/www.sport.ro\/build\/sport\/assets\/text-pbl-308d6c78.png\" alt=\"Publicitate\">\n            <\/p>\n<\/p><\/div>\n<p><img decoding=\"async\" src=\"https:\/\/www.sport.ro\/img\/2026\/03\/22\/115251\/raluka2.png?fm=jpg&#038;q=80&#038;fit=crop&#038;crop=960%2C540%2C0%2C0&#038;w=1024\">\n<\/p>\n<p><img decoding=\"async\" src=\"https:\/\/www.sport.ro\/img\/2026\/03\/22\/115301\/rat2.png?fm=jpg&#038;q=80&#038;fit=crop&#038;crop=960%2C540%2C0%2C0&#038;w=1024\">\n<\/p>\n<div>\n<p>Raluka, despre momentul \u00een care a intonat Imnul Na\u021bional \u00een fa\u021ba Zidului Galben, pe Arena Na\u021bional\u0103.<\/p>\n<p><strong>\u201dTrebuie s\u0103 \u00een\u021beleag\u0103 oamenii care m-au \u00eenjurat de m-au nenorocit pe internet. C\u0103 ce caut eu acolo. Nu e vorba doar despre mine. Despre to\u021bi arti\u0219tii. Dragi oameni, noi nu v\u0103 lu\u0103m banii vo\u0219tri publici! Pe noi nu ne pl\u0103tesc oamenii \u0103\u0219tia s\u0103 inton\u0103m Imnul Na\u021bional. E o onoare pentru noi! Nu am luat niciun ban. A fost o onoare. \u0218i dac\u0103 o s\u0103 am ocazia asta o s\u0103 o fac din nou.<\/strong><\/p>\n<p><strong>Cred c\u0103 s-a v\u0103zut atunci c\u0103 am fost emo\u021bionat\u0103 \u0219i sper c\u0103 am transmis asta. Dac\u0103 tot m-a\u021bi \u00eentrebat despre asta, am spus s\u0103 clarific\u0103m\u201d<\/strong>, a spus Raluka.<\/p>\n<\/div>\n<div id=\"adOverlay\">\n<p><img width=\"300\" height=\"41\" fetchpriority=\"low\" loading=\"lazy\" decoding=\"async\" src=\"https:\/\/www.sport.ro\/build\/sport\/assets\/text-pbl-308d6c78.png\" alt=\"Publicitate\">\n            <\/p>\n<\/p><\/div>\n<p><img decoding=\"async\" src=\"https:\/\/www.sport.ro\/img\/2026\/03\/22\/114801\/raluka.png?fm=jpg&#038;q=80&#038;fit=crop&#038;crop=960%2C540%2C0%2C0&#038;w=1024\">\n<\/p>\n<div>\n<p>R\u0103zvan Ra\u021b a povestit cum a ajuns la FC Bac\u0103u.<\/p>\n<p><strong>\u201dCiteam \u00een ziar bursa transferurilor. Scria R\u0103zvan Ra\u021b, 10% la Bac\u0103u. Peste vreo cinci zile. 80%. Iau ziarul \u0219i seara, la mas\u0103, 8 jum\u0103tate, 9, m\u0103 duc cu ziarul la Mircea Rednic antrenorul, fostul meu coleg. Nea Mircea, uite, apare asta. 80%&#8230; Cam multi\u0219or. To\u021bi \u00eemi spuneai &#8216;gata, pleci?&#8217; Caterinca&#8230; Rednic ia ziarul, rupe \u0219i spune: &#8216;serios? E\u0219ti la mine titular&#8217;. <\/strong><\/p>\n<p><strong>Diminea\u021ba, ora 8. Eu pe scar\u0103, cobor, \u0219i Mircea Rednic, \u00een lobby: &#8216;tu ce cau\u021bi aici? Tu e\u0219ti juc\u0103torul Bac\u0103ului&#8217;. \u0218i eu m-am uitat \u00een spate, c\u0103 poate mai e cineva pe scar\u0103. C\u00e2nd colo, eram singur. Spun, cum adic\u0103? Au venit s\u0103 te ia. Cielo vi\u0219iniu. S-a tras oblonul. <\/strong><\/p>\n<p><strong>Voiam s\u0103-i trag un pumn. \u00cen fine, s-au b\u0103gat acolo s\u0103 nu se aleag\u0103 praful. M-am \u00eenchis \u00een camer\u0103, l-am \u00eenjurat de toate. M\u0103 g\u00e2ndeam ce fac. Unde m\u0103 duc? Cum adic\u0103, plec eu la Bac\u0103u? \u00cel sun pe Giovanni, era impresarul meu. \u0218i spune Giovanni &#8216;b\u0103, nu prea ai ce s\u0103 faci&#8217;. Bravo, m-ai ajutat de m-ai rupt, am spus atunci\u201d<\/strong>, a spus Ra\u021b.<\/p>\n<\/div>\n<div id=\"adOverlay\">\n<p><img width=\"300\" height=\"41\" fetchpriority=\"low\" loading=\"lazy\" decoding=\"async\" src=\"https:\/\/www.sport.ro\/build\/sport\/assets\/text-pbl-308d6c78.png\" alt=\"Publicitate\">\n            <\/p>\n<\/p><\/div>\n<p><img decoding=\"async\" src=\"https:\/\/www.sport.ro\/img\/2026\/03\/22\/114244\/rat.png?fm=jpg&#038;q=80&#038;fit=crop&#038;crop=960%2C540%2C0%2C0&#038;w=1024\">\n<\/p>\n<div>\n<p>Moderatorul Costin \u0218tucan face prezent\u0103rile. Artista Raluka, fostul interna\u021bional rom\u00e2n R\u0103zvan Ra\u021b \u0219i C\u0103t\u0103lin Opri\u0219an sunt \u00een sufrageria Fa\u021ba la joc!<\/p>\n<p>\u0218tucan i-a \u00eentrebat pe fiecare ce f\u0103ceau \u00een 1998, la ultima participare a Rom\u00e2niei la Campionatul Mondial, \u00een contextul \u00een care joi na\u021bionala joac\u0103 semifinala barajului cu Turcia pentru turneul final din var\u0103.<\/p>\n<p><strong>\u201dMergeam la \u0219coal\u0103! Eram clasa a 2-a, eram acolo, la \u00eenceput\u201d<\/strong>, a spus Raluka.<\/p>\n<p><strong>\u201d\u00cen &#8217;98 m\u0103 transferam la Rapid!\u201d<\/strong>, a intervenit Ra\u021b.<\/p>\n<p><strong>\u201dEu d\u0103deam examen de licen\u021b\u0103 \u0219i le-am spus la munc\u0103 faptul c\u0103 nu pot s\u0103 vin diminea\u021b\u0103 s\u0103 le iau. Era Mondialul. Se omorau oamenii pentru ziar! Vindeau 50 de gazete 50 de ProSport. Le spuneam c\u0103 vin s\u0103 le iau eu la 11, c\u00e2nd termin cu \u00eenv\u0103\u021batul\u201d<\/strong>, a povestit Opri\u0219an.<\/p>\n<\/div>\n<div id=\"adOverlay\">\n<p><img width=\"300\" height=\"41\" fetchpriority=\"low\" loading=\"lazy\" decoding=\"async\" src=\"https:\/\/www.sport.ro\/build\/sport\/assets\/text-pbl-308d6c78.png\" alt=\"Publicitate\">\n            <\/p>\n<\/p><\/div>\n<p><img decoding=\"async\" src=\"https:\/\/www.sport.ro\/img\/2026\/03\/22\/113701\/pro-tv-2026-03-22-13-32-03.png?fm=jpg&#038;q=80&#038;fit=crop&#038;crop=960%2C540%2C0%2C0&#038;w=1024\">\n<\/p>\n<div>\n<p><em>\u0219tire ini\u021bial\u0103<\/em><\/p>\n<p>Duminica aceasta se anun\u021b\u0103 una plin\u0103 pentru iubitorii de fotbal, iar<strong> \u201eFa\u021ba la joc! Show\u201d<\/strong> vine s\u0103 completeze perfect atmosfera de weekend cu o edi\u021bie care promite analiz\u0103 intens\u0103, invita\u021bi surpriz\u0103 \u0219i discu\u021bii care nu vor trece neobservate. De la ora 13:30, la PRO TV \u0219i pe VOYO, emisiunea aduce \u00een prim-plan cele mai importante momente din fotbal \u0219i nu numai, privite printr-o lentil\u0103 sincer\u0103, direct\u0103 \u0219i, uneori, incomod\u0103.<\/p>\n<p>La c\u00e2rma discu\u021biilor se vor afla, ca de fiecare dat\u0103,<strong> Costin \u0218tucan \u0219i C\u0103t\u0103lin Opri\u0219an, <\/strong>dou\u0103 voci puternice ale jurnalismului sportiv, care transform\u0103 fiecare edi\u021bie \u00eentr-un adev\u0103rat spectacol de idei. Cu stiluri diferite, dar complementare, cei doi vor pune lupa pe cele mai controversate faze, vor analiza deciziile arbitrilor \u0219i vor \u00eentoarce pe toate fe\u021bele presta\u021biile echipelor \u0219i ale juc\u0103torilor.<\/p>\n<p>Edi\u021bia de duminic\u0103 vine cu un plus de energie prin prezen\u021ba a doi invita\u021bi speciali care promit s\u0103 anime dezbaterea: fotbalistul <strong>R\u0103zvan Ra\u021b \u0219i c\u00e2nt\u0103rea\u021ba Raluka<\/strong>. Dac\u0103 experien\u021ba lui R\u0103zvan Ra\u021b, acumulat\u0103 la cel mai \u00eenalt nivel al fotbalului interna\u021bional, va aduce o perspectiv\u0103 tehnic\u0103 \u0219i bine argumentat\u0103 asupra jocului, Raluka vine cu entuziasm, spontaneitate \u0219i un punct de vedere fresh, care va completa perfect dialogul din studio.<\/p>\n<p>Telespectatorii pot anticipa o edi\u021bie dinamic\u0103, \u00een care fiecare faz\u0103 important\u0103 va fi analizat\u0103 \u201ela cald\u201d, f\u0103r\u0103 ocoli\u0219uri. \u00cen stilul consacrat al emisiunii, umorul fin \u0219i replicile savuroase nu vor lipsi, transform\u00e2nd analiza sportiv\u0103 \u00eentr-un mod accesibil \u0219i captivant pentru publicul larg.<\/p>\n<p>\u201eFa\u021ba la joc! Show\u201d nu este doar o emisiune despre fotbal, ci un spa\u021biu \u00een care pasiunea pentru sport prinde via\u021b\u0103 prin dialog autentic \u0219i interpret\u0103ri curajoase. Este locul \u00een care se spun lucrurilor pe nume, unde opiniile sunt sus\u021binute cu argumente \u0219i unde fiecare edi\u021bie aduce ceva nou pentru telespectatori.<\/p>\n<p>Imediat dup\u0103 \u201eFa\u021ba la joc! Show\u201d, de la ora 15:00, telespectatorii PRO TV pot urm\u0103ri al treilea episod al miniseriei documentare \u201eIl Fenomeno \u2013 Povestea unui Superstar\u201d, dedicat\u0103 vie\u021bii \u0219i carierei lui Adrian Mutu. Episodul trei, intitulat \u201eC\u0103dere Liber\u0103\u201d, exploreaz\u0103 momentele de dopaj, scandal \u0219i pierdere care au dus la cea mai abrupt\u0103 pr\u0103bu\u0219ire a carierei sale.\u00a0<\/p>\n<\/div>\n<div id=\"adOverlay\">\n<p><img width=\"300\" height=\"41\" fetchpriority=\"low\" loading=\"lazy\" decoding=\"async\" src=\"https:\/\/www.sport.ro\/build\/sport\/assets\/text-pbl-308d6c78.png\" alt=\"Publicitate\">\n            <\/p>\n<\/p><\/div>\n<div id=\"adOverlay\">\n<p><img width=\"300\" height=\"41\" fetchpriority=\"low\" loading=\"lazy\" decoding=\"async\" src=\"https:\/\/www.sport.ro\/build\/sport\/assets\/text-pbl-308d6c78.png\" alt=\"Publicitate\">\n            <\/p>\n<\/p><\/div>\n<div>\n<p>\n        Articol recomandat de stirileprotv.ro\n    <\/p>\n<div id=\"inrecommended\">\n<p><a href=\"https:\/\/stirileprotv.ro\/stiri\/international\/israelul-avertizeaza-iranul-detine-rachete-capabile-sa-ajunga-la-londra-paris-sau-berlin.html\"><br \/>\n                            <img loading=\"lazy\" decoding=\"async\" src=\"https:\/\/assets.protv.ro\/assets\/feed\/production_stiri-interior-articol-sport\/20260322\/racheta-iran-getty-idf.webp\" width=\"80\" height=\"80\" alt=\"IDF: \u201eIranul are rachete capabile s\u0103 ajung\u0103 la Londra, Paris sau Berlin\u201d. Submarin nuclear britanic, mutat \u00een Marea Arabiei\"><br \/>\n                        <\/a>\n                    <\/p>\n<\/p><\/div>\n<\/div><\/div>\n<\/p><\/div>\n<\/section>\n<\/div>\n<p><a href=\"https:\/\/www.sport.ro\/fotbal-intern\/dincolo-de-scor-povestile-care-conteaza-in-emisiunea-fata-la-joc-show-difuzata-duminica-la-pro-tv-si-pe-voyo.html\" class=\"button purchase\" rel=\"nofollow noopener\" target=\"_blank\">Read More<\/a><\/p>\n","protected":false},"excerpt":{"rendered":"<p>Fotbal intern SPORT.RO Data publicarii: Data actualizarii: Fa\u021ba la Joc! e \u00een direct la Pro TV \u0219i pe VOYO. Fa\u021ba la joc! a fost \u00een [&hellip;]<\/p>\n","protected":false},"author":1,"featured_media":12213,"comment_status":"open","ping_status":"open","sticky":false,"template":"","format":"standard","meta":{"_monsterinsights_skip_tracking":false,"_monsterinsights_sitenote_active":false,"_monsterinsights_sitenote_note":"","_monsterinsights_sitenote_category":0,"footnotes":""},"categories":[7],"tags":[],"class_list":["post-12212","post","type-post","status-publish","format-standard","has-post-thumbnail","hentry","category-sports"],"aioseo_notices":[],"_links":{"self":[{"href":"https:\/\/info-eforie.ro\/index.php\/wp-json\/wp\/v2\/posts\/12212","targetHints":{"allow":["GET"]}}],"collection":[{"href":"https:\/\/info-eforie.ro\/index.php\/wp-json\/wp\/v2\/posts"}],"about":[{"href":"https:\/\/info-eforie.ro\/index.php\/wp-json\/wp\/v2\/types\/post"}],"author":[{"embeddable":true,"href":"https:\/\/info-eforie.ro\/index.php\/wp-json\/wp\/v2\/users\/1"}],"replies":[{"embeddable":true,"href":"https:\/\/info-eforie.ro\/index.php\/wp-json\/wp\/v2\/comments?post=12212"}],"version-history":[{"count":0,"href":"https:\/\/info-eforie.ro\/index.php\/wp-json\/wp\/v2\/posts\/12212\/revisions"}],"wp:featuredmedia":[{"embeddable":true,"href":"https:\/\/info-eforie.ro\/index.php\/wp-json\/wp\/v2\/media\/12213"}],"wp:attachment":[{"href":"https:\/\/info-eforie.ro\/index.php\/wp-json\/wp\/v2\/media?parent=12212"}],"wp:term":[{"taxonomy":"category","embeddable":true,"href":"https:\/\/info-eforie.ro\/index.php\/wp-json\/wp\/v2\/categories?post=12212"},{"taxonomy":"post_tag","embeddable":true,"href":"https:\/\/info-eforie.ro\/index.php\/wp-json\/wp\/v2\/tags?post=12212"}],"curies":[{"name":"wp","href":"https:\/\/api.w.org\/{rel}","templated":true}]}}