{"id":12162,"date":"2026-03-21T04:37:25","date_gmt":"2026-03-21T04:37:25","guid":{"rendered":"https:\/\/info-eforie.ro\/index.php\/2026\/03\/21\/patru-fotbalisti-de-la-dinamo-convocati-dintr-un-foc-la-nationala-romaniei\/"},"modified":"2026-03-21T04:37:25","modified_gmt":"2026-03-21T04:37:25","slug":"patru-fotbalisti-de-la-dinamo-convocati-dintr-un-foc-la-nationala-romaniei","status":"publish","type":"post","link":"https:\/\/info-eforie.ro\/index.php\/2026\/03\/21\/patru-fotbalisti-de-la-dinamo-convocati-dintr-un-foc-la-nationala-romaniei\/","title":{"rendered":"Patru fotbali\u0219ti de la Dinamo convoca\u021bi dintr-un foc la na\u021bionala Rom\u00e2niei!"},"content":{"rendered":"<div>\n<p><strong>CITE\u0218TE \u0218I: <\/strong><a href=\"https:\/\/www.sport.ro\/liga-1\/un-fotbalist-de-la-dinamo-va-debuta-la-echipa-nationala-in-aceasta-luna-abilitati-foarte-bune.html\" rel=\"noopener noreferrer\"><strong>Un fotbalist de la Dinamo va debuta la echipa na\u021bional\u0103 \u00een aceast\u0103 lun\u0103! \u201dAbilit\u0103\u021bi foarte bune\u201d<\/strong><\/a><\/p>\n<p>Reprezentativa U21 a Rom\u00e2niei continu\u0103 preliminariile pentru turneul final EURO 2027, urm\u00e2nd s\u0103 \u00eent\u00e2lneasc\u0103 \u00een luna martie na\u021bionalele din Kosovo \u0219i San Marino.<\/p>\n<h2>Meciurile tricolorilor, pe VOYO \u0219i Pro Arena<\/h2>\n<p>Vineri, 27 martie, ora 20:00:\u00a0<\/p>\n<p><strong>Kosovo U21 \u2013 Rom\u00e2nia U21<\/strong> (Stadion Fadil Vokrri, Pristina)<\/p>\n<p>Mar\u021bi, 31 martie, ora 19:00:\u00a0<\/p>\n<p><strong>Rom\u00e2nia U21 \u2013 San Marino U21<\/strong> (Stadion \u201eEugen Popescu\u201d, T\u00e2rgovi\u0219te) \u2013 BILETE DISPONIBILE!!!<\/p>\n<p><strong>\u201dAmbele partide vor putea fi urm\u0103rite \u00een direct pe PRO ARENA \u0219i VOYO.RO, dar \u0219i pe www.frf.tv, aceast\u0103 ultim\u0103 op\u021biune fiind disponibil\u0103 doar pentru rom\u00e2nii din afara \u021b\u0103rii!\u201d<\/strong>, precizeaz\u0103 FRF pe site-ul oficial.<\/p>\n<h2>Rom\u00e2nia, locul 4 \u00een grup\u0103 la jum\u0103tatea preliminariilor<\/h2>\n<p>La jum\u0103tatea preliminariilor, Rom\u00e2nia ocup\u0103 locul 4 \u00een grupa A de calificare pentru EURO 2027, cu 7 puncte, fiind la un punct \u00een spatele celor din Kosovo, la 3 puncte \u00een urma Finlandei \u0219i la 8 puncte distan\u021b\u0103 de liderul Spania.<\/p>\n<p>Turneul final din vara anului viitor va avea loc \u00een Albania \u0219i Serbia.<\/p>\n<h2>Lotul convocat de selec\u021bionerul Costin Curelea, cu patru juc\u0103tori de la Dinamo<\/h2>\n<\/div>\n<div>\n<p><strong>Portari<\/strong><\/p>\n<p>\u0218tefan Lefter (Universitatea Cluj), Rafael Munteanu (Farul Constan\u021ba), Adrian Fr\u0103nculescu (Steaua Bucure\u0219ti);<\/p>\n<p><strong>Funda\u0219i<\/strong><\/p>\n<p>Tony Strata (Vit\u00f3ria Guimar\u00e3es | Portugalia), David Maftei (Farul Constan\u021ba), <strong>Matteo Du\u021bu (Dinamo)<\/strong>, Ionu\u021b Pop (Concordia Chiajna), Mario Tudose (CFC Arge\u0219), Lisav Eissat (Maccabi Haifa | Israel), Andrei Borza (Rapid), Mark \u021au\u021bu (UTA Arad);<\/p>\n<p><strong>Mijloca\u0219i<\/strong><\/p>\n<p><strong>Alexandru Musi (Dinamo)<\/strong>, Lorenzo Biliboc (CFR Cluj), David Matei (Universitatea Craiova), Luca B\u0103sceanu (Universitatea Craiova), \u0218tefan Ban\u0103 (O\u021belul Gala\u021bi), <strong>Adrian Mazilu (Dinamo), Cristian Mihai (Dinamo)<\/strong>, Alin Bo\u021bogan (Petrolul), C\u0103t\u0103lin Vulturar (Rapid), Luca Szimiona\u0219 (Hellas Verona | Italia);<\/p>\n<p><strong>Atacan\u021bi<\/strong><\/p>\n<p>Atanas Tric\u0103 (Universitatea Cluj), Ioan Verme\u0219an (Hellas Verona | Italia).<\/p>\n<\/div>\n<p><a href=\"https:\/\/www.sport.ro\/nationala\/patru-fotbalisti-de-la-dinamo-convocati-dintr-un-foc-la-nationala-romaniei.html\" class=\"button purchase\" rel=\"nofollow noopener\" target=\"_blank\">Read More<\/a><\/p>\n","protected":false},"excerpt":{"rendered":"<p>CITE\u0218TE \u0218I: Un fotbalist de la Dinamo va debuta la echipa na\u021bional\u0103 \u00een aceast\u0103 lun\u0103! \u201dAbilit\u0103\u021bi foarte bune\u201d Reprezentativa U21 a Rom\u00e2niei continu\u0103 preliminariile pentru [&hellip;]<\/p>\n","protected":false},"author":1,"featured_media":12163,"comment_status":"open","ping_status":"open","sticky":false,"template":"","format":"standard","meta":{"_monsterinsights_skip_tracking":false,"_monsterinsights_sitenote_active":false,"_monsterinsights_sitenote_note":"","_monsterinsights_sitenote_category":0,"footnotes":""},"categories":[7],"tags":[],"class_list":["post-12162","post","type-post","status-publish","format-standard","has-post-thumbnail","hentry","category-sports"],"aioseo_notices":[],"_links":{"self":[{"href":"https:\/\/info-eforie.ro\/index.php\/wp-json\/wp\/v2\/posts\/12162","targetHints":{"allow":["GET"]}}],"collection":[{"href":"https:\/\/info-eforie.ro\/index.php\/wp-json\/wp\/v2\/posts"}],"about":[{"href":"https:\/\/info-eforie.ro\/index.php\/wp-json\/wp\/v2\/types\/post"}],"author":[{"embeddable":true,"href":"https:\/\/info-eforie.ro\/index.php\/wp-json\/wp\/v2\/users\/1"}],"replies":[{"embeddable":true,"href":"https:\/\/info-eforie.ro\/index.php\/wp-json\/wp\/v2\/comments?post=12162"}],"version-history":[{"count":0,"href":"https:\/\/info-eforie.ro\/index.php\/wp-json\/wp\/v2\/posts\/12162\/revisions"}],"wp:featuredmedia":[{"embeddable":true,"href":"https:\/\/info-eforie.ro\/index.php\/wp-json\/wp\/v2\/media\/12163"}],"wp:attachment":[{"href":"https:\/\/info-eforie.ro\/index.php\/wp-json\/wp\/v2\/media?parent=12162"}],"wp:term":[{"taxonomy":"category","embeddable":true,"href":"https:\/\/info-eforie.ro\/index.php\/wp-json\/wp\/v2\/categories?post=12162"},{"taxonomy":"post_tag","embeddable":true,"href":"https:\/\/info-eforie.ro\/index.php\/wp-json\/wp\/v2\/tags?post=12162"}],"curies":[{"name":"wp","href":"https:\/\/api.w.org\/{rel}","templated":true}]}}