{"id":12158,"date":"2026-03-21T04:37:27","date_gmt":"2026-03-21T04:37:27","guid":{"rendered":"https:\/\/info-eforie.ro\/index.php\/2026\/03\/21\/patru-fotbalisti-ar-putea-debuta-pentru-romania-chiar-impotriva-turciei\/"},"modified":"2026-03-21T04:37:27","modified_gmt":"2026-03-21T04:37:27","slug":"patru-fotbalisti-ar-putea-debuta-pentru-romania-chiar-impotriva-turciei","status":"publish","type":"post","link":"https:\/\/info-eforie.ro\/index.php\/2026\/03\/21\/patru-fotbalisti-ar-putea-debuta-pentru-romania-chiar-impotriva-turciei\/","title":{"rendered":"Patru fotbali\u0219ti ar putea debuta pentru Rom\u00e2nia chiar \u00eempotriva Turciei!"},"content":{"rendered":"<div>\n<p>Pe lista lui <a href=\"https:\/\/www.sport.ro\/stiri-despre\/mircea-lucescu\" rel=\"noopener noreferrer\"><strong>Mircea Lucescu<\/strong><\/a> se g\u0103sesc patru fotbali\u0219ti care nu au apucat s\u0103 joace deloc \u00een tricolor: portarii Marian Aioani (Rapid) \u0219i Mihai Popa (CFR Cluj), funda\u0219ul central Andrei Coubi\u0219 (Universitatea Cluj) \u0219i atacantul Marius Coman (UTA).\u00a0<\/p>\n<h2><strong>Cei patru poten\u021biali debutan\u021bi din tab\u0103ra Rom\u00e2niei<\/strong><\/h2>\n<p>Aioani \u0219i Popa ar putea debuta contra Turciei doar \u00een cazul unei accident\u0103ri a lui Ionu\u021b Radu. Portarul Celtei Vigo este indiscutabil prima variant\u0103 dintre buturi pentru Mircea Lucescu.<\/p>\n<p>De asemenea, v\u00e2rful Marius Coman, \u00een mod normal, va avea statutul de al treilea atacant dup\u0103 Daniel B\u00eerligea \u0219i David Miculescu.\u00a0<\/p>\n<p>Cele mai mari \u0219anse pentru un debut contra Turciei dintre cei patru le are Andrei Coubi\u0219, fie \u0219i \u00een calitate de rezerv\u0103. Mircea Lucescu nu are foarte multe variante solide \u00een defensiv\u0103.<\/p>\n<h2><strong>Lotul integral al Rom\u00e2niei<\/strong><\/h2>\n<p><strong><u>PORTARI<\/u><\/strong><\/p>\n<p><strong>Ionu\u021b RADU\u00a0<\/strong>(Celta de Vigo | Spania, 7\/0),\u00a0<strong>Marian AIOANI<\/strong>\u00a0(FC Rapid 1923, 0\/0),\u00a0<strong>Mihai POPA<\/strong>\u00a0(CFR Cluj, 0\/0);<\/p>\n<p><strong><u>FUNDA\u0218I<\/u><\/strong><\/p>\n<p><strong>Andrei RA\u021aIU<\/strong>\u00a0(Rayo Vallecano | Spania, 36\/2),\u00a0<strong>Deian SORESCU<\/strong>\u00a0(Gaziantep FK | Turcia, 23\/0),\u00a0<strong>Radu DR\u0102GU\u0218IN<\/strong>\u00a0(Tottenham | Anglia, 27\/1),\u00a0<strong>Andrei BURC\u0102<\/strong>\u00a0(Yunnan Yukun | China, 44\/1),\u00a0<strong>Virgil GHI\u021a\u0102<\/strong>\u00a0(Hannover 96 | Germania, 8\/1),<strong>\u00a0Adrian RUS\u00a0<\/strong>(Universitatea Craiova, 22\/1),\u00a0<strong>Andrei COUBI\u0218<\/strong>\u00a0(Universitatea Cluj, 0\/0),<strong>\u00a0Nicu\u0219or BANCU<\/strong>\u00a0(Universitatea Craiova, 50\/2),\u00a0<strong>Kevin CIUBOTARU<\/strong>\u00a0(Hermannstadt, 1\/0);<\/p>\n<p><strong><u>MIJLOCA\u0218I<\/u><\/strong><\/p>\n<p><strong>Vladimir SCRECIU\u00a0<\/strong>(Universitatea Craiova, 6\/0),\u00a0<strong>Vlad DRAGOMIR<\/strong>\u00a0(Pafos | Cipru, 5\/0),<strong>\u00a0R\u0103zvan MARIN<\/strong>\u00a0(AEK Atena | Grecia, 72\/12),<strong>\u00a0Nicolae STANCIU<\/strong>\u00a0(Dalian Yingbo | China, 84\/15),<strong>\u00a0Florin T\u0102NASE\u00a0<\/strong>(FCSB, 26\/5),\u00a0<strong>Ianis HAGI\u00a0<\/strong>(Alanyaspor | Turcia, 51\/8),\u00a0<strong>Dennis MAN<\/strong>\u00a0(PSV | \u021a\u0103rile de Jos, 43\/11),\u00a0<strong>Alexandru DOBRE<\/strong>\u00a0(FC Rapid 1923, 5\/0),<strong>\u00a0Valentin MIH\u0102IL\u0102<\/strong>\u00a0(Caykur Rizespor | Turcia, 33\/5),\u00a0<strong>Claudiu PETRILA<\/strong>\u00a0(FC Rapid 1923, 2\/0),\u00a0<strong>\u0218tefan BAIARAM<\/strong>\u00a0(Universitatea Craiova, 2\/1);<\/p>\n<p><strong><u>ATACAN\u021aI<\/u><\/strong><\/p>\n<p><strong>Daniel B\u00ceRLIGEA<\/strong>\u00a0(FCSB, 7\/2),\u00a0<strong>David MICULESCU\u00a0<\/strong>(FCSB, 6\/0),\u00a0<strong>Marius COMAN<\/strong>\u00a0(UTA Arad, 0\/0).<\/p>\n<p>Au mai r\u0103mas doar \u0219ase zile \u00eenaintea meciului Turcia &#8211; Rom\u00e2nia de pe 26 martie. Tricolorii vor \u00eencerca s\u0103 se califice la Campionatul Mondial prin intermediul barajului ob\u021binut din Liga Na\u021biunilor.\u00a0<\/p>\n<p>Elevii lui Mircea Lucescu vor \u00eenfrunta \u00een semifinale, \u00een man\u0219\u0103 unic\u0103, Turcia la Istanbul. Dac\u0103 se impun, vor disputa finala barajului pe 31 martie, tot \u00een deplasare, cu \u00eenving\u0103toarea dintre Slovacia \u0219i Kosovo.<\/p>\n<\/div>\n<p><a href=\"https:\/\/www.sport.ro\/nationala\/patru-fotbalisti-ar-putea-debuta-pentru-romania-chiar-impotriva-turciei.html\" class=\"button purchase\" rel=\"nofollow noopener\" target=\"_blank\">Read More<\/a><\/p>\n","protected":false},"excerpt":{"rendered":"<p>Pe lista lui Mircea Lucescu se g\u0103sesc patru fotbali\u0219ti care nu au apucat s\u0103 joace deloc \u00een tricolor: portarii Marian Aioani (Rapid) \u0219i Mihai Popa [&hellip;]<\/p>\n","protected":false},"author":1,"featured_media":12159,"comment_status":"open","ping_status":"open","sticky":false,"template":"","format":"standard","meta":{"_monsterinsights_skip_tracking":false,"_monsterinsights_sitenote_active":false,"_monsterinsights_sitenote_note":"","_monsterinsights_sitenote_category":0,"footnotes":""},"categories":[7],"tags":[],"class_list":["post-12158","post","type-post","status-publish","format-standard","has-post-thumbnail","hentry","category-sports"],"aioseo_notices":[],"_links":{"self":[{"href":"https:\/\/info-eforie.ro\/index.php\/wp-json\/wp\/v2\/posts\/12158","targetHints":{"allow":["GET"]}}],"collection":[{"href":"https:\/\/info-eforie.ro\/index.php\/wp-json\/wp\/v2\/posts"}],"about":[{"href":"https:\/\/info-eforie.ro\/index.php\/wp-json\/wp\/v2\/types\/post"}],"author":[{"embeddable":true,"href":"https:\/\/info-eforie.ro\/index.php\/wp-json\/wp\/v2\/users\/1"}],"replies":[{"embeddable":true,"href":"https:\/\/info-eforie.ro\/index.php\/wp-json\/wp\/v2\/comments?post=12158"}],"version-history":[{"count":0,"href":"https:\/\/info-eforie.ro\/index.php\/wp-json\/wp\/v2\/posts\/12158\/revisions"}],"wp:featuredmedia":[{"embeddable":true,"href":"https:\/\/info-eforie.ro\/index.php\/wp-json\/wp\/v2\/media\/12159"}],"wp:attachment":[{"href":"https:\/\/info-eforie.ro\/index.php\/wp-json\/wp\/v2\/media?parent=12158"}],"wp:term":[{"taxonomy":"category","embeddable":true,"href":"https:\/\/info-eforie.ro\/index.php\/wp-json\/wp\/v2\/categories?post=12158"},{"taxonomy":"post_tag","embeddable":true,"href":"https:\/\/info-eforie.ro\/index.php\/wp-json\/wp\/v2\/tags?post=12158"}],"curies":[{"name":"wp","href":"https:\/\/api.w.org\/{rel}","templated":true}]}}