{"id":12148,"date":"2026-03-19T19:55:28","date_gmt":"2026-03-19T19:55:28","guid":{"rendered":"https:\/\/info-eforie.ro\/index.php\/2026\/03\/19\/schimbari-importante-la-tvr-un-post-dispare-din-grila-iar-altul-iese-din-masuratorile-de-audienta\/"},"modified":"2026-03-19T19:55:28","modified_gmt":"2026-03-19T19:55:28","slug":"schimbari-importante-la-tvr-un-post-dispare-din-grila-iar-altul-iese-din-masuratorile-de-audienta","status":"publish","type":"post","link":"https:\/\/info-eforie.ro\/index.php\/2026\/03\/19\/schimbari-importante-la-tvr-un-post-dispare-din-grila-iar-altul-iese-din-masuratorile-de-audienta\/","title":{"rendered":"Schimb\u0103ri importante la TVR: un post dispare din gril\u0103, iar altul iese din m\u0103sur\u0103torile de audien\u021b\u0103"},"content":{"rendered":"<div>\n<p>Conducerea Televiziunea Rom\u00e2n\u0103 a aprobat, \u00een cadrul unei \u0219edin\u021be a Consiliului de Administra\u021bie, desfiin\u021barea canalului TVR Folclor ca post clasic de televiziune \u0219i continuarea acestuia exclusiv \u00een mediul digital. Decizia a fost adoptat\u0103 cu 7 voturi pentru \u0219i 6 \u00eempotriv\u0103.\u00a0<\/p>\n<div><picture><source type=\"image\/webp\"  media=\"(min-width: 1400px)\"><source type=\"image\/webp\"  media=\"(min-width: 1000px)\"><source type=\"image\/webp\"  media=\"(min-width: 700px)\"><source type=\"image\/jpeg\"  media=\"(min-width: 1400px)\"><source type=\"image\/jpeg\"  media=\"(min-width: 1000px)\"><source type=\"image\/jpeg\"  media=\"(min-width: 700px)\"><img decoding=\"async\" src=\"https:\/\/cdn.adh.reperio.news\/image-1\/1bc8aa6c-4456-484a-a315-e5fc857e0d38\/index.jpeg?p=a%3D1%26co%3D1.05%26w%3D700%26h%3D750%26r%3Dcontain%26f%3Dwebp\" alt=\"Televiziunea Rom\u00e2n\u0103 FOTO: Mediafax\" width=\"1400\" height=\"750\" loading=\"eager\" fetchpriority=\"high\"><\/picture>\n<p>Televiziunea Rom\u00e2n\u0103 FOTO: Mediafax<\/p>\n<\/div>\n<p>\u00cen aceea\u0219i \u0219edin\u021b\u0103, conducerea TVR a mai decis scoaterea TVR 3 din m\u0103sur\u0103torile de audien\u021b\u0103, precum \u0219i\u00a0<a href=\"https:\/\/adevarul.ro\/showbiz\/tv\/reprezentantii-televiziunii-romane-cer-2513862.html#google_vignette\">reorganizarea Direc\u021biei \u0218tiri \u0219i Sport<\/a>, care va fi transformat\u0103 \u00eentr-o nou\u0103 structur\u0103 denumit\u0103 Direc\u021bia INFO,\u00a0potrivit informa\u021biilor publicate de\u00a0<a href=\"https:\/\/www.paginademedia.ro\/stiri-media\/se-inchide-tvr-folclor-22383128\" rel=\"nofollow\">Pagina de Media.<\/a><\/p>\n<p>TVR Folclor, lansat pe 27 noiembrie 2023 \u00een mandatul lui Dan Cristian Turturic\u0103, difuza \u00een principal produc\u021bii de arhiv\u0103, incluz\u00e2nd emisiuni precum \u201eTezaur Folcloric\u201d, \u201eZestrea rom\u00e2nilor\u201d \u0219i \u201eMuzica Regiunilor\u201d.<\/p>\n<p>Decizia a fost criticat\u0103 de sindicate, reprezentan\u021bii MediaSind din Consiliul de Administra\u021bie, Cristi Godinac \u0219i Sorin Toric\u0103, consider\u00e2nd votul unul controversat \u0219i ridic\u00e2nd semne de \u00eentrebare cu privire la oportunitatea m\u0103surii.<\/p>\n<h2>TVR: reducerea costurilor \u0219i adaptare la mediul digital<\/h2>\n<p>Reprezentan\u021bii TVR au explicat c\u0103 m\u0103sura face parte dintr-un proces de optimizare a costurilor \u0219i de adaptare la schimb\u0103rile din consumul media. <\/p>\n<p>Potrivit institu\u021biei, transformarea TVR Folclor \u00eentr-un canal exclusiv online va permite reducerea cheltuielilor tehnice \u0219i alinierea la tendin\u021bele actuale ale pie\u021bei.<\/p>\n<p>\u00cen acest sens,\u00a0<a href=\"https:\/\/adevarul.ro\/showbiz\/tv\/tvr-intra-in-lupta-pe-audienta-cu-marile-posturi-2511412.html\">televiziunea public\u0103 urmeaz\u0103 s\u0103 depun\u0103 la CNA documenta\u021bia\u00a0<\/a>necesar\u0103 pentru actualizarea licen\u021bei TVR Folclor \u0219i retragerea licen\u021bei audiovizuale pentru difuzarea prin cablu. Con\u021binutul va continua s\u0103 fie disponibil pe platforma tvrplus.ro \u0219i pe alte servicii de streaming autorizate.<\/p>\n<p>Oficialii TVR sus\u021bin c\u0103 echipa editorial\u0103 \u00ee\u0219i va continua activitatea, urm\u00e2nd s\u0103 produc\u0103 \u0219i s\u0103 difuzeze \u00een mediul digital programe dedicate folclorului, tradi\u021biilor \u0219i patrimoniului cultural rom\u00e2nesc.<\/p>\n<p><i>\u201ePrin reconfigurarea TVR Folclor, managementul Televiziunii Publice vizeaz\u0103 reducerea costurilor tehnice, dar \u0219i o adaptare la noile obiceiuri de consum media \u0219i la dinamica accelerat\u0103 a pie\u021bei digitale\u201d, <\/i>au transmis reprezentan\u021bii institu\u021biei.<\/p>\n<\/p><\/div>\n<p><a href=\"https:\/\/adevarul.ro\/showbiz\/tv\/schimbari-importante-la-tvr-un-post-dispare-din-2516479.html\" class=\"button purchase\" rel=\"nofollow noopener\" target=\"_blank\">Read More<\/a><\/p>\n","protected":false},"excerpt":{"rendered":"<p>Conducerea Televiziunea Rom\u00e2n\u0103 a aprobat, \u00een cadrul unei \u0219edin\u021be a Consiliului de Administra\u021bie, desfiin\u021barea canalului TVR Folclor ca post clasic de televiziune \u0219i continuarea acestuia [&hellip;]<\/p>\n","protected":false},"author":1,"featured_media":12149,"comment_status":"open","ping_status":"open","sticky":false,"template":"","format":"standard","meta":{"_monsterinsights_skip_tracking":false,"_monsterinsights_sitenote_active":false,"_monsterinsights_sitenote_note":"","_monsterinsights_sitenote_category":0,"footnotes":""},"categories":[6],"tags":[],"class_list":["post-12148","post","type-post","status-publish","format-standard","has-post-thumbnail","hentry","category-popular"],"aioseo_notices":[],"_links":{"self":[{"href":"https:\/\/info-eforie.ro\/index.php\/wp-json\/wp\/v2\/posts\/12148","targetHints":{"allow":["GET"]}}],"collection":[{"href":"https:\/\/info-eforie.ro\/index.php\/wp-json\/wp\/v2\/posts"}],"about":[{"href":"https:\/\/info-eforie.ro\/index.php\/wp-json\/wp\/v2\/types\/post"}],"author":[{"embeddable":true,"href":"https:\/\/info-eforie.ro\/index.php\/wp-json\/wp\/v2\/users\/1"}],"replies":[{"embeddable":true,"href":"https:\/\/info-eforie.ro\/index.php\/wp-json\/wp\/v2\/comments?post=12148"}],"version-history":[{"count":0,"href":"https:\/\/info-eforie.ro\/index.php\/wp-json\/wp\/v2\/posts\/12148\/revisions"}],"wp:featuredmedia":[{"embeddable":true,"href":"https:\/\/info-eforie.ro\/index.php\/wp-json\/wp\/v2\/media\/12149"}],"wp:attachment":[{"href":"https:\/\/info-eforie.ro\/index.php\/wp-json\/wp\/v2\/media?parent=12148"}],"wp:term":[{"taxonomy":"category","embeddable":true,"href":"https:\/\/info-eforie.ro\/index.php\/wp-json\/wp\/v2\/categories?post=12148"},{"taxonomy":"post_tag","embeddable":true,"href":"https:\/\/info-eforie.ro\/index.php\/wp-json\/wp\/v2\/tags?post=12148"}],"curies":[{"name":"wp","href":"https:\/\/api.w.org\/{rel}","templated":true}]}}