{"id":12110,"date":"2026-03-18T19:57:05","date_gmt":"2026-03-18T19:57:05","guid":{"rendered":"https:\/\/info-eforie.ro\/index.php\/2026\/03\/18\/caz-socant-in-suceava-un-barbat-si-a-ucis-prietenul-lovindu-l-cu-un-scaun-in-cap-apoi-a-murit-de-infarct-in-aceeasi-casa\/"},"modified":"2026-03-18T19:57:05","modified_gmt":"2026-03-18T19:57:05","slug":"caz-socant-in-suceava-un-barbat-si-a-ucis-prietenul-lovindu-l-cu-un-scaun-in-cap-apoi-a-murit-de-infarct-in-aceeasi-casa","status":"publish","type":"post","link":"https:\/\/info-eforie.ro\/index.php\/2026\/03\/18\/caz-socant-in-suceava-un-barbat-si-a-ucis-prietenul-lovindu-l-cu-un-scaun-in-cap-apoi-a-murit-de-infarct-in-aceeasi-casa\/","title":{"rendered":"Caz \u0219ocant \u00een Suceava. Un b\u0103rbat \u0219i-a ucis prietenul lovindu-l cu un scaun \u00een cap, apoi a murit de infarct \u00een aceea\u0219i cas\u0103"},"content":{"rendered":"<div>\n<p>O tragedie greu de imaginat a avut loc \u00een comuna Dr\u0103gu\u0219eni, jude\u021bul Suceava, unde doi b\u0103rba\u021bi au fost g\u0103si\u021bi mor\u021bi \u00eentr-o locuin\u021b\u0103, \u00een urma unui conflict izbucnit dup\u0103 ce au b\u0103ut \u00eempreun\u0103.<\/p>\n<div><picture><source type=\"image\/webp\"  media=\"(min-width: 1400px)\"><source type=\"image\/webp\"  media=\"(min-width: 1000px)\"><source type=\"image\/webp\"  media=\"(min-width: 700px)\"><source type=\"image\/jpeg\"  media=\"(min-width: 1400px)\"><source type=\"image\/jpeg\"  media=\"(min-width: 1000px)\"><source type=\"image\/jpeg\"  media=\"(min-width: 700px)\"><img decoding=\"async\" src=\"https:\/\/cdn.adh.reperio.news\/image-0\/03de56b8-6559-44be-be5a-b5585d48c566\/index.jpeg?p=a%3D1%26co%3D1.05%26w%3D700%26h%3D750%26r%3Dcontain%26f%3Dwebp\" alt=\"Medicii legi\u0219ti au confirmat cauzele deceselor. FOTO: arhiv\u0103\" width=\"1400\" height=\"750\" loading=\"eager\" fetchpriority=\"high\"><\/picture>\n<p>Medicii legi\u0219ti au confirmat cauzele deceselor. FOTO: arhiv\u0103<\/p>\n<\/div>\n<p>Descoperirea a fost f\u0103cut\u0103 mar\u021bi, 17 martie, dup\u0103 ce un vecin a alertat autorit\u0103\u021bile, \u00eengrijorat c\u0103 nu i-a mai v\u0103zut pe cei doi de aproximativ dou\u0103 zile. Poli\u021bi\u0219tii au intrat \u00een locuin\u021ba unui b\u0103rbat \u00een v\u00e2rst\u0103 de 76 de ani, unde l-au g\u0103sit f\u0103r\u0103 via\u021b\u0103 at\u00e2t pe el, c\u00e2t \u0219i pe prietenul s\u0103u, de 73 de ani.<\/p>\n<p>Primele date ale anchetei indic\u0103 faptul c\u0103, dup\u0103 ce au consumat alcool \u00eempreun\u0103, \u00eentre cei doi a izbucnit o ceart\u0103. \u00cen timpul conflictului, b\u0103rbatul l-ar fi lovit pe prietenul s\u0103u \u00een cap cu un scaun, r\u0103nile provocate fiind fatale. La scurt timp dup\u0103 crim\u0103, agresorul ar fi suferit un infarct \u0219i a murit \u00een aceea\u0219i locuin\u021b\u0103.<\/p>\n<p>Anchetatorii au mai stabilit c\u0103 exist\u0103 circumstan\u021be neclare \u00een acest caz, inclusiv faptul c\u0103 unul dintre b\u0103rba\u021bi a fost g\u0103sit\u00a0<a href=\"https:\/\/adevarul.ro\/stiri-interne\/evenimente\/umilintele-traite-de-doi-tineri-romani-declarati-2507256.html\">par\u021bial dezbr\u0103cat,<\/a>\u00a0detaliu care urmeaz\u0103 s\u0103 fie elucidat \u00een cadrul investiga\u021biei.<\/p>\n<p>Interven\u021bia poli\u021bi\u0219tilor a fost, la r\u00e2ndul ei, marcat\u0103 de un incident grav. Autospeciala care se deplasa la fa\u021ba locului, av\u00e2nd semnalele acustice \u0219i luminoase \u00een func\u021biune, a fost implicat\u0103 \u00eentr-un accident rutier, dup\u0103 ce un \u0219ofer nu ar fi acordat prioritate. Cei doi poli\u021bi\u0219ti afla\u021bi \u00een ma\u0219in\u0103 au fost r\u0103ni\u021bi \u0219i transporta\u021bi la spital, fiind necesar\u0103 trimiterea unui alt echipaj la locul tragediei, conform\u00a0<a href=\"https:\/\/stirileprotv.ro\/virale\/tragedie-in-lant-in-suceava-un-barbat-si-a-ucis-prietenul-apoi-a-facut-infarct-politistii-chemati-la-caz-au-facut-accident.html\" rel=\"nofollow\">\u0218tirile Pro TV.<\/a><\/p>\n<p>Medicii legi\u0219ti au confirmat cauzele deceselor, iar criminali\u0219tii au ridicat probe din locuin\u021b\u0103. Poli\u021bia a deschis un dosar penal pentru omor, urm\u00e2nd ca procurorul de caz s\u0103 stabileasc\u0103 toate \u00eemprejur\u0103rile \u00een care s-a produs incidentul.<\/p>\n<\/p><\/div>\n<p><a href=\"https:\/\/adevarul.ro\/stiri-locale\/suceava\/caz-socant-in-suceava-un-barbat-si-a-ucis-2516195.html\" class=\"button purchase\" rel=\"nofollow noopener\" target=\"_blank\">Read More<\/a><\/p>\n","protected":false},"excerpt":{"rendered":"<p>O tragedie greu de imaginat a avut loc \u00een comuna Dr\u0103gu\u0219eni, jude\u021bul Suceava, unde doi b\u0103rba\u021bi au fost g\u0103si\u021bi mor\u021bi \u00eentr-o locuin\u021b\u0103, \u00een urma unui [&hellip;]<\/p>\n","protected":false},"author":1,"featured_media":12111,"comment_status":"open","ping_status":"open","sticky":false,"template":"","format":"standard","meta":{"_monsterinsights_skip_tracking":false,"_monsterinsights_sitenote_active":false,"_monsterinsights_sitenote_note":"","_monsterinsights_sitenote_category":0,"footnotes":""},"categories":[6],"tags":[],"class_list":["post-12110","post","type-post","status-publish","format-standard","has-post-thumbnail","hentry","category-popular"],"aioseo_notices":[],"_links":{"self":[{"href":"https:\/\/info-eforie.ro\/index.php\/wp-json\/wp\/v2\/posts\/12110","targetHints":{"allow":["GET"]}}],"collection":[{"href":"https:\/\/info-eforie.ro\/index.php\/wp-json\/wp\/v2\/posts"}],"about":[{"href":"https:\/\/info-eforie.ro\/index.php\/wp-json\/wp\/v2\/types\/post"}],"author":[{"embeddable":true,"href":"https:\/\/info-eforie.ro\/index.php\/wp-json\/wp\/v2\/users\/1"}],"replies":[{"embeddable":true,"href":"https:\/\/info-eforie.ro\/index.php\/wp-json\/wp\/v2\/comments?post=12110"}],"version-history":[{"count":0,"href":"https:\/\/info-eforie.ro\/index.php\/wp-json\/wp\/v2\/posts\/12110\/revisions"}],"wp:featuredmedia":[{"embeddable":true,"href":"https:\/\/info-eforie.ro\/index.php\/wp-json\/wp\/v2\/media\/12111"}],"wp:attachment":[{"href":"https:\/\/info-eforie.ro\/index.php\/wp-json\/wp\/v2\/media?parent=12110"}],"wp:term":[{"taxonomy":"category","embeddable":true,"href":"https:\/\/info-eforie.ro\/index.php\/wp-json\/wp\/v2\/categories?post=12110"},{"taxonomy":"post_tag","embeddable":true,"href":"https:\/\/info-eforie.ro\/index.php\/wp-json\/wp\/v2\/tags?post=12110"}],"curies":[{"name":"wp","href":"https:\/\/api.w.org\/{rel}","templated":true}]}}