{"id":12104,"date":"2026-03-18T17:57:03","date_gmt":"2026-03-18T17:57:03","guid":{"rendered":"https:\/\/info-eforie.ro\/index.php\/2026\/03\/18\/senegalul-si-a-anuntat-decizia-dupa-ce-maroc-i-a-suflat-trofeul-la-masa-verde\/"},"modified":"2026-03-18T17:57:03","modified_gmt":"2026-03-18T17:57:03","slug":"senegalul-si-a-anuntat-decizia-dupa-ce-maroc-i-a-suflat-trofeul-la-masa-verde","status":"publish","type":"post","link":"https:\/\/info-eforie.ro\/index.php\/2026\/03\/18\/senegalul-si-a-anuntat-decizia-dupa-ce-maroc-i-a-suflat-trofeul-la-masa-verde\/","title":{"rendered":"Senegalul \u0219i-a anun\u021bat decizia, dup\u0103 ce Maroc i-a \u201dsuflat\u201d trofeul la \u201dmasa verde\u201d"},"content":{"rendered":"<div>\n<p>Finala Cupei Africii a fost controversat\u0103, cu un final nebun. Juc\u0103torii Senegalului au ie\u0219it de pe teren dup\u0103 ce arbitrul a acordat o lovitur\u0103 de la 11 metri dup\u0103 consultarea VAR pentru Maroc, dar au revenit dup\u0103 mai bine de zece minute.<\/p>\n<p>Brahim Diaz a ratat penalty-ul, dup\u0103 ce a \u00eencercat o \u201dsc\u0103ri\u021b\u0103\u201d, iar senegalezii au pus m\u00e2na pe trofeu dup\u0103 golul marcat de Pape Gueye: s-a \u00eencheiat 1-0, iar marocanii \u0219i-au c\u0103utat dreptatea la CAF.<\/p>\n<h2><strong>Senegalezii merg la TAS dup\u0103 ce au pierdut Cupa Africii la masa verde<\/strong><\/h2>\n<p>Mai exact, ace\u0219tia au reclamat faptul c\u0103 gestul senegalezilor a influen\u021bat rezultatul final al partidei, iar CAF le-a dat dreptate. La dou\u0103 luni distan\u021b\u0103, Cupa Africii a ajuns, la \u201dmasa verde\u201d, c\u0103tre Hakimi \u0219i colegii s\u0103i.<\/p>\n<p>Reac\u021bia senegalezilor nu s-a l\u0103sat a\u0219teptat\u0103. Prin intermediul unui comunicat oficial, <a href=\"https:\/\/www.sport.ro\/fotbal-extern\/ce-urmeaza-pentru-senegal-dupa-ce-a-pierdut-la-masa-verde-cupa-africii-in-fata-marocului.html\" rel=\"noopener noreferrer\"><strong>ace\u0219tia au anun\u021bat c\u0103 vor reclama decizia la Tribunalul de Arbitraj Sportiv de la Lausanne (TAS)<\/strong><\/a> \u201d\u00een cel mai scurt timp posibil\u201d.<\/p>\n<p><strong>\u201cFedera\u0163ia de Fotbal din Senegal denun\u0163\u0103 decizia injust\u0103, f\u0103r\u0103 precedent \u0219i inacceptabil\u0103 care discrediteaz\u0103 fotbalul african. Pentru a ap\u0103ra drepturile \u0219i interesele fotbalului senegalez, federa\u021bia va ini\u021bia, c\u00e2t mai rapid posibil, o procedur\u0103 de apel \u00een fa\u021ba Tribunalului de Arbitraj Sportiv de la Lausanne\u201c,<\/strong> a transmis Senegalul, prin intermediul unui comunicat oficial.<\/p>\n<\/div>\n<div>\n<blockquote>\n<p lang=\"fr\" dir=\"ltr\">Communiqu\u00e9 de la FSF relatif \u00e0 la notification de la d\u00e9cision rendue le 17 mars 2026 par le Jury d&#8217;Appel de la Conf\u00e9d\u00e9ration Africaine de Football (CAF). \ud83d\udc47 <a href=\"https:\/\/t.co\/b0xxQsMQWU\">pic.twitter.com\/b0xxQsMQWU<\/a><\/p>\n<p>\u2014 Equipe du S\u00e9n\u00e9gal (@GaindeYi) <a href=\"https:\/\/twitter.com\/GaindeYi\/status\/2034085545404518759?ref_src=twsrc%5Etfw\">March 18, 2026<\/a><\/p><\/blockquote>\n<\/div>\n<div>\n<p>Dac\u0103 decizia CAF se va men\u021bine, <a href=\"https:\/\/www.sport.ro\/fotbal-extern\/cati-bani-poate-pierde-senegalul-dupa-decizia-caf-cupa-africii-la-masa-verde-pentru-maroc.html\" rel=\"noopener noreferrer\"><strong>Senegalul risc\u0103 s\u0103 piard\u0103, pe l\u00e2ng\u0103 trofeu, \u0219i o sum\u0103 imens\u0103<\/strong><\/a>. C\u00e2\u0219tig\u0103toarea Cupei Africii din acest an a \u00eencasat \u201do sum\u0103 record\u201d \u00een istoria competi\u021biei, de \u0219apte milioane de euro.<\/p>\n<h2><strong>Prima reac\u021bie din Senegal dup\u0103 decizia CAF: \u201ePentru eternitate\u201d<\/strong><\/h2>\n<p>Prima reac\u021bie din tab\u0103ra senegalez\u0103 nu a \u00eent\u00e2rziat s\u0103 apar\u0103. Funda\u0219ul central Moussa Niakhate a publicat pe re\u021belele sociale o fotografie de la festivitatea de premiere, \u00een care apare cu trofeul c\u00e2\u0219tigat pe teren.<\/p>\n<p>Mesajul transmis de juc\u0103tor a fost unul scurt, dar sugestiv: <strong>\u201ePentru eternitate\u201d.<\/strong><\/p>\n<\/div>\n<p><a href=\"https:\/\/www.sport.ro\/fotbal-extern\/senegalul-si-a-anuntat-decizia-dupa-ce-maroc-i-a-suflat-trofeul-la-masa-verde.html\" class=\"button purchase\" rel=\"nofollow noopener\" target=\"_blank\">Read More<\/a><\/p>\n","protected":false},"excerpt":{"rendered":"<p>Finala Cupei Africii a fost controversat\u0103, cu un final nebun. Juc\u0103torii Senegalului au ie\u0219it de pe teren dup\u0103 ce arbitrul a acordat o lovitur\u0103 de [&hellip;]<\/p>\n","protected":false},"author":1,"featured_media":12105,"comment_status":"open","ping_status":"open","sticky":false,"template":"","format":"standard","meta":{"_monsterinsights_skip_tracking":false,"_monsterinsights_sitenote_active":false,"_monsterinsights_sitenote_note":"","_monsterinsights_sitenote_category":0,"footnotes":""},"categories":[7],"tags":[],"class_list":["post-12104","post","type-post","status-publish","format-standard","has-post-thumbnail","hentry","category-sports"],"aioseo_notices":[],"_links":{"self":[{"href":"https:\/\/info-eforie.ro\/index.php\/wp-json\/wp\/v2\/posts\/12104","targetHints":{"allow":["GET"]}}],"collection":[{"href":"https:\/\/info-eforie.ro\/index.php\/wp-json\/wp\/v2\/posts"}],"about":[{"href":"https:\/\/info-eforie.ro\/index.php\/wp-json\/wp\/v2\/types\/post"}],"author":[{"embeddable":true,"href":"https:\/\/info-eforie.ro\/index.php\/wp-json\/wp\/v2\/users\/1"}],"replies":[{"embeddable":true,"href":"https:\/\/info-eforie.ro\/index.php\/wp-json\/wp\/v2\/comments?post=12104"}],"version-history":[{"count":0,"href":"https:\/\/info-eforie.ro\/index.php\/wp-json\/wp\/v2\/posts\/12104\/revisions"}],"wp:featuredmedia":[{"embeddable":true,"href":"https:\/\/info-eforie.ro\/index.php\/wp-json\/wp\/v2\/media\/12105"}],"wp:attachment":[{"href":"https:\/\/info-eforie.ro\/index.php\/wp-json\/wp\/v2\/media?parent=12104"}],"wp:term":[{"taxonomy":"category","embeddable":true,"href":"https:\/\/info-eforie.ro\/index.php\/wp-json\/wp\/v2\/categories?post=12104"},{"taxonomy":"post_tag","embeddable":true,"href":"https:\/\/info-eforie.ro\/index.php\/wp-json\/wp\/v2\/tags?post=12104"}],"curies":[{"name":"wp","href":"https:\/\/api.w.org\/{rel}","templated":true}]}}