{"id":12098,"date":"2026-03-18T17:57:06","date_gmt":"2026-03-18T17:57:06","guid":{"rendered":"https:\/\/info-eforie.ro\/index.php\/2026\/03\/18\/postarea-care-a-rupt-internetul-dupa-ce-senegal-a-pierdut-cupa-africii-la-masa-verde-nu-e-ai-e-realitate\/"},"modified":"2026-03-18T17:57:06","modified_gmt":"2026-03-18T17:57:06","slug":"postarea-care-a-rupt-internetul-dupa-ce-senegal-a-pierdut-cupa-africii-la-masa-verde-nu-e-ai-e-realitate","status":"publish","type":"post","link":"https:\/\/info-eforie.ro\/index.php\/2026\/03\/18\/postarea-care-a-rupt-internetul-dupa-ce-senegal-a-pierdut-cupa-africii-la-masa-verde-nu-e-ai-e-realitate\/","title":{"rendered":"Postarea care a rupt internetul dup\u0103 ce Senegal a pierdut Cupa Africii la \u201dmasa verde\u201d: \u201dNu e AI, e realitate\u201d"},"content":{"rendered":"<div>\n<p>Marocanii au reclamat la CAF c\u0103 gestul adversarilor, de a ie\u0219i de pe teren chiar \u00eenainte de executarea loviturii de la 11 metri a lui Brahim Diaz, a influen\u021bat decisiv soarta finalei. <a href=\"https:\/\/www.sport.ro\/fotbal-extern\/neverosimil-senegal-pierde-trofeul-cupei-africii-la-masa-verde-maroc-noua-campioana.html\" rel=\"noopener noreferrer\"><strong>\u0218i au avut c\u00e2\u0219tig de cauz\u0103, doar c\u0103 lucrurile nu vor r\u0103m\u00e2ne, momentan, a\u0219a<\/strong><\/a>.<\/p>\n<h2><strong>Moussa Niakhate, reac\u021bia care a \u201drupt internetul\u201d dup\u0103 decizia CAF<\/strong><\/h2>\n<p><a href=\"https:\/\/www.sport.ro\/fotbal-extern\/senegalul-si-a-anuntat-decizia-dupa-ce-maroc-i-a-suflat-trofeul-la-masa-verde.html\" rel=\"noopener noreferrer\"><strong>Federa\u021bia de Fotbal din Senegal a anun\u021bat printr-un comunicat oficial c\u0103 \u00ee\u0219i va c\u0103uta dreptatea la Tribunalul de Arbitraj Sportiv de la Lausanne (TAS)<\/strong><\/a>. Dac\u0103 decizia nu va fi \u00eentoars\u0103, atunci senegalezii pot pierde \u0219i o sum\u0103 uria\u0219\u0103.<\/p>\n<p>Decizia luat\u0103 de CAF a st\u00e2rnit multe reac\u021bii din partea juc\u0103torilor Senegalului. Mul\u021bi dintre ace\u0219tia au postat fotografii cu trofeul, f\u0103r\u0103 a transmite neap\u0103rat un mesaj scris, dar <a href=\"https:\/\/www.sport.ro\/fotbal-extern\/prima-reactie-din-senegal-dupa-decizia-caf-pentru-eternitate.html\" rel=\"noopener noreferrer\"><strong>cel mai \u201dactiv\u201d a fost Moussa Niakhate (30 de ani), funda\u0219ul lui Olympique Lyon<\/strong><\/a>.<\/p>\n<p>Printre fotografiile postate de acesta se num\u0103r\u0103 \u0219i una de la festivitatea de premiere, \u00een care Niakhate admir\u0103 trofeul. Mesajul s\u0103u a \u201drupt internetul\u201d \u00eentr-un timp foarte scurt: <strong>\u201dNu e AI, e realitate\u201d.<\/strong><\/p>\n<\/div>\n<div>\n<blockquote><p>\u2014 Actu Foot (@ActuFoot_) <a href=\"https:\/\/twitter.com\/ActuFoot_\/status\/2034031445941883361?ref_src=twsrc%5Etfw\">March 17, 2026<\/a><\/p><\/blockquote>\n<\/div>\n<div>\n<p>P\u00e2n\u0103 la pronun\u021barea unei decizii din partea TAS, Maroc este oficial campioan\u0103 \u00een Cupa Africii, cu un rezultate de 3-0 la \u201dmasa verde\u201d. Pentru ei este al doilea triumf din istoria competi\u021biei, dup\u0103 cel din 1976.<\/p>\n<h2><strong>Senegalezii merg la TAS dup\u0103 ce au pierdut Cupa Africii la masa verde<\/strong><\/h2>\n<p><strong>\u201cFedera\u0163ia de Fotbal din Senegal denun\u0163\u0103 decizia injust\u0103, f\u0103r\u0103 precedent \u0219i inacceptabil\u0103 care discrediteaz\u0103 fotbalul african. Pentru a ap\u0103ra drepturile \u0219i interesele fotbalului senegalez, federa\u021bia va ini\u021bia, c\u00e2t mai rapid posibil, o procedur\u0103 de apel \u00een fa\u021ba Tribunalului de Arbitraj Sportiv de la Lausanne\u201c<\/strong>, a transmis Senegalul, prin intermediul unui comunicat oficial.<\/p>\n<\/div>\n<p><a href=\"https:\/\/www.sport.ro\/fotbal-extern\/postarea-care-a-rupt-internetul-dupa-ce-senegal-a-pierdut-cupa-africii-la-masa-verde-nu-e-ai-e-realitate.html\" class=\"button purchase\" rel=\"nofollow noopener\" target=\"_blank\">Read More<\/a><\/p>\n","protected":false},"excerpt":{"rendered":"<p>Marocanii au reclamat la CAF c\u0103 gestul adversarilor, de a ie\u0219i de pe teren chiar \u00eenainte de executarea loviturii de la 11 metri a lui [&hellip;]<\/p>\n","protected":false},"author":1,"featured_media":12099,"comment_status":"open","ping_status":"open","sticky":false,"template":"","format":"standard","meta":{"_monsterinsights_skip_tracking":false,"_monsterinsights_sitenote_active":false,"_monsterinsights_sitenote_note":"","_monsterinsights_sitenote_category":0,"footnotes":""},"categories":[7],"tags":[],"class_list":["post-12098","post","type-post","status-publish","format-standard","has-post-thumbnail","hentry","category-sports"],"aioseo_notices":[],"_links":{"self":[{"href":"https:\/\/info-eforie.ro\/index.php\/wp-json\/wp\/v2\/posts\/12098","targetHints":{"allow":["GET"]}}],"collection":[{"href":"https:\/\/info-eforie.ro\/index.php\/wp-json\/wp\/v2\/posts"}],"about":[{"href":"https:\/\/info-eforie.ro\/index.php\/wp-json\/wp\/v2\/types\/post"}],"author":[{"embeddable":true,"href":"https:\/\/info-eforie.ro\/index.php\/wp-json\/wp\/v2\/users\/1"}],"replies":[{"embeddable":true,"href":"https:\/\/info-eforie.ro\/index.php\/wp-json\/wp\/v2\/comments?post=12098"}],"version-history":[{"count":0,"href":"https:\/\/info-eforie.ro\/index.php\/wp-json\/wp\/v2\/posts\/12098\/revisions"}],"wp:featuredmedia":[{"embeddable":true,"href":"https:\/\/info-eforie.ro\/index.php\/wp-json\/wp\/v2\/media\/12099"}],"wp:attachment":[{"href":"https:\/\/info-eforie.ro\/index.php\/wp-json\/wp\/v2\/media?parent=12098"}],"wp:term":[{"taxonomy":"category","embeddable":true,"href":"https:\/\/info-eforie.ro\/index.php\/wp-json\/wp\/v2\/categories?post=12098"},{"taxonomy":"post_tag","embeddable":true,"href":"https:\/\/info-eforie.ro\/index.php\/wp-json\/wp\/v2\/tags?post=12098"}],"curies":[{"name":"wp","href":"https:\/\/api.w.org\/{rel}","templated":true}]}}