{"id":12072,"date":"2026-03-17T16:57:05","date_gmt":"2026-03-17T16:57:05","guid":{"rendered":"https:\/\/info-eforie.ro\/index.php\/2026\/03\/17\/au-spus-o-si-italienii-arbitrul-istvan-kovacs-un-dezastru\/"},"modified":"2026-03-17T16:57:05","modified_gmt":"2026-03-17T16:57:05","slug":"au-spus-o-si-italienii-arbitrul-istvan-kovacs-un-dezastru","status":"publish","type":"post","link":"https:\/\/info-eforie.ro\/index.php\/2026\/03\/17\/au-spus-o-si-italienii-arbitrul-istvan-kovacs-un-dezastru\/","title":{"rendered":"Au spus-o \u0219i italienii: \u201dArbitrul Istvan Kovacs, un dezastru\u201d!"},"content":{"rendered":"<div>\n<p><strong>Istvan Kovacs<\/strong> a gre\u0219it flagrant \u00een derby-ul Rapid &#8211; Dinamo din play-off-ul Superligii, dar ast\u0103zi s-a anun\u021bat oficial c\u0103 arbitrul din Carei va oficia la centru \u00een AS Roma &#8211; Bologna din returul optimilor Europa League!<\/p>\n<h2>Familia Kovacs, delegat\u0103 de UEFA la Roma &#8211; Bologna<\/h2>\n<p><strong>\u201dO brigad\u0103 rom\u00e2neasc\u0103 va conduce partida Roma \u2013 Bologna din faza optimilor de final\u0103 ale UEFA Europa League.<\/strong><\/p>\n<p><strong>Partida este programat\u0103 joi, 19 martie, de la ora 22:00, pe Stadio Olimpico din Roma. \u00cen tur, scorul a fost 1-1.<\/strong><\/p>\n<p><strong>Istvan Kovacs, la centru, \u00eei va avea al\u0103turi de el pe asisten\u021bii Mihai Marica \u0219i Ferencz Tunyogi \u0219i pe al patrulea oficial Szabolcs Kovacs. \u00cen camera VAR se vor afla Tiago Martins (Portugalia) \u0219i Bram Vam Driessche (Belgia)\u201d<\/strong>, a notat ast\u0103zi FRF pe site-ul oficial.<\/p>\n<h2>Ce scriu italienii dup\u0103 delegarea lui Kovacs: \u201darbitraj dezastruos\u201d \u0219i \u201derori foarte grave\u201d, chiar dac\u0103 Roma nu a pierdut niciodat\u0103 cu el la centru<\/h2>\n<p>Reac\u021bia italienilor nu a \u00eent\u00e2rziat s\u0103 apar\u0103.\u00a0<\/p>\n<p><strong>\u201dRoma &#8211; Bologna, arbitrat de Kovacs: f\u0103r\u0103 \u00eenfr\u00e2ngere cu el la centru, dar un dezastru la Glasgow \u0219i Tirana\u201d<\/strong>, a titrat ast\u0103zi publica\u021bia <a href=\"https:\/\/www.siamolaroma.it\/2026\/03\/17\/roma-bologna-arbitra-kovacs-con-lui-nessuna-sconfitta-ma-a-glasgow-e-tirana-un-disastro\/\" rel=\"noopener noreferrer\" target=\"_blank\">Siamo La Roma<\/a>, care detaliaz\u0103:<\/p>\n<p><strong>\u201dKovacs a fost arbitrul finalei de la Tirana, c\u00e2\u0219tigat\u0103 de Roma \u00eempotriva lui Feyenoord. Roma este echipa italian\u0103 care a avut cel mai des de-a face cu arbitrul rom\u00e2n, cu nu mai pu\u021bin de 5 meciuri arbitrate de acesta, la fel ca \u0219i Inter. <<I giallorossi>> nu au pierdut niciodat\u0103 cu el.<\/strong><\/p>\n<p><strong>Ultima sa \u00eent\u00e2lnire cu <<I giallorossi>> dateaz\u0103 din decembrie anul trecut, c\u00e2nd Kovacs a arbitrat meciul cu Celtic la Glasgow, \u00een faza grupelor. Roma s-a impus cu 3-0, dar arbitrajul rom\u00e2nului a fost dezastruos. Arbitrul a acordat sco\u021bienilor un penalty nejustificat, dup\u0103 ce Engels a alunecat pe terenul ud. \u00cen plus, a acordat prea u\u0219or cartona\u0219e galbene unor juc\u0103tori giallorossi.<\/strong><\/p>\n<p><strong>Chiar \u0219i \u00een finala de la Tirana a comis c\u00e2teva erori foarte grave, cum ar fi neeliminarea lui Senesi, care l-a oprit pe Abraham \u00een timp ce acesta se \u00eendrepta spre poart\u0103 la \u00eenceputul reprizei a doua\u201d<\/strong>.<\/p>\n<h2>Adrian Porumboiu l-a f\u0103cut praf pe Kovacs dup\u0103 Rapid &#8211; Dinamo: \u201dNumai dac\u0103 e\u0219ti beat nu dai fault! Doamne fere\u0219te, e ru\u0219inos!\u201d<\/h2>\n<p>Adrian Porumboiu l-a pus la col\u021b pe Istvan Kovacs dup\u0103 faza controversat\u0103 din minutul 67 al derby-ului Rapid &#8211; Dinamo, c\u00e2nd Andrei Borza l-a \u00eembr\u00e2ncit pe Alexandru Musi, iar mingea a ajuns la Claudiu Petrila, care, dup\u0103 un \u201dun-doi\u201d cu Elvir Koljic, l-a \u00eenvins pe Epassy cu un \u0219ut superb de la marginea careului.<\/p>\n<p><strong>\u201dLa faza faultului lui Borza la Musi, dac\u0103 e\u0219ti arbitru, nu ai nevoie de interven\u021bia VAR. E\u0219ti arbitru mare, cum s\u0103 nu vezi c\u0103 este fault?! Apoi, la golul lui Petrila, numai dac\u0103 e\u0219ti beat nu dai fault la interven\u021bia lui Borza la Musi. Asta nici la cursurile de \u00eencep\u0103tori nu po\u021bi s\u0103 o gre\u0219e\u0219ti. Nu era nevoie s\u0103-l cheme VAR-ul.<\/strong><\/p>\n<p><strong>Doamne fere\u0219te, e ru\u0219inos. Cred c\u0103 Kovacs chiar are probleme de vedere. Dac\u0103 nu vezi nici faultul de la penalty, nici pe acesta la Musi, e grav pentru un arbitru FIFA!<\/strong><\/p>\n<p><strong>La faza cu Musi este un br\u00e2nci ca \u00een campionatele s\u0103te\u0219ti. La acel atac al lui Armstrong la Vulturar nu este de ro\u0219u. Pe asta a nimerit-o. Poate c\u0103 VAR i-a atras aten\u021bia la faza cu Borza \u0219i Musi. O fi zis c\u0103 a controlat-o el. Mai bine s\u0103-\u0219i controleze vederea\u201d<\/strong>, a spus Porumobiu, potrivit gsp.<\/p>\n<\/div>\n<p><a href=\"https:\/\/www.sport.ro\/europa-league\/au-spus-o-si-italienii-arbitrul-istvan-kovacs-un-dezastru.html\" class=\"button purchase\" rel=\"nofollow noopener\" target=\"_blank\">Read More<\/a><\/p>\n","protected":false},"excerpt":{"rendered":"<p>Istvan Kovacs a gre\u0219it flagrant \u00een derby-ul Rapid &#8211; Dinamo din play-off-ul Superligii, dar ast\u0103zi s-a anun\u021bat oficial c\u0103 arbitrul din Carei va oficia la [&hellip;]<\/p>\n","protected":false},"author":1,"featured_media":12073,"comment_status":"open","ping_status":"open","sticky":false,"template":"","format":"standard","meta":{"_monsterinsights_skip_tracking":false,"_monsterinsights_sitenote_active":false,"_monsterinsights_sitenote_note":"","_monsterinsights_sitenote_category":0,"footnotes":""},"categories":[7],"tags":[],"class_list":["post-12072","post","type-post","status-publish","format-standard","has-post-thumbnail","hentry","category-sports"],"aioseo_notices":[],"_links":{"self":[{"href":"https:\/\/info-eforie.ro\/index.php\/wp-json\/wp\/v2\/posts\/12072","targetHints":{"allow":["GET"]}}],"collection":[{"href":"https:\/\/info-eforie.ro\/index.php\/wp-json\/wp\/v2\/posts"}],"about":[{"href":"https:\/\/info-eforie.ro\/index.php\/wp-json\/wp\/v2\/types\/post"}],"author":[{"embeddable":true,"href":"https:\/\/info-eforie.ro\/index.php\/wp-json\/wp\/v2\/users\/1"}],"replies":[{"embeddable":true,"href":"https:\/\/info-eforie.ro\/index.php\/wp-json\/wp\/v2\/comments?post=12072"}],"version-history":[{"count":0,"href":"https:\/\/info-eforie.ro\/index.php\/wp-json\/wp\/v2\/posts\/12072\/revisions"}],"wp:featuredmedia":[{"embeddable":true,"href":"https:\/\/info-eforie.ro\/index.php\/wp-json\/wp\/v2\/media\/12073"}],"wp:attachment":[{"href":"https:\/\/info-eforie.ro\/index.php\/wp-json\/wp\/v2\/media?parent=12072"}],"wp:term":[{"taxonomy":"category","embeddable":true,"href":"https:\/\/info-eforie.ro\/index.php\/wp-json\/wp\/v2\/categories?post=12072"},{"taxonomy":"post_tag","embeddable":true,"href":"https:\/\/info-eforie.ro\/index.php\/wp-json\/wp\/v2\/tags?post=12072"}],"curies":[{"name":"wp","href":"https:\/\/api.w.org\/{rel}","templated":true}]}}