{"id":12068,"date":"2026-03-17T16:57:07","date_gmt":"2026-03-17T16:57:07","guid":{"rendered":"https:\/\/info-eforie.ro\/index.php\/2026\/03\/17\/update-major-pe-santierul-de-la-stadionul-dinamo-pas-important-spre-noua-arena\/"},"modified":"2026-03-17T16:57:07","modified_gmt":"2026-03-17T16:57:07","slug":"update-major-pe-santierul-de-la-stadionul-dinamo-pas-important-spre-noua-arena","status":"publish","type":"post","link":"https:\/\/info-eforie.ro\/index.php\/2026\/03\/17\/update-major-pe-santierul-de-la-stadionul-dinamo-pas-important-spre-noua-arena\/","title":{"rendered":"UPDATE major pe \u0219antierul de la stadionul Dinamo: \u201dPas important spre noua aren\u0103\u201d"},"content":{"rendered":"<div>\n<section>\n<div>\n<div>\n                                                    <picture><source media=\"(max-width: 600px)\" ><source media=\"(min-width: 601px)\" ><img fetchpriority=\"high\" id=\"sport-art-hero-img\" src=\"https:\/\/www.sport.ro\/img\/2026\/03\/17\/112814\/634365251-1512205397574845-3787750223312400013-n.jpg?fm=jpg&#038;q=80&#038;fit=crop&#038;crop=%2C%2C%2C&#038;w=1280\" alt=\"UPDATE major pe \u0219antierul de la stadionul Dinamo: \u201dPas important spre noua aren\u0103\u201d\" title=\"UPDATE major pe \u0219antierul de la stadionul Dinamo: \u201dPas important spre noua aren\u0103\u201d\" width=\"1280\" height=\"720\" loading=\"eager\" decoding=\"async\">\n<\/picture>\n<p><span><br \/>\n    Fotbal intern<br \/>\n<\/span><\/p>\n<\/div>\n<div>\n<div>\n<div>\n<p><img loading=\"lazy\" decoding=\"async\" src=\"https:\/\/www.sport.ro\/build\/sport\/assets\/author_icon-c42a047b.svg\" width=\"41\" height=\"41\" alt=\"SPORT.RO\">\n                                                    <\/p>\n<\/p><\/div>\n<div>\n                                                                                <a href=\"https:\/\/www.sport.ro\/stiri-scrise-de\/sportro\"><\/p>\n<p>\n                                    SPORT.RO\n                                <\/p>\n<p>                            <\/a><\/p>\n<p>Data publicarii: <span data-utc-date=\"2026-03-17 11:25:21\" data-date-format=\"{day} {Month} {year}, {hour}:{minute}\"><\/span>\n                        <\/p>\n<p>Data actualizarii: <span data-utc-date=\"2026-03-17 11:29:12\" data-date-format=\"{day} {Month} {year}, {hour}:{minute}\"><\/span>\n                        <\/p>\n<\/p><\/div>\n<\/p><\/div>\n<p>Procesul de reconstruc\u021bie al stadionului Dinamo a \u00eenceput \u00een luna ianuarie a acestui an, dup\u0103 o lung\u0103 perioad\u0103 de a\u0219teptare.<\/p>\n<\/p><\/div>\n<div>\n<div>\n<p>Dup\u0103 ce <a href=\"https:\/\/www.sport.ro\/liga-1\/ce-se-intampla-pe-santierul-noului-stadion-dinamo-acces-blocat.html\" rel=\"noopener noreferrer\"><strong>tribunele au fost demolate \u00eentr-o mare m\u0103sur\u0103<\/strong><\/a>, acum constructorul a trecut la demontarea instala\u021biei de nocturn\u0103. Este un pas important c\u0103tre construirea noii arene, a\u0219a cum transmite \u0219i CS Dinamo.<\/p>\n<h2><strong>Se demoleaz\u0103 nocturna pe stadionul Dinamo!<\/strong><\/h2>\n<p>Pre\u021b de c\u00e2teva zile bune, activitatea pe \u0219antier a fost \u00eentrerupt\u0103 din cauza tribunelor oficiale care apar\u021bin lui Nicolae Badea. Acestea nu pot fi demolate f\u0103r\u0103 o hot\u0103r\u00e2re luat\u0103 de Adunarea General\u0103.<\/p>\n<p><strong>\u201eA \u00eenceput demontarea nocturnei la stadionul DINAMO<\/strong><\/p>\n<p><strong>Pas important spre noua aren\u0103!\u201d,<\/strong> a transmis CS Dinamo.<\/p>\n<\/div>\n<div id=\"photogallery__190702\">\n<ul>\n<li>\n                            <img loading=\"lazy\" decoding=\"async\" id=\"sport-gallery-btn__190702\" src=\"https:\/\/www.sport.ro\/img\/2026\/03\/17\/112642\/652390875-18304523578302433-2656612664254739110-n.jpg?fm=jpg&#038;q=80&#038;fit=crop&#038;crop=1440%2C1918%2C0%2C0&#038;w=400\" alt=\"652390875 18304523578302433 2656612664254739110 n\" title data-blockid=\"190702\">\n                        <\/li>\n<\/ul><\/div>\n<div>\n<p>Costurile totale ale stadionului Dinamo vor fi de 172.000.000, urm\u00e2nd ca acesta s\u0103 fie al doilea cel mai scump stadion din \u021bar\u0103, dup\u0103 Arena Na\u021bional\u0103.<\/p>\n<p><strong>Arena va avea peste 25.000 de locuri \u0219i va dispune de urm\u0103toarele facilit\u0103\u021bi:<\/strong><\/p>\n<ul>\n<li>parcare pentru publicul VIP, cu aproape 200 locuri<\/li>\n<li>spa\u021bii \u00eenc\u0103p\u0103toare pentru echipe, cu patru vestiare, dou\u0103 s\u0103li de \u00eenc\u0103lzire, spa\u021bii speciale pentru staff-ul tehnic, oficiali \u0219i organizatori<\/li>\n<li>spa\u021bii pentru publicul VIP, incluz\u00e2nd 12 loje, spa\u021biu de ospitalitate de minimum 400 mp, separeuri \u0219i restaurant<\/li>\n<li>spa\u021bii speciale pentru spectatorii cu dizabilit\u0103\u021bi<\/li>\n<li>o box\u0103 generoas\u0103 pentru pres\u0103<\/li>\n<li>tribunele ar urma s\u0103 fie integral acoperite<\/li>\n<\/ul>\n<\/div>\n<div id=\"adOverlay\">\n<p><img width=\"300\" height=\"41\" fetchpriority=\"low\" loading=\"lazy\" decoding=\"async\" src=\"https:\/\/www.sport.ro\/build\/sport\/assets\/text-pbl-308d6c78.png\" alt=\"Publicitate\">\n            <\/p>\n<\/p><\/div>\n<div>\n<p>\n        Articol recomandat de stirileprotv.ro\n    <\/p>\n<div id=\"inrecommended\">\n<p><a href=\"https:\/\/stirileprotv.ro\/stiri\/international\/marea-temere-a-statelor-nato-chemate-de-trump-sa-intervina-militar-in-stramtoarea-ormuz-ce-spun-liderii-aliantei.html?category_slug=stiri%2Finternational\"><br \/>\n                            <img loading=\"lazy\" decoding=\"async\" src=\"https:\/\/stirileprotv.ro\/img\/2026\/03\/17\/053818\/nato.png?fm=jpg&#038;q=80&#038;fit=crop&#038;crop=640%2C360%2C0%2C0&#038;w=1280\" width=\"80\" height=\"80\" alt=\"Marea temere a statelor NATO, chemate de Trump s\u0103 intervin\u0103 militar \u00een str\u00e2mtoarea Ormuz. Ce spun liderii Alian\u021bei\"><br \/>\n                        <\/a>\n                    <\/p>\n<\/p><\/div>\n<\/div><\/div>\n<\/p><\/div>\n<\/section>\n<div>\n<p>\n                ARTICOLE PE SUBIECT\n            <\/p>\n<\/p><\/div>\n<\/div>\n<p><a href=\"https:\/\/www.sport.ro\/fotbal-intern\/update-major-pe-santierul-de-la-stadionul-dinamo-pas-important-spre-noua-arena.html\" class=\"button purchase\" rel=\"nofollow noopener\" target=\"_blank\">Read More<\/a><\/p>\n","protected":false},"excerpt":{"rendered":"<p>Fotbal intern SPORT.RO Data publicarii: Data actualizarii: Procesul de reconstruc\u021bie al stadionului Dinamo a \u00eenceput \u00een luna ianuarie a acestui an, dup\u0103 o lung\u0103 perioad\u0103 [&hellip;]<\/p>\n","protected":false},"author":1,"featured_media":12069,"comment_status":"open","ping_status":"open","sticky":false,"template":"","format":"standard","meta":{"_monsterinsights_skip_tracking":false,"_monsterinsights_sitenote_active":false,"_monsterinsights_sitenote_note":"","_monsterinsights_sitenote_category":0,"footnotes":""},"categories":[7],"tags":[],"class_list":["post-12068","post","type-post","status-publish","format-standard","has-post-thumbnail","hentry","category-sports"],"aioseo_notices":[],"_links":{"self":[{"href":"https:\/\/info-eforie.ro\/index.php\/wp-json\/wp\/v2\/posts\/12068","targetHints":{"allow":["GET"]}}],"collection":[{"href":"https:\/\/info-eforie.ro\/index.php\/wp-json\/wp\/v2\/posts"}],"about":[{"href":"https:\/\/info-eforie.ro\/index.php\/wp-json\/wp\/v2\/types\/post"}],"author":[{"embeddable":true,"href":"https:\/\/info-eforie.ro\/index.php\/wp-json\/wp\/v2\/users\/1"}],"replies":[{"embeddable":true,"href":"https:\/\/info-eforie.ro\/index.php\/wp-json\/wp\/v2\/comments?post=12068"}],"version-history":[{"count":0,"href":"https:\/\/info-eforie.ro\/index.php\/wp-json\/wp\/v2\/posts\/12068\/revisions"}],"wp:featuredmedia":[{"embeddable":true,"href":"https:\/\/info-eforie.ro\/index.php\/wp-json\/wp\/v2\/media\/12069"}],"wp:attachment":[{"href":"https:\/\/info-eforie.ro\/index.php\/wp-json\/wp\/v2\/media?parent=12068"}],"wp:term":[{"taxonomy":"category","embeddable":true,"href":"https:\/\/info-eforie.ro\/index.php\/wp-json\/wp\/v2\/categories?post=12068"},{"taxonomy":"post_tag","embeddable":true,"href":"https:\/\/info-eforie.ro\/index.php\/wp-json\/wp\/v2\/tags?post=12068"}],"curies":[{"name":"wp","href":"https:\/\/api.w.org\/{rel}","templated":true}]}}