{"id":12044,"date":"2026-03-16T16:57:22","date_gmt":"2026-03-16T16:57:22","guid":{"rendered":"https:\/\/info-eforie.ro\/index.php\/2026\/03\/16\/gestul-facut-de-mirel-radoi-spre-galeria-lui-fcsb\/"},"modified":"2026-03-16T16:57:22","modified_gmt":"2026-03-16T16:57:22","slug":"gestul-facut-de-mirel-radoi-spre-galeria-lui-fcsb","status":"publish","type":"post","link":"https:\/\/info-eforie.ro\/index.php\/2026\/03\/16\/gestul-facut-de-mirel-radoi-spre-galeria-lui-fcsb\/","title":{"rendered":"Gestul f\u0103cut de Mirel R\u0103doi spre galeria lui FCSB"},"content":{"rendered":"<div>\n<p>Elias Charalambous \u0219i Mihai Pintilii au demisionat de la campioana en-titre, dup\u0103 ce FCSB a ratat play-off-ul \u0219i a fost \u00eenvins\u0103 de \u201dU\u201d Cluj \u00een ultima etap\u0103 a sezonului regulat.<\/p>\n<p>\u00cen locul lor a fost numit \u201dprincipal\u201d la gruparea ro\u0219-albastr\u0103 Mirel R\u0103doi, care a mai antrenat gruparea ro\u0219-albastr\u0103 \u00een urm\u0103 cu 11 ani.<\/p>\n<h2><strong>Gestul f\u0103cut de Mirel R\u0103doi spre galeria lui FCSB<\/strong><\/h2>\n<\/div>\n<div>\n<p>Foto: Coresponden\u021bi Pro TV<\/p>\n<p>Mirel R\u0103doi a debutat pe banca lui FCSB \u00eempotriva lui Metaloglobus, \u00een primul meci din play-out pentru campioana en-titre. El are o misiune clar\u0103 la gruparea ro\u0219-albastr\u0103: accederea \u00een cupele europene.<\/p>\n<p>\u00cenainte s\u0103 \u00eenceap\u0103 FCSB &#8211; Metaloglobus (<a href=\"https:\/\/www.sport.ro\/liga-1\/fcsb-metaloglobus-de-la-2030-debutul-lui-mirel-radoi-pe-banca-ros-albastrilor-se-vede-live-text-pe-sportro.html\" rel=\"noopener noreferrer\"><strong>LIVE TEXT &#8211; AICI<\/strong><\/a>), R\u0103doi s-a ridicat de pe banc\u0103 \u0219i a salutat galeria (vezi galeria foto de mai sus).<\/p>\n<h2><strong>Echipele de start<\/strong><\/h2>\n<ul>\n<li><strong>FCSB:<\/strong>\u00a0M. Popa &#8211; V. Cre\u021bu, Duarte, Graovac, Radunovic &#8211; Olaru, Chiriche\u0219, Cisotti, F. T\u0103nase &#8211; Miculescu, B\u00eerligea<\/li>\n<\/ul>\n<p><strong>Rezerve:\u00a0<\/strong>T\u00e2rnovanu, Zima, Dawa, Kiki, M. Popescu, Joao Paulo, Pantea, O. Popescu, Alhassan, A. Stoian, Thiam, D. Popa<\/p>\n<p><strong>Antrenor:<\/strong>\u00a0Mirel R\u01cedoi<\/p>\n<ul>\n<li><strong>Metaloglobus:<\/strong>\u00a0Gavrila\u0219 (cpt.) &#8211; \u021a\u00eerlea, Camara, R. B\u0103descu, An. Sava &#8211; Carvalho, Sabater &#8211; Abbey, Purece, Ghimfus &#8211; Daniel Popa<\/li>\n<\/ul>\n<p><strong>Rezerve:\u00a0<\/strong>Nedelcovici, Al. Soare, G. Dumitru, Huiban, B\u0103descu, Visic, A. Gheorghe, Lis, Zakir, Celaj, D. Irimia, Cestor<\/p>\n<p><strong>Antrenor:<\/strong>\u00a0Florin Bratu<\/p>\n<\/div>\n<p><a href=\"https:\/\/www.sport.ro\/liga-1\/gestul-facut-de-mirel-radoi-spre-galeria-lui-fcsb.html\" class=\"button purchase\" rel=\"nofollow noopener\" target=\"_blank\">Read More<\/a><\/p>\n","protected":false},"excerpt":{"rendered":"<p>Elias Charalambous \u0219i Mihai Pintilii au demisionat de la campioana en-titre, dup\u0103 ce FCSB a ratat play-off-ul \u0219i a fost \u00eenvins\u0103 de \u201dU\u201d Cluj \u00een [&hellip;]<\/p>\n","protected":false},"author":1,"featured_media":12045,"comment_status":"open","ping_status":"open","sticky":false,"template":"","format":"standard","meta":{"_monsterinsights_skip_tracking":false,"_monsterinsights_sitenote_active":false,"_monsterinsights_sitenote_note":"","_monsterinsights_sitenote_category":0,"footnotes":""},"categories":[7],"tags":[],"class_list":["post-12044","post","type-post","status-publish","format-standard","has-post-thumbnail","hentry","category-sports"],"aioseo_notices":[],"_links":{"self":[{"href":"https:\/\/info-eforie.ro\/index.php\/wp-json\/wp\/v2\/posts\/12044","targetHints":{"allow":["GET"]}}],"collection":[{"href":"https:\/\/info-eforie.ro\/index.php\/wp-json\/wp\/v2\/posts"}],"about":[{"href":"https:\/\/info-eforie.ro\/index.php\/wp-json\/wp\/v2\/types\/post"}],"author":[{"embeddable":true,"href":"https:\/\/info-eforie.ro\/index.php\/wp-json\/wp\/v2\/users\/1"}],"replies":[{"embeddable":true,"href":"https:\/\/info-eforie.ro\/index.php\/wp-json\/wp\/v2\/comments?post=12044"}],"version-history":[{"count":0,"href":"https:\/\/info-eforie.ro\/index.php\/wp-json\/wp\/v2\/posts\/12044\/revisions"}],"wp:featuredmedia":[{"embeddable":true,"href":"https:\/\/info-eforie.ro\/index.php\/wp-json\/wp\/v2\/media\/12045"}],"wp:attachment":[{"href":"https:\/\/info-eforie.ro\/index.php\/wp-json\/wp\/v2\/media?parent=12044"}],"wp:term":[{"taxonomy":"category","embeddable":true,"href":"https:\/\/info-eforie.ro\/index.php\/wp-json\/wp\/v2\/categories?post=12044"},{"taxonomy":"post_tag","embeddable":true,"href":"https:\/\/info-eforie.ro\/index.php\/wp-json\/wp\/v2\/tags?post=12044"}],"curies":[{"name":"wp","href":"https:\/\/api.w.org\/{rel}","templated":true}]}}