{"id":12014,"date":"2026-03-15T16:56:05","date_gmt":"2026-03-15T16:56:05","guid":{"rendered":"https:\/\/info-eforie.ro\/index.php\/2026\/03\/15\/s-a-schimbat-liderul-in-superliga-cum-arata-play-off-ul-dupa-rapid-2\/"},"modified":"2026-03-15T16:56:05","modified_gmt":"2026-03-15T16:56:05","slug":"s-a-schimbat-liderul-in-superliga-cum-arata-play-off-ul-dupa-rapid-2","status":"publish","type":"post","link":"https:\/\/info-eforie.ro\/index.php\/2026\/03\/15\/s-a-schimbat-liderul-in-superliga-cum-arata-play-off-ul-dupa-rapid-2\/","title":{"rendered":"S-a schimbat liderul \u00een Superlig\u0103! Cum arat\u0103 play-off-ul dup\u0103 Rapid -2"},"content":{"rendered":"<div>\n<p>Danny Armstrong a fost cel care a deschis scorul \u00een minutul nou\u0103, dintr-un penalty ob\u021binut de Alexandru Musi \u0219i acordat de Istvan Kovacs dup\u0103 consultarea arbitrajului video.<\/p>\n<h2><strong>Rapid e noul lider din Superlig\u0103!<\/strong><\/h2>\n<p>Dinamovi\u0219tii nu \u0219i-au putut men\u021bine avantajul p\u00e2n\u0103 la pauz\u0103. Constantin Grameni a restabilit egalitatea cu un \u0219ut superb, din afara careului, care l-a l\u0103sat f\u0103r\u0103 replic\u0103 pe Devis Epassy.<\/p>\n<p>C\u00eerjan a dus scorul la 2-1 dup\u0103 o faz\u0103 \u201ddesenat\u0103\u201d de Alexandru Musi \u00een minutul 47 \u0219i a readus-o pe Dinamo \u00een avantaj, dar bucuria oaspe\u021bilor nu a dat foarte mult pentru c\u0103 Petrila a \u00eenscris cu o execu\u021bie \u201dde pus \u00een ram\u0103\u201d \u00een minutul 67.<\/p>\n<p>Lovitura de gra\u021bie a fost dat\u0103 de C\u0103t\u0103lin Vulturar, care a \u00eenscris primul s\u0103u gol \u00een Superlig\u0103 din alunecare, din fa\u021ba lui Epassy.<\/p>\n<p>\u00cen urma acestui rezultat, Rapid a ajuns la 31 de puncte \u0219i va fi lider \u00een Superlig\u0103 la finele acestei etape, indiferent de rezultatul meciului dintre Universitatea Cluj \u0219i CFR Cluj. Dinamo r\u0103m\u00e2ne ultima \u00een play-off, cu 26 de puncte \u0219i pierde, momentan, contactul cu locurile frunta\u0219e.<\/p>\n<p>\u00cen urm\u0103toarea partid\u0103 din campionat, Rapid se va deplasa la Cluj pentru meciul cu CFR, iar Dinamo va juca pe teren propriu cu liderul Universitatea Craiova.<\/p>\n<\/div>\n<p><a href=\"https:\/\/www.sport.ro\/liga-1\/s-a-schimbat-liderul-in-superliga-cum-arata-play-off-ul-dupa-rapid-dinamo-3-2.html\" class=\"button purchase\" rel=\"nofollow noopener\" target=\"_blank\">Read More<\/a><\/p>\n","protected":false},"excerpt":{"rendered":"<p>Danny Armstrong a fost cel care a deschis scorul \u00een minutul nou\u0103, dintr-un penalty ob\u021binut de Alexandru Musi \u0219i acordat de Istvan Kovacs dup\u0103 consultarea [&hellip;]<\/p>\n","protected":false},"author":1,"featured_media":12015,"comment_status":"open","ping_status":"open","sticky":false,"template":"","format":"standard","meta":{"_monsterinsights_skip_tracking":false,"_monsterinsights_sitenote_active":false,"_monsterinsights_sitenote_note":"","_monsterinsights_sitenote_category":0,"footnotes":""},"categories":[7],"tags":[],"class_list":["post-12014","post","type-post","status-publish","format-standard","has-post-thumbnail","hentry","category-sports"],"aioseo_notices":[],"_links":{"self":[{"href":"https:\/\/info-eforie.ro\/index.php\/wp-json\/wp\/v2\/posts\/12014","targetHints":{"allow":["GET"]}}],"collection":[{"href":"https:\/\/info-eforie.ro\/index.php\/wp-json\/wp\/v2\/posts"}],"about":[{"href":"https:\/\/info-eforie.ro\/index.php\/wp-json\/wp\/v2\/types\/post"}],"author":[{"embeddable":true,"href":"https:\/\/info-eforie.ro\/index.php\/wp-json\/wp\/v2\/users\/1"}],"replies":[{"embeddable":true,"href":"https:\/\/info-eforie.ro\/index.php\/wp-json\/wp\/v2\/comments?post=12014"}],"version-history":[{"count":0,"href":"https:\/\/info-eforie.ro\/index.php\/wp-json\/wp\/v2\/posts\/12014\/revisions"}],"wp:featuredmedia":[{"embeddable":true,"href":"https:\/\/info-eforie.ro\/index.php\/wp-json\/wp\/v2\/media\/12015"}],"wp:attachment":[{"href":"https:\/\/info-eforie.ro\/index.php\/wp-json\/wp\/v2\/media?parent=12014"}],"wp:term":[{"taxonomy":"category","embeddable":true,"href":"https:\/\/info-eforie.ro\/index.php\/wp-json\/wp\/v2\/categories?post=12014"},{"taxonomy":"post_tag","embeddable":true,"href":"https:\/\/info-eforie.ro\/index.php\/wp-json\/wp\/v2\/tags?post=12014"}],"curies":[{"name":"wp","href":"https:\/\/api.w.org\/{rel}","templated":true}]}}