{"id":12010,"date":"2026-03-15T16:56:07","date_gmt":"2026-03-15T16:56:07","guid":{"rendered":"https:\/\/info-eforie.ro\/index.php\/2026\/03\/15\/verdictul-specialistului-dupa-faza-controversata-din-rapid\/"},"modified":"2026-03-15T16:56:07","modified_gmt":"2026-03-15T16:56:07","slug":"verdictul-specialistului-dupa-faza-controversata-din-rapid","status":"publish","type":"post","link":"https:\/\/info-eforie.ro\/index.php\/2026\/03\/15\/verdictul-specialistului-dupa-faza-controversata-din-rapid\/","title":{"rendered":"Verdictul specialistului dup\u0103 faza controversat\u0103 din Rapid"},"content":{"rendered":"<div>\n<h2><strong>Verdictul specialistului dup\u0103 faza controversat\u0103 din Rapid &#8211; Dinamo: \u201dE evident, Kovacs trebuia chemat la VAR\u201d<\/strong><\/h2>\n<p>Giule\u0219tenii au \u00eenregistrat toate cele trei puncte \u00een derby-ul primei runde din play-off-ul Superligii Rom\u00e2niei. Rapid &#8211; Dinamo a fost \u00een format LIVE TEXT \u0219i pe Sport.ro &#8211; <a href=\"https:\/\/www.sport.ro\/liga-1\/rapid-dinamo-live-text-pe-sport-ro-de-la-21-00-cainii-fara-victorie-in-derby-de-mai-bine-de-10-ani.html\" rel=\"noopener noreferrer\"><strong>AICI<\/strong><\/a>.<\/p>\n<p>\u00cen minutul 68, Claudiu Petrila a reu\u0219it un gol de generic, dup\u0103 un \u201dun-doi\u201d cu Elvir Koljic. \u00cenaintea paselor, a existat \u00eens\u0103 o faz\u0103 controversat\u0103.<\/p>\n<p>Andrei Borza l-a d\u0103r\u00e2mat pe Alexandru Musi, iar Istvan Kovacs l-a \u00eendemnat pe fotbalistul dinamovist s\u0103 se ridice. \u201dCentralul\u201d a l\u0103sat faza s\u0103 continue, care s-a soldat cu gol.<\/p>\n<p>Marius Avram, fost arbitru FIFA, consider\u0103 c\u0103 VAR-ul ar fi trebuit s\u0103 intervin\u0103, pentru c\u0103 Borza l-a \u00eendep\u0103rtat neregulamentar de l\u00e2ng\u0103 minge pe Alexandru Musi.<\/p>\n<p><strong>\u201dTrebuie s\u0103 spunem c\u0103 e vorba de un fault. Juc\u0103torul de la Rapid \u00ee\u0219i \u00eempinge adversarul cu ambele bra\u021be. Impactul e evident. Kovacs era foarte, foarte aproape. \u00cen opinia mea este o faz\u0103 evident\u0103, iar cei din camera VAR trebuiau s\u0103 \u00eel cheme s\u0103 revad\u0103. Repet, sunt mai multe elemente. \u00cel \u00eempinge cu ambele faze, \u00eel tr\u00e2nte\u0219te la p\u0103m\u00e2nt, are un impact direct asupra fazei. E fault\u201d<\/strong>, a spus Marius Avram la Digi Sport<\/p>\n<h2><strong>Rapid &#8211; Dinamo 3-2<\/strong><\/h2>\n<p>Danny Armstrong a deschis scorul \u00een minutul 9 al meciului, dup\u0103 ce a transformat f\u0103r\u0103 emo\u021bii o lovitur\u0103 de la 11 metri. Ulterior, Dina Grameni a restabilit egalitatea \u00een minutul 38, chiar \u00eenainte de pauz\u0103.<\/p>\n<p>\u00cen actul secund, C\u0103t\u0103lin C\u00eerjan a dus scorul la 2-1 \u00een minutul 47, iar Rapid a \u00eentors, pe urm\u0103, soarta meciului cu dou\u0103 goluri \u00eenscrise de Claudiu Petrila (minutul 67) \u0219i C\u0103t\u0103lin Vulturar (minutul 85).<\/p>\n<p>Rapid a urcat pe primul loc dup\u0103 meci, cu 31 de puncte, \u00een timp ce Dinamo r\u0103m\u00e2ne ultima clasat\u0103 \u00een play-off-ul Superligii Rom\u00e2niei cu 26 de puncte \u00eenregistrate p\u00e2n\u0103 \u00een clipa de fa\u021b\u0103.<\/p>\n<p><strong>Echipele de start<\/strong><\/p>\n<p><strong>Rapid<\/strong>: Aioani &#8211; Onea, Pa\u0219canu, Kramer, Borza &#8211; Moru\u021ban, Vulturar, Grameni &#8211; Dobre, Paraschiv, Petrila; <strong>Rezerve:\u00a0<\/strong>Iliev, Ciobotariu, Bolgado, Manea, K. Keita, Christensen, Hromada, G. Gheorghe, A. \u0218ucu, Talisson, Hazrollaj, Koljic; <strong>Antrenor:<\/strong> Costel G\u00e2lc\u0103<\/p>\n<p><strong>Dinamo<\/strong>: Epassy &#8211; Sivis, Du\u021bu, Stoinov, Opru\u021b &#8211; Soro, Gnahore, C\u00eerjan &#8211; Musi, Pop, Armstrong; <strong>Rezerve:\u00a0<\/strong>Ro\u0219ca, Din Licaciu, Milanov, Mazilu, Cr. Mihai, Tarb\u0103, Caragea, Ikoko, \u021aicu, N&#8217;Giuwu; <strong>Antrenor:<\/strong>\u00a0Zeljko Kopic<\/p>\n<\/div>\n<p><a href=\"https:\/\/www.sport.ro\/liga-1\/verdictul-specialistului-dupa-faza-controversata-din-rapid-dinamo-e-evident-kovacs-trebuia-chemat-la-var.html\" class=\"button purchase\" rel=\"nofollow noopener\" target=\"_blank\">Read More<\/a><\/p>\n","protected":false},"excerpt":{"rendered":"<p>Verdictul specialistului dup\u0103 faza controversat\u0103 din Rapid &#8211; Dinamo: \u201dE evident, Kovacs trebuia chemat la VAR\u201d Giule\u0219tenii au \u00eenregistrat toate cele trei puncte \u00een derby-ul [&hellip;]<\/p>\n","protected":false},"author":1,"featured_media":12011,"comment_status":"open","ping_status":"open","sticky":false,"template":"","format":"standard","meta":{"_monsterinsights_skip_tracking":false,"_monsterinsights_sitenote_active":false,"_monsterinsights_sitenote_note":"","_monsterinsights_sitenote_category":0,"footnotes":""},"categories":[7],"tags":[],"class_list":["post-12010","post","type-post","status-publish","format-standard","has-post-thumbnail","hentry","category-sports"],"aioseo_notices":[],"_links":{"self":[{"href":"https:\/\/info-eforie.ro\/index.php\/wp-json\/wp\/v2\/posts\/12010","targetHints":{"allow":["GET"]}}],"collection":[{"href":"https:\/\/info-eforie.ro\/index.php\/wp-json\/wp\/v2\/posts"}],"about":[{"href":"https:\/\/info-eforie.ro\/index.php\/wp-json\/wp\/v2\/types\/post"}],"author":[{"embeddable":true,"href":"https:\/\/info-eforie.ro\/index.php\/wp-json\/wp\/v2\/users\/1"}],"replies":[{"embeddable":true,"href":"https:\/\/info-eforie.ro\/index.php\/wp-json\/wp\/v2\/comments?post=12010"}],"version-history":[{"count":0,"href":"https:\/\/info-eforie.ro\/index.php\/wp-json\/wp\/v2\/posts\/12010\/revisions"}],"wp:featuredmedia":[{"embeddable":true,"href":"https:\/\/info-eforie.ro\/index.php\/wp-json\/wp\/v2\/media\/12011"}],"wp:attachment":[{"href":"https:\/\/info-eforie.ro\/index.php\/wp-json\/wp\/v2\/media?parent=12010"}],"wp:term":[{"taxonomy":"category","embeddable":true,"href":"https:\/\/info-eforie.ro\/index.php\/wp-json\/wp\/v2\/categories?post=12010"},{"taxonomy":"post_tag","embeddable":true,"href":"https:\/\/info-eforie.ro\/index.php\/wp-json\/wp\/v2\/tags?post=12010"}],"curies":[{"name":"wp","href":"https:\/\/api.w.org\/{rel}","templated":true}]}}