{"id":11982,"date":"2026-03-14T16:56:08","date_gmt":"2026-03-14T16:56:08","guid":{"rendered":"https:\/\/info-eforie.ro\/index.php\/2026\/03\/14\/victor-angelescu-pune-presiune-pe-dinamo-isi-joaca-ultima-sansa\/"},"modified":"2026-03-14T16:56:08","modified_gmt":"2026-03-14T16:56:08","slug":"victor-angelescu-pune-presiune-pe-dinamo-isi-joaca-ultima-sansa","status":"publish","type":"post","link":"https:\/\/info-eforie.ro\/index.php\/2026\/03\/14\/victor-angelescu-pune-presiune-pe-dinamo-isi-joaca-ultima-sansa\/","title":{"rendered":"Victor Angelescu pune presiune pe Dinamo: \u201d\u00ce\u0219i joac\u0103 ultima \u0219ans\u0103\u201d"},"content":{"rendered":"<div>\n<p>Antrenorul dinamovist <strong>Zeljko Kopic <\/strong><a href=\"https:\/\/www.sport.ro\/liga-1\/out-s-a-accidentat-si-rateaza-derby-ul-rapid-dinamo.html\" rel=\"noopener noreferrer\"><strong>nu poate conta pe Kennedy Boateng, funda\u0219ul titular al lui Dinamo<\/strong><\/a>, dar nici pe <strong>Andrei M\u0103rginean, Mamoudou Karamoko<\/strong> sau pe nou-transferatul <strong>George Pu\u0219ca\u0219.<\/strong><\/p>\n<p>Favori\u021bi \u00eenainte de meciul din <strong>Giule\u0219ti<\/strong>, rapidi\u0219tii r\u0103m\u00e2n echilibra\u021bi. <strong>Victor Angelescu<\/strong>, ac\u021bionarul minoritar de la <strong>Rapid<\/strong>, pune presiune pe rivali \u0219i spune c\u0103 <strong>Dinamo <\/strong>\u00ee\u0219i joac\u0103 ultima \u0219ans\u0103 \u00een derby-ul de s\u00e2mb\u0103t\u0103.<\/p>\n<h2><strong>Victor Angelescu pune presiune, \u00eenainte de Rapid &#8211; Dinamo<\/strong><\/h2>\n<p>Dinamo a pierdut ultimele trei meciuri din sezonul regulat, astfel c\u0103 a \u201dc\u0103zut\u201d pe locul cinci \u00eenainte de play-off. Un rezultat pozitiv ar ajuta echipa lui Zeljko Kopic s\u0103 \u021bin\u0103 pasul cu rivalele.<\/p>\n<p>\u201d<strong>Juc\u0103torii no\u0219tri trebuie s\u0103 \u00een\u021beleag\u0103 c\u0103, dac\u0103 vrem s\u0103-i batem, trebuie s\u0103 fim mai motiva\u021bi dec\u00e2t ei, iar Dinamo ast\u0103zi, din punctul meu de vedere, va avea cea mai mare motiva\u021bie. Pentru c\u0103 \u0219tim \u0219i noi cum e s\u0103 vii dup\u0103 rezultate nefaste.<\/strong><\/p>\n<p><strong>Dinamo, din punctul meu de vedere, \u00ee\u0219i joac\u0103 ultima \u0219ans\u0103 la titlu dac\u0103 nu c\u00e2\u0219tig\u0103, dac\u0103 nu ne bate. Va fi un meci teribil de greu, pentru mine este cel mai greu Rapid &#8211; Dinamo\u201d, <\/strong>a spus Angelescu, \u00eentr-un interviu acordat pentru PRO TV \u0219i Sport.ro.<\/p>\n<p>Din informa\u021biile Sport.ro \u0219i Pro TV, <a href=\"https:\/\/www.sport.ro\/liga-1\/cine-arbitreaza-rapid-dinamo-derby-ul-e-sambata-de-la-21-00.html\" rel=\"noopener noreferrer\"><strong>Istvan Kovacs va arbitra Rapid &#8211; Dinamo<\/strong><\/a>. El a mai arbitrat-o pe Rapid de trei ori \u00een sezonul regulat al actualei stagiuni: 1-1 vs. CFR Cluj (etapa #2), 2-2 vs. FCSB (etapa #6) \u0219i 1-2 vs. FCSB (etapa #21).<\/p>\n<p>Pe Dinamo, Istvan Kovacs a arbitrat-o \u00eentr-un singur meci, cel cu Universitatea Craiova din runda #26, \u00eencheiat la egalitate, scor 1-1.<\/p>\n<h2><strong>Matteo Du\u021bu, \u0219anse mari s\u0103 fie titular \u00een premier\u0103 la Dinamo chiar \u00een derby-ul cu Rapid<\/strong><\/h2>\n<p>Matteo Du\u021bu (20 de ani) are \u0219anse mari <a href=\"https:\/\/www.sport.ro\/liga-1\/titular-in-premiera-la-dinamo-chiar-in-derby-ul-cu-rapid-o-mare-emotie.html\" rel=\"noopener noreferrer\"><strong>s\u0103 apar\u0103 \u00een primul 11 al lui Dinamo la partida cu Rapid<\/strong><\/a>. T\u00e2n\u0103rul funda\u0219 central adus \u00een aceast\u0103 iarn\u0103 de la AC Milan ar urma s\u0103 \u00eei ia locul lui Kennedy Boateng, care a suferit o accidentare la gamb\u0103 \u00een partida cu CFR Cluj (0-1).<\/p>\n<p><strong>&#8222;Dac\u0103 o s\u0103 \u00eencep \u00een primul 11, va fi o m\u00e2ndrie, o mare emo\u021bie. Ar fi primul meu meci ca titular. \u00cenc\u0103 nu se \u0219tie sigur dac\u0103 voi fi titular, dar dac\u0103 se va \u00eent\u00e2mpla asta va fi o mare emo\u021bie pentru c\u0103 e un derby. Voi \u00eencerca s\u0103 ajut echipa.<\/strong><\/p>\n<p><strong>P\u00e2n\u0103 acum, n-am fost niciodat\u0103 \u00een Giule\u0219ti, dar din ce am auzit \u0219i am v\u0103zut, va fi un teren greu. E casa celor de la Rapid \u0219i ei au un mic avantaj din acest punct de vedere. Totu\u0219i, e un derby unde nu conteaz\u0103 pozi\u021biile din clasament&#8221;,<\/strong> a spus Matteo Du\u021bu, \u00eentr-un interviu pentru PRO TV.<\/p>\n<\/div>\n<p><a href=\"https:\/\/www.sport.ro\/liga-1\/victor-angelescu-pune-presiune-pe-dinamo-isi-joaca-ultima-sansa.html\" class=\"button purchase\" rel=\"nofollow noopener\" target=\"_blank\">Read More<\/a><\/p>\n","protected":false},"excerpt":{"rendered":"<p>Antrenorul dinamovist Zeljko Kopic nu poate conta pe Kennedy Boateng, funda\u0219ul titular al lui Dinamo, dar nici pe Andrei M\u0103rginean, Mamoudou Karamoko sau pe nou-transferatul [&hellip;]<\/p>\n","protected":false},"author":1,"featured_media":11983,"comment_status":"open","ping_status":"open","sticky":false,"template":"","format":"standard","meta":{"_monsterinsights_skip_tracking":false,"_monsterinsights_sitenote_active":false,"_monsterinsights_sitenote_note":"","_monsterinsights_sitenote_category":0,"footnotes":""},"categories":[7],"tags":[],"class_list":["post-11982","post","type-post","status-publish","format-standard","has-post-thumbnail","hentry","category-sports"],"aioseo_notices":[],"_links":{"self":[{"href":"https:\/\/info-eforie.ro\/index.php\/wp-json\/wp\/v2\/posts\/11982","targetHints":{"allow":["GET"]}}],"collection":[{"href":"https:\/\/info-eforie.ro\/index.php\/wp-json\/wp\/v2\/posts"}],"about":[{"href":"https:\/\/info-eforie.ro\/index.php\/wp-json\/wp\/v2\/types\/post"}],"author":[{"embeddable":true,"href":"https:\/\/info-eforie.ro\/index.php\/wp-json\/wp\/v2\/users\/1"}],"replies":[{"embeddable":true,"href":"https:\/\/info-eforie.ro\/index.php\/wp-json\/wp\/v2\/comments?post=11982"}],"version-history":[{"count":0,"href":"https:\/\/info-eforie.ro\/index.php\/wp-json\/wp\/v2\/posts\/11982\/revisions"}],"wp:featuredmedia":[{"embeddable":true,"href":"https:\/\/info-eforie.ro\/index.php\/wp-json\/wp\/v2\/media\/11983"}],"wp:attachment":[{"href":"https:\/\/info-eforie.ro\/index.php\/wp-json\/wp\/v2\/media?parent=11982"}],"wp:term":[{"taxonomy":"category","embeddable":true,"href":"https:\/\/info-eforie.ro\/index.php\/wp-json\/wp\/v2\/categories?post=11982"},{"taxonomy":"post_tag","embeddable":true,"href":"https:\/\/info-eforie.ro\/index.php\/wp-json\/wp\/v2\/tags?post=11982"}],"curies":[{"name":"wp","href":"https:\/\/api.w.org\/{rel}","templated":true}]}}