{"id":11934,"date":"2026-03-12T16:57:31","date_gmt":"2026-03-12T16:57:31","guid":{"rendered":"https:\/\/info-eforie.ro\/index.php\/2026\/03\/12\/nicole-kidman-a-vorbit-pentru-prima-data-despre-divortul-de-keith-urban-raman-cu-ideea-ca-suntem-o-familie\/"},"modified":"2026-03-12T16:57:31","modified_gmt":"2026-03-12T16:57:31","slug":"nicole-kidman-a-vorbit-pentru-prima-data-despre-divortul-de-keith-urban-raman-cu-ideea-ca-suntem-o-familie","status":"publish","type":"post","link":"https:\/\/info-eforie.ro\/index.php\/2026\/03\/12\/nicole-kidman-a-vorbit-pentru-prima-data-despre-divortul-de-keith-urban-raman-cu-ideea-ca-suntem-o-familie\/","title":{"rendered":"Nicole Kidman a vorbit pentru prima dat\u0103 despre divor\u021bul de Keith Urban. \u201eR\u0103m\u00e2n cu ideea c\u0103 \u00absuntem o familie\u00bb\u201d"},"content":{"rendered":"<div>\n<p>Actri\u021ba\u00a0Nicole Kidman a vorbit pentru prima dat\u0103 despre divor\u021bul \u201edificil\u201d dintre ea \u0219i Keith Urban din septembrie 2025.<\/p>\n<div><picture loading=\"eager\" width=\"1400\" height=\"726\" alt=\"Nicole Kidman \u0219i Keith Urban\/FOTO: Shutterstock\"><source type=\"image\/webp\"  media=\"(min-width: 1400px)\"><source type=\"image\/webp\"  media=\"(min-width: 1000px)\"><source type=\"image\/webp\"  media=\"(min-width: 700px)\"><source type=\"image\/jpeg\"  media=\"(min-width: 1400px)\"><source type=\"image\/jpeg\"  media=\"(min-width: 1000px)\"><source type=\"image\/jpeg\"  media=\"(min-width: 700px)\"><img fetchpriority=\"high\" decoding=\"async\" src=\"https:\/\/cdn.adh.reperio.news\/image-b\/b3d64dfe-5188-4a0b-90f7-881f8b146b81\/index.jpeg?p=a%3D1%26co%3D1.05%26w%3D700%26h%3D726%26r%3Dcontain%26f%3Dwebp\" alt=\"Nicole Kidman \u0219i Keith Urban\/FOTO: Shutterstock\" width=\"1400\" height=\"726\" loading=\"eager\"><\/picture>\n<p>Nicole Kidman \u0219i Keith Urban\/FOTO: Shutterstock<\/p>\n<\/div>\n<p>\u00centr-un interviu pentru Variety, aceasta a vorbit despre divor\u021b, scrie\u00a0<a href=\"https:\/\/pagesix.com\/2026\/03\/11\/celebrity-news\/nicole-kidman-breaks-her-silence-on-keith-urban-divorce-life-post-split\/\" rel=\"nofollow\">Page Six<\/a>.<\/p>\n<p><i>\u201eVoi continua mereu s\u0103 merg spre ceea ce este bine. Sunt recunosc\u0103toare pentru familia mea \u0219i pentru faptul c\u0103 o p\u0103str\u0103m a\u0219a cum este, merg\u00e2nd mai departe. At\u00e2t\u201d,<\/i> a declarat actri\u021ba, \u00een v\u00e2rst\u0103 de 58 de ani, \u00een interviul publicat miercuri.<\/p>\n<p><i>\u201eDespre restul nu vorbesc din respect. R\u0103m\u00e2n cu ideea c\u0103 \u00absuntem o familie\u00bb \u0219i asta vom continua s\u0103 fim.\u201d<\/i><\/p>\n<p>Actri\u021ba a vorbit \u0219i despre fiicele lor, pe care le-a descris drept \u201e<i>minunate\u201d<\/i> \u0219i <i>\u201efrumoase\u201d<\/i>,\u00a0despre care spune c\u0103 sunt <i>\u201edeodat\u0103 femei\u201d.<\/i> Sunday Rose Kidman Urban are 17 ani, iar Faith Margaret Kidman Urban, 15 ani.<\/p>\n<p>Reprezentantul lui Urban nu a r\u0103spuns solicit\u0103rii trimise de Page Six.<\/p>\n<p><a href=\"https:\/\/adevarul.ro\/showbiz\/vedete\/nicole-kidman-si-keith-urban-isi-spun-adio-dupa-19-2475592.html\">Cei doi au \u00eenceput s\u0103 locuiasc\u0103 separat la \u00eenceputul verii,<\/a>\u00a0c\u00e2nd Urban s-a mutat din locuin\u0163a cuplului din Nashville, Tennessee, \u015fi \u015fi-a cump\u0103rat o locuin\u0163\u0103 proprie \u00een capitala muzicii country, potrivit publica\u0163iei TMZ.com, care a relatat prima informa\u0163ia.<\/p>\n<p>TMZ \u015fi revista People au relatat c\u0103 Nicole Kidman s-a opus desp\u0103r\u0163irii \u015fi c\u0103 a luptat s\u0103-\u015fi men\u0163in\u0103 c\u0103snicia.<\/p>\n<p>Nicole Kidman \u0219i Keith Urban, ambii cu dubl\u0103 cet\u0103\u021benie australian\u0103 \u0219i american\u0103, s-au cunoscut \u00een 2005 \u0219i s-au c\u0103s\u0103torit \u00een 2006, av\u00e2nd dou\u0103 fiice \u00eempreun\u0103. <\/p>\n<\/p><\/div>\n<p><a href=\"https:\/\/adevarul.ro\/showbiz\/vedete\/nicole-kidman-a-vorbit-pentru-prima-data-despre-2514464.html\" class=\"button purchase\" rel=\"nofollow noopener\" target=\"_blank\">Read More<\/a><\/p>\n","protected":false},"excerpt":{"rendered":"<p>Actri\u021ba\u00a0Nicole Kidman a vorbit pentru prima dat\u0103 despre divor\u021bul \u201edificil\u201d dintre ea \u0219i Keith Urban din septembrie 2025. Nicole Kidman \u0219i Keith Urban\/FOTO: Shutterstock \u00centr-un [&hellip;]<\/p>\n","protected":false},"author":1,"featured_media":11935,"comment_status":"open","ping_status":"open","sticky":false,"template":"","format":"standard","meta":{"_monsterinsights_skip_tracking":false,"_monsterinsights_sitenote_active":false,"_monsterinsights_sitenote_note":"","_monsterinsights_sitenote_category":0,"footnotes":""},"categories":[6],"tags":[],"class_list":["post-11934","post","type-post","status-publish","format-standard","has-post-thumbnail","hentry","category-popular"],"aioseo_notices":[],"_links":{"self":[{"href":"https:\/\/info-eforie.ro\/index.php\/wp-json\/wp\/v2\/posts\/11934","targetHints":{"allow":["GET"]}}],"collection":[{"href":"https:\/\/info-eforie.ro\/index.php\/wp-json\/wp\/v2\/posts"}],"about":[{"href":"https:\/\/info-eforie.ro\/index.php\/wp-json\/wp\/v2\/types\/post"}],"author":[{"embeddable":true,"href":"https:\/\/info-eforie.ro\/index.php\/wp-json\/wp\/v2\/users\/1"}],"replies":[{"embeddable":true,"href":"https:\/\/info-eforie.ro\/index.php\/wp-json\/wp\/v2\/comments?post=11934"}],"version-history":[{"count":0,"href":"https:\/\/info-eforie.ro\/index.php\/wp-json\/wp\/v2\/posts\/11934\/revisions"}],"wp:featuredmedia":[{"embeddable":true,"href":"https:\/\/info-eforie.ro\/index.php\/wp-json\/wp\/v2\/media\/11935"}],"wp:attachment":[{"href":"https:\/\/info-eforie.ro\/index.php\/wp-json\/wp\/v2\/media?parent=11934"}],"wp:term":[{"taxonomy":"category","embeddable":true,"href":"https:\/\/info-eforie.ro\/index.php\/wp-json\/wp\/v2\/categories?post=11934"},{"taxonomy":"post_tag","embeddable":true,"href":"https:\/\/info-eforie.ro\/index.php\/wp-json\/wp\/v2\/tags?post=11934"}],"curies":[{"name":"wp","href":"https:\/\/api.w.org\/{rel}","templated":true}]}}