{"id":11928,"date":"2026-03-12T14:59:21","date_gmt":"2026-03-12T14:59:21","guid":{"rendered":"https:\/\/info-eforie.ro\/index.php\/2026\/03\/12\/gloria-bistrita-2\/"},"modified":"2026-03-12T14:59:21","modified_gmt":"2026-03-12T14:59:21","slug":"gloria-bistrita-2","status":"publish","type":"post","link":"https:\/\/info-eforie.ro\/index.php\/2026\/03\/12\/gloria-bistrita-2\/","title":{"rendered":"Gloria Bistri\u021ba"},"content":{"rendered":"<div>\n<p>LIVE EXCLUSIV pe <strong>Pro Arena<\/strong> \u0219i <a href=\"https:\/\/voyo.protv.ro\/sport\/2388-handbal\/episodul\/129459-cs-gloria-bistrita-cs-rapid-bucuresti\" rel=\"noopener noreferrer\" target=\"_blank\"><strong>VOYO <\/strong><\/a>de la ora 17:30 \u0219i LIVE VIDEO pe <strong>Sport.ro<\/strong>, Gloria Bistri\u021ba \u0219i Rapid se \u00eent\u00e2lnesc \u00een etapa cu num\u0103rul 17 din Liga Florilor.<\/p>\n<p>Dac\u0103 bat, ardelencele dep\u0103\u0219esc din nou la puncte liderul actual, CSM Bucure\u0219ti.\u00a0<\/p>\n<p>Giule\u0219tencele, \u00een schimb, au un sezon foarte slab \u0219i se afl\u0103 undeva la mijlocul clasamentului <em>(vezi mai jos clasamentul din Liga Florilor)<\/em>.<\/p>\n<\/div>\n<div>\n<h2>\u0218tim sferturile Cupei Rom\u00e2niei! C\u00e2nd se joac\u0103 cele patru meciuri<\/h2>\n<p>Programul sferturilor de final\u0103 din Cupa Rom\u00e2niei la handbal feminin:<\/p>\n<p><strong>CSM Bucure\u0219ti \u2013 SCM R\u00e2mnicu V\u00e2lcea<\/strong> (miercuri, 25 martie)<\/p>\n<p><strong>Gloria Bistri\u021ba \u2013 CSM Corona Bra\u0219ov<\/strong> (s\u00e2mb\u0103t\u0103, 28 martie)<\/p>\n<p><strong>CS Minaur Baia Mare \u2013 CSM Gala\u021bi<\/strong> (s\u00e2mb\u0103t\u0103, 28 martie)<\/p>\n<p><strong>Rapid Bucure\u0219ti \u2013 SCMU Craiova<\/strong> (miercuri, 22 aprilie)<\/p>\n<h2>Clasamentul din Liga Florilor<\/h2>\n<\/div>\n<p><a href=\"https:\/\/www.sport.ro\/handbal\/gloria-bistrita-rapid-derby-pentru-locul-1-in-liga-florilor-pe-voyo-si-pro-arena-de-la-17-30.html\" class=\"button purchase\" rel=\"nofollow noopener\" target=\"_blank\">Read More<\/a><\/p>\n","protected":false},"excerpt":{"rendered":"<p>LIVE EXCLUSIV pe Pro Arena \u0219i VOYO de la ora 17:30 \u0219i LIVE VIDEO pe Sport.ro, Gloria Bistri\u021ba \u0219i Rapid se \u00eent\u00e2lnesc \u00een etapa cu [&hellip;]<\/p>\n","protected":false},"author":1,"featured_media":11929,"comment_status":"open","ping_status":"open","sticky":false,"template":"","format":"standard","meta":{"_monsterinsights_skip_tracking":false,"_monsterinsights_sitenote_active":false,"_monsterinsights_sitenote_note":"","_monsterinsights_sitenote_category":0,"footnotes":""},"categories":[7],"tags":[],"class_list":["post-11928","post","type-post","status-publish","format-standard","has-post-thumbnail","hentry","category-sports"],"aioseo_notices":[],"_links":{"self":[{"href":"https:\/\/info-eforie.ro\/index.php\/wp-json\/wp\/v2\/posts\/11928","targetHints":{"allow":["GET"]}}],"collection":[{"href":"https:\/\/info-eforie.ro\/index.php\/wp-json\/wp\/v2\/posts"}],"about":[{"href":"https:\/\/info-eforie.ro\/index.php\/wp-json\/wp\/v2\/types\/post"}],"author":[{"embeddable":true,"href":"https:\/\/info-eforie.ro\/index.php\/wp-json\/wp\/v2\/users\/1"}],"replies":[{"embeddable":true,"href":"https:\/\/info-eforie.ro\/index.php\/wp-json\/wp\/v2\/comments?post=11928"}],"version-history":[{"count":0,"href":"https:\/\/info-eforie.ro\/index.php\/wp-json\/wp\/v2\/posts\/11928\/revisions"}],"wp:featuredmedia":[{"embeddable":true,"href":"https:\/\/info-eforie.ro\/index.php\/wp-json\/wp\/v2\/media\/11929"}],"wp:attachment":[{"href":"https:\/\/info-eforie.ro\/index.php\/wp-json\/wp\/v2\/media?parent=11928"}],"wp:term":[{"taxonomy":"category","embeddable":true,"href":"https:\/\/info-eforie.ro\/index.php\/wp-json\/wp\/v2\/categories?post=11928"},{"taxonomy":"post_tag","embeddable":true,"href":"https:\/\/info-eforie.ro\/index.php\/wp-json\/wp\/v2\/tags?post=11928"}],"curies":[{"name":"wp","href":"https:\/\/api.w.org\/{rel}","templated":true}]}}