{"id":11880,"date":"2026-03-10T16:03:33","date_gmt":"2026-03-10T16:03:33","guid":{"rendered":"https:\/\/info-eforie.ro\/index.php\/2026\/03\/10\/un-stat-european-risca-sa-devina-narco-stat-avertizeaza-magistratii-retelele-mafiote-creeaza-o-putere-paralela\/"},"modified":"2026-03-10T16:03:33","modified_gmt":"2026-03-10T16:03:33","slug":"un-stat-european-risca-sa-devina-narco-stat-avertizeaza-magistratii-retelele-mafiote-creeaza-o-putere-paralela","status":"publish","type":"post","link":"https:\/\/info-eforie.ro\/index.php\/2026\/03\/10\/un-stat-european-risca-sa-devina-narco-stat-avertizeaza-magistratii-retelele-mafiote-creeaza-o-putere-paralela\/","title":{"rendered":"Un stat european risc\u0103 s\u0103 devin\u0103 \u201enarco-stat\u201d, avertizeaz\u0103 magistra\u021bii. Re\u021belele mafiote creeaz\u0103 o \u201eputere paralel\u0103\u201d"},"content":{"rendered":"<div>\n<p>Criminalitatea generat\u0103 de traficul de droguri reprezint\u0103 un pericol tot mai mare pentru stabilitatea social\u0103 din Belgia, avertizeaz\u0103 un judec\u0103tor de rang \u00eenalt, dup\u0103 ce un magistrat anonim a sus\u021binut recent c\u0103 statul belgian risc\u0103 s\u0103 evolueze spre statutul de \u201enarco-stat\u201d, \u00een care organiza\u021biile mafiote ajung s\u0103 formeze o \u201eputere paralel\u0103\u201d.<\/p>\n<div><picture loading=\"eager\" width=\"1400\" height=\"750\" alt=\"Criminalitatea generat\u0103 de traficul de droguri reprezint\u0103 un pericol tot mai mare. FOTO: Arhiv\u0103 \"><source type=\"image\/webp\"  media=\"(min-width: 1400px)\"><source type=\"image\/webp\"  media=\"(min-width: 1000px)\"><source type=\"image\/webp\"  media=\"(min-width: 700px)\"><source type=\"image\/jpeg\"  media=\"(min-width: 1400px)\"><source type=\"image\/jpeg\"  media=\"(min-width: 1000px)\"><source type=\"image\/jpeg\"  media=\"(min-width: 700px)\"><img fetchpriority=\"high\" decoding=\"async\" src=\"https:\/\/cdn.adh.reperio.news\/image-8\/8b372911-9123-4719-b056-01a4d0351baa\/index.jpeg?p=a%3D1%26co%3D1.05%26w%3D700%26h%3D750%26r%3Dcontain%26f%3Dwebp\" alt=\"Criminalitatea generat\u0103 de traficul de droguri reprezint\u0103 un pericol tot mai mare. FOTO: Arhiv\u0103 \" width=\"1400\" height=\"750\" loading=\"eager\"><\/picture>\n<p>Criminalitatea generat\u0103 de traficul de droguri reprezint\u0103 un pericol tot mai mare. FOTO: Arhiv\u0103 <\/p>\n<\/div>\n<p>Bart Willocx, pre\u0219edintele Cur\u021bii de Apel din Anvers, a declarat \u00eentr-un interviu acordat publica\u021biei\u00a0<a href=\"https:\/\/www.theguardian.com\/europe\" rel=\"nofollow\">The Guardian<\/a>\u00a0c\u0103 Belgia este deosebit de vulnerabil\u0103 la criminalitatea legat\u0103 de traficul de droguri, \u00een special din cauza rolului major jucat de portul ora\u0219ului.<\/p>\n<p>Portul din Anvers este unul dintre cele mai importante puncte de intrare \u00een Europa pentru cocaina introdus\u0103 ilegal pe continent, \u00een special din America de Sud.<\/p>\n<p><i>\u201eSumele de bani implicate \u2013 pentru a influen\u021ba oameni, pentru a-i corupe sau a-i mitui \u2013 sunt at\u00e2t de mari \u00eenc\u00e2t reprezint\u0103 cu adev\u0103rat un pericol pentru stabilitatea societ\u0103\u021bii noastre<\/i>\u201d, a spus judec\u0103torul.<\/p>\n<h2>Avertismentul privind un posibil \u201enarco-stat\u201d<\/h2>\n<p>\u00cen octombrie anul trecut, un judec\u0103tor de instruc\u021bie din Anvers a f\u0103cut un gest neobi\u0219nuit, public\u00e2nd o scrisoare deschis\u0103 anonim\u0103 \u00een care avertiza c\u0103 Belgia risc\u0103 s\u0103 devin\u0103 un<i> \u201enarco-stat\u201d.<\/i><\/p>\n<p>Magistratul sus\u021binea c\u0103 re\u021bele mafiote bine organizate au prins r\u0103d\u0103cini \u00een societate \u0219i func\u021bioneaz\u0103 ca o structur\u0103 paralel\u0103 de putere, care sfideaz\u0103 nu doar poli\u021bia, ci \u0219i sistemul judiciar.<\/p>\n<p>Willocx spune c\u0103 autorit\u0103\u021bile \u00eencearc\u0103 s\u0103 evite acest scenariu, \u00eens\u0103 presiunea exercitat\u0103 de criminalitatea organizat\u0103 este tot mai mare. <i>\u201eEste o evolu\u021bie \u00eengrijor\u0103toare \u0219i reprezint\u0103 o amenin\u021bare real\u0103<\/i>\u201d, a afirmat el.<\/p>\n<p>La r\u00e2ndul s\u0103u, procurorul general pentru regiunile Anvers \u0219i Limburg, Guido Vermeiren, a declarat c\u0103 \u00eemp\u0103rt\u0103\u0219e\u0219te \u00eengrijor\u0103rile exprimate de magistratul anonim.<\/p>\n<p><i>\u201eDevenim un stat cu mult\u0103 corup\u021bie \u0219i cu multe amenin\u021b\u0103ri\u201d<\/i>, a spus acesta.<\/p>\n<h2>Recorduri de cocain\u0103 confiscat\u0103<\/h2>\n<p>Potrivit Europol, peste 70% din cocaina care a ajuns \u00een Europa \u00een 2024 a trecut prin porturile din Anvers \u0219i Rotterdam, de\u0219i re\u021belele criminale folosesc din ce \u00een ce mai des \u0219i porturi mai mici pentru a evita controalele.<\/p>\n<p>Situa\u021bia este alimentat\u0103 de cre\u0219terea masiv\u0103 a traficului de droguri din America de Sud, \u00een special din Columbia.<\/p>\n<p>Datele furnizate de European Union Drugs Agency arat\u0103 c\u0103 un record de 121 de tone de cocain\u0103 a fost confiscat \u00een portul din Anvers \u00een 2023. \u00cen 2024, cantitatea capturat\u0103 a sc\u0103zut la 44 de tone, ceea ce ar putea indica utilizarea unor metode mai sofisticate de ascundere a drogurilor sau mutarea opera\u021biunilor c\u0103tre alte porturi.<\/p>\n<p>Traficul de droguri a alimentat, \u00een ultimii ani, violen\u021ba \u00een Belgia. Autorit\u0103\u021bile suspecteaz\u0103 c\u0103 re\u021belele criminale s-au aflat \u00een spatele unui complot de r\u0103pire a unui ministru belgian de Interne \u00een 2022 \u0219i al mai multor \u00eempu\u0219c\u0103turi \u00een Bruxelles \u00een 2025.<\/p>\n<h2>Corup\u021bie, violen\u021b\u0103 \u0219i recrutarea minorilor<\/h2>\n<p>Procurorii descriu o criminalitate organizat\u0103 care implic\u0103 nu doar trafic de droguri, ci \u0219i violen\u021b\u0103, r\u0103piri, tortur\u0103 \u0219i sp\u0103lare de bani.<\/p>\n<p>Potrivit lui Vermeiren, infractorii au pl\u0103tit peste 250.000 de euro unui angajat din port pentru a muta un singur container suspect.<\/p>\n<p>Angaja\u021bii portuari care refuz\u0103 s\u0103 coopereze cu re\u021belele criminale sunt adesea amenin\u021ba\u021bi. Unii au primit scrisori de intimidare sau fotografii cu copiii lor, iar locuin\u021bele altora au fost atacate cu explozibili artizanali.<\/p>\n<p>Grup\u0103rile criminale folosesc \u0219i minori \u00een opera\u021biunile lor. Copii de doar 13 ani sunt pl\u0103ti\u021bi cu sume mici pentru a p\u0103trunde ilegal \u00een port \u0219i a recupera pachete de cocain\u0103.<\/p>\n<p>\u00cen unele cazuri, re\u021belele ajut\u0103 tineri s\u0103 ob\u021bin\u0103 locuri de munc\u0103 \u00een port, pentru ca ulterior s\u0103 \u00eei oblige s\u0103 participe la activit\u0103\u021bi ilegale.<\/p>\n<h2>Judec\u0103tori sub protec\u021bie<\/h2>\n<p>Amenin\u021b\u0103rile venite din partea re\u021belelor criminale au ajuns s\u0103 afecteze direct sistemul judiciar.<\/p>\n<p>Unii judec\u0103tori belgieni sunt nevoi\u021bi s\u0103 locuiasc\u0103 temporar \u00een ad\u0103posturi protejate ale poli\u021biei. Magistratul anonim care a scris scrisoarea de avertizare a petrecut patru luni \u00eentr-un astfel de loc.<\/p>\n<p><i>\u201eDe pe o zi pe alta trebuie s\u0103-\u021bi p\u0103r\u0103se\u0219ti casa, familia \u0219i s\u0103 tr\u0103ie\u0219ti \u00eentr-un loc secret\u201d,<\/i> a relatat Willocx.<\/p>\n<p>\u00cen acela\u0219i timp, instan\u021bele se confrunt\u0103 \u0219i cu probleme de securitate. Curtea de Apel din Anvers a\u0219teapt\u0103 de aproape doi ani instalarea unor scanere pentru controlul bagajelor la intrarea \u00een cl\u0103dire.<\/p>\n<p>Magistra\u021bii spun c\u0103 presiunea \u0219i riscurile de securitate ar putea determina unii judec\u0103tori s\u0103 evite \u00een viitor dosarele penale.<\/p>\n<h2>Sistemul judiciar, aproape de un punct critic<\/h2>\n<p>Scrisoarea anonim\u0103 a fost publicat\u0103 \u00een cadrul campaniei <i>\u201eFive to Twelve\u201d,<\/i> lansat\u0103 de instan\u021bele \u0219i parchetele din Anvers pentru a atrage aten\u021bia asupra crizei din sistemul judiciar.<\/p>\n<p>Mi\u0219carea a \u00eenceput cu proteste ale judec\u0103torilor \u00een mai 2025 \u0219i s-a transformat \u00eentr-o campanie ampl\u0103 pentru reformarea justi\u021biei.<\/p>\n<p>Magistra\u021bii au propus peste 100 de reforme, de la \u00eembun\u0103t\u0103\u021birea securit\u0103\u021bii \u00een instan\u021be p\u00e2n\u0103 la m\u0103suri pentru reducerea supraaglomer\u0103rii penitenciarelor \u0219i cre\u0219terea salariilor pentru grefieri \u0219i judec\u0103tori.<\/p>\n<p>Guvernul belgian, condus de premierul Bart De Wever, a recunoscut problema, \u00eens\u0103 magistra\u021bii spun c\u0103 sistemul judiciar se confrunt\u0103 \u00eenc\u0103 cu efectele deceniilor de subfinan\u021bare.<\/p>\n<h2>Re\u021bele criminale globale<\/h2>\n<p>Amploarea traficului organizat de droguri a devenit evident\u0103 dup\u0103 ce anchetatorii din Belgia, Fran\u021ba \u0219i Olanda au reu\u0219it s\u0103 sparg\u0103 re\u021beaua criptat\u0103 de comunica\u021bii Sky ECC, utilizat\u0103 de sute de infractori pentru a coordona transporturi de droguri, transferuri de bani \u0219i chiar asasinate.<\/p>\n<p>La aproape cinci ani de la primele arest\u0103ri, autorit\u0103\u021bile belgiene au anun\u021bat c\u0103 1.206 persoane au fost condamnate p\u00e2n\u0103 \u00een prezent \u00een urma acestor investiga\u021bii, majoritatea pentru infrac\u021biuni legate de droguri, violen\u021b\u0103, corup\u021bie \u0219i de\u021binere ilegal\u0103 de arme.<\/p>\n<p>\u00cen total, aproape 5.000 de suspec\u021bi au fost identifica\u021bi, iar ancheta a scos la iveal\u0103 o re\u021bea criminal\u0103 care se \u00eentindea din Dubai p\u00e2n\u0103 \u00een America de Sud.<\/p>\n<p><i>\u201eA fost chiar mai r\u0103u dec\u00e2t credeam\u201d, <\/i>a concluzionat procurorul Vermeiren.<\/p>\n<\/p><\/div>\n<p><a href=\"https:\/\/adevarul.ro\/stiri-externe\/europa\/un-stat-european-risca-sa-devina-narco-stat-2513936.html\" class=\"button purchase\" rel=\"nofollow noopener\" target=\"_blank\">Read More<\/a><\/p>\n","protected":false},"excerpt":{"rendered":"<p>Criminalitatea generat\u0103 de traficul de droguri reprezint\u0103 un pericol tot mai mare pentru stabilitatea social\u0103 din Belgia, avertizeaz\u0103 un judec\u0103tor de rang \u00eenalt, dup\u0103 ce [&hellip;]<\/p>\n","protected":false},"author":1,"featured_media":11881,"comment_status":"open","ping_status":"open","sticky":false,"template":"","format":"standard","meta":{"_monsterinsights_skip_tracking":false,"_monsterinsights_sitenote_active":false,"_monsterinsights_sitenote_note":"","_monsterinsights_sitenote_category":0,"footnotes":""},"categories":[6],"tags":[],"class_list":["post-11880","post","type-post","status-publish","format-standard","has-post-thumbnail","hentry","category-popular"],"aioseo_notices":[],"_links":{"self":[{"href":"https:\/\/info-eforie.ro\/index.php\/wp-json\/wp\/v2\/posts\/11880","targetHints":{"allow":["GET"]}}],"collection":[{"href":"https:\/\/info-eforie.ro\/index.php\/wp-json\/wp\/v2\/posts"}],"about":[{"href":"https:\/\/info-eforie.ro\/index.php\/wp-json\/wp\/v2\/types\/post"}],"author":[{"embeddable":true,"href":"https:\/\/info-eforie.ro\/index.php\/wp-json\/wp\/v2\/users\/1"}],"replies":[{"embeddable":true,"href":"https:\/\/info-eforie.ro\/index.php\/wp-json\/wp\/v2\/comments?post=11880"}],"version-history":[{"count":0,"href":"https:\/\/info-eforie.ro\/index.php\/wp-json\/wp\/v2\/posts\/11880\/revisions"}],"wp:featuredmedia":[{"embeddable":true,"href":"https:\/\/info-eforie.ro\/index.php\/wp-json\/wp\/v2\/media\/11881"}],"wp:attachment":[{"href":"https:\/\/info-eforie.ro\/index.php\/wp-json\/wp\/v2\/media?parent=11880"}],"wp:term":[{"taxonomy":"category","embeddable":true,"href":"https:\/\/info-eforie.ro\/index.php\/wp-json\/wp\/v2\/categories?post=11880"},{"taxonomy":"post_tag","embeddable":true,"href":"https:\/\/info-eforie.ro\/index.php\/wp-json\/wp\/v2\/tags?post=11880"}],"curies":[{"name":"wp","href":"https:\/\/api.w.org\/{rel}","templated":true}]}}