{"id":1187,"date":"2025-01-13T12:59:23","date_gmt":"2025-01-13T12:59:23","guid":{"rendered":"https:\/\/info-eforie.ro\/index.php\/2025\/01\/13\/poate-plec-sau-ma-retrag-jucatorul-care-ia-in-calcul-despartirea-de-real-madrid\/"},"modified":"2025-01-13T12:59:23","modified_gmt":"2025-01-13T12:59:23","slug":"poate-plec-sau-ma-retrag-jucatorul-care-ia-in-calcul-despartirea-de-real-madrid","status":"publish","type":"post","link":"https:\/\/info-eforie.ro\/index.php\/2025\/01\/13\/poate-plec-sau-ma-retrag-jucatorul-care-ia-in-calcul-despartirea-de-real-madrid\/","title":{"rendered":"\u201dPoate plec sau m\u0103 retrag\u201d! Juc\u0103torul care ia \u00een calcul desp\u0103r\u021birea de Real Madrid"},"content":{"rendered":"<p>\u201dPoate plec sau m\u0103 retrag\u201d! Juc\u0103torul care ia \u00een calcul desp\u0103r\u021birea de Real Madrid&#8230;<br \/><a href=\"https:\/\/www.digisport.ro\/fotbal\/la-liga\/poate-plec-sau-ma-retrag-jucatorul-care-ia-in-calcul-despartirea-de-real-madrid-3371089\" class=\"button purchase\" rel=\"nofollow noopener\" target=\"_blank\">Read More<\/a><\/p>\n","protected":false},"excerpt":{"rendered":"<p>\u201dPoate plec sau m\u0103 retrag\u201d! Juc\u0103torul care ia \u00een calcul desp\u0103r\u021birea de Real Madrid&#8230;Read More<\/p>\n","protected":false},"author":1,"featured_media":1188,"comment_status":"open","ping_status":"open","sticky":false,"template":"","format":"standard","meta":{"_monsterinsights_skip_tracking":false,"_monsterinsights_sitenote_active":false,"_monsterinsights_sitenote_note":"","_monsterinsights_sitenote_category":0,"footnotes":""},"categories":[7],"tags":[],"class_list":["post-1187","post","type-post","status-publish","format-standard","has-post-thumbnail","hentry","category-sports"],"aioseo_notices":[],"_links":{"self":[{"href":"https:\/\/info-eforie.ro\/index.php\/wp-json\/wp\/v2\/posts\/1187","targetHints":{"allow":["GET"]}}],"collection":[{"href":"https:\/\/info-eforie.ro\/index.php\/wp-json\/wp\/v2\/posts"}],"about":[{"href":"https:\/\/info-eforie.ro\/index.php\/wp-json\/wp\/v2\/types\/post"}],"author":[{"embeddable":true,"href":"https:\/\/info-eforie.ro\/index.php\/wp-json\/wp\/v2\/users\/1"}],"replies":[{"embeddable":true,"href":"https:\/\/info-eforie.ro\/index.php\/wp-json\/wp\/v2\/comments?post=1187"}],"version-history":[{"count":0,"href":"https:\/\/info-eforie.ro\/index.php\/wp-json\/wp\/v2\/posts\/1187\/revisions"}],"wp:featuredmedia":[{"embeddable":true,"href":"https:\/\/info-eforie.ro\/index.php\/wp-json\/wp\/v2\/media\/1188"}],"wp:attachment":[{"href":"https:\/\/info-eforie.ro\/index.php\/wp-json\/wp\/v2\/media?parent=1187"}],"wp:term":[{"taxonomy":"category","embeddable":true,"href":"https:\/\/info-eforie.ro\/index.php\/wp-json\/wp\/v2\/categories?post=1187"},{"taxonomy":"post_tag","embeddable":true,"href":"https:\/\/info-eforie.ro\/index.php\/wp-json\/wp\/v2\/tags?post=1187"}],"curies":[{"name":"wp","href":"https:\/\/api.w.org\/{rel}","templated":true}]}}