{"id":11849,"date":"2026-03-09T15:56:35","date_gmt":"2026-03-09T15:56:35","guid":{"rendered":"https:\/\/info-eforie.ro\/index.php\/2026\/03\/09\/9-martie-ziua-in-care-a-murit-laura-stoica-una-dintre-cele-mai-apreciate-artiste-din-istoria-muzicii-romanesti\/"},"modified":"2026-03-09T15:56:35","modified_gmt":"2026-03-09T15:56:35","slug":"9-martie-ziua-in-care-a-murit-laura-stoica-una-dintre-cele-mai-apreciate-artiste-din-istoria-muzicii-romanesti","status":"publish","type":"post","link":"https:\/\/info-eforie.ro\/index.php\/2026\/03\/09\/9-martie-ziua-in-care-a-murit-laura-stoica-una-dintre-cele-mai-apreciate-artiste-din-istoria-muzicii-romanesti\/","title":{"rendered":"9 martie, ziua \u00een care a murit Laura Stoica, una dintre cele mai apreciate artiste din istoria muzicii rom\u00e2ne\u0219ti"},"content":{"rendered":"<div>\n<p>La 9 martie 2006, Laura Stoica murea \u00eentr-un accident rutier pe DN1. Una dintre cele mai apreciate voci ale muzicii pop-rock din anii \u201990, artista a l\u0103sat \u00een urm\u0103 piese care au marcat o genera\u021bie \u0219i un gol \u00een muzica rom\u00e2neasc\u0103.<\/p>\n<div><picture loading=\"eager\" width=\"1400\" height=\"750\" alt=\"Laura Stoica a murit \u00eentr-un accident rutier pe DN1 \u00een martie 2006 FOTO Arhiv\u0103\"><source type=\"image\/webp\"  media=\"(min-width: 1400px)\"><source type=\"image\/webp\"  media=\"(min-width: 1000px)\"><source type=\"image\/webp\"  media=\"(min-width: 700px)\"><source type=\"image\/jpeg\"  media=\"(min-width: 1400px)\"><source type=\"image\/jpeg\"  media=\"(min-width: 1000px)\"><source type=\"image\/jpeg\"  media=\"(min-width: 700px)\"><img fetchpriority=\"high\" decoding=\"async\" src=\"https:\/\/cdn.adh.reperio.news\/image-8\/87b7dd35-662c-4b84-8d47-a4b7b2cf471b\/index.jpeg?p=a%3D1%26co%3D1.05%26w%3D700%26h%3D750%26r%3Dcontain%26f%3Dwebp\" alt=\"Laura Stoica a murit \u00eentr-un accident rutier pe DN1 \u00een martie 2006 FOTO Arhiv\u0103\" width=\"1400\" height=\"750\" loading=\"eager\"><\/picture>\n<p>Laura Stoica a murit \u00eentr-un accident rutier pe DN1 \u00een martie 2006 FOTO Arhiv\u0103<\/p>\n<\/div>\n<h2>1934 \u2013 S-a n\u0103scut Iuri Gagarin<\/h2>\n<p>La 9 martie 1934 s-a n\u0103scut Iuri Gagarin, cosmonaut sovietic care avea s\u0103 devin\u0103 primul om care a ajuns \u00een spa\u021biu. El s-a n\u0103scut \u00een localitatea Klushino, \u00een fosta Uniune Sovietic\u0103, \u0219i a urmat cursurile unei \u0219coli tehnice \u00eenainte de a intra \u00een avia\u021bia militar\u0103. \u00cen 1960 a fost selectat \u00een primul grup de cosmonau\u021bi sovietici, \u00een contextul competi\u021biei spa\u021biale dintre URSS \u0219i Statele Unite.<\/p>\n<div data-props=\"%7B%22data%22%3A%7B%22caption%22%3A%22%22%2C%22embed%22%3A%22https%3A%2F%2Fwww.youtube.com%2Fembed%2FDULAzpmmJkg%22%2C%22height%22%3A320%2C%22service%22%3A%22youtube%22%2C%22source%22%3A%22https%3A%2F%2Fwww.youtube.com%2Fwatch%3Fv%3DDULAzpmmJkg%22%2C%22width%22%3A580%7D%2C%22id%22%3A%22m6WHlCzYIo%22%2C%22type%22%3A%22embed%22%2C%22lines%22%3A10%2C%22linesAbove%22%3A36%2C%22index%22%3A4%2C%22paragraphsAbove%22%3A2%2C%22percentage%22%3A0.23376623376623376%2C%22linesBellow%22%3A118%7D\" data-context=\"%7B%22parentBlockColumnCount%22%3A%7B%22value%22%3A0%2C%22type%22%3A%22store%2Freadable%22%7D%2C%22parentBlockBackgroundColor%22%3A%7B%22type%22%3A%22store%2Freadable%22%7D%7D\" data-component=\"EditorEmbedViewDefault\">\n<p><iframe src=\"https:\/\/www.youtube.com\/embed\/DULAzpmmJkg\" width=\"580\" allowfullscreen title=\"embed media\" loading=\"lazy\"><\/iframe><\/p>\n<\/div>\n<p>La 12 aprilie 1961, Gagarin a efectuat zborul istoric la bordul navei Vostok 1, realiz\u00e2nd o orbit\u0103 complet\u0103 \u00een jurul P\u0103m\u00e2ntului, \u00een aproximativ 108 minute. Misiunea a reprezentat un moment major \u00een explorarea spa\u021biului \u0219i un succes strategic pentru programul spa\u021bial sovietic. Iuri Gagarin a murit la 27 martie 1968, \u00eentr-un accident aviatic produs \u00een timpul unui zbor de antrenament.<\/p>\n<h2>1944 \u2013 A murit Grigore Antipa<\/h2>\n<p>La 9 martie 1944 a murit Grigore Antipa, biolog \u0219i cercet\u0103tor rom\u00e2n, recunoscut pentru contribu\u021biile sale \u00een domeniul ihtiologiei \u0219i al organiz\u0103rii muzeale. N\u0103scut \u00een 1867, Antipa a studiat \u0219tiin\u021bele naturale \u00een Germania \u0219i a devenit ulterior una dintre cele mai importante figuri ale cercet\u0103rii \u0219tiin\u021bifice rom\u00e2ne\u0219ti din prima jum\u0103tate a secolului XX.<\/p>\n<div data-props=\"%7B%22data%22%3A%7B%22caption%22%3A%22%22%2C%22embed%22%3A%22https%3A%2F%2Fwww.youtube.com%2Fembed%2FGO04uXtme5U%22%2C%22height%22%3A320%2C%22service%22%3A%22youtube%22%2C%22source%22%3A%22https%3A%2F%2Fwww.youtube.com%2Fwatch%3Fv%3DGO04uXtme5U%22%2C%22width%22%3A580%7D%2C%22id%22%3A%22vLf1v7snQZ%22%2C%22type%22%3A%22embed%22%2C%22lines%22%3A10%2C%22linesAbove%22%3A64%2C%22index%22%3A8%2C%22paragraphsAbove%22%3A4%2C%22percentage%22%3A0.4155844155844156%2C%22linesBellow%22%3A90%7D\" data-context=\"%7B%22parentBlockColumnCount%22%3A%7B%22value%22%3A0%2C%22type%22%3A%22store%2Freadable%22%7D%2C%22parentBlockBackgroundColor%22%3A%7B%22type%22%3A%22store%2Freadable%22%7D%7D\" data-component=\"EditorEmbedViewDefault\">\n<p><iframe src=\"https:\/\/www.youtube.com\/embed\/GO04uXtme5U\" width=\"580\" allowfullscreen title=\"embed media\" loading=\"lazy\"><\/iframe><\/p>\n<\/div>\n<p>El a fost director al Muzeului de Istorie Natural\u0103 din Bucure\u0219ti timp de peste cinci decenii, institu\u021bie care ast\u0103zi \u00eei poart\u0103 numele \u2013 Muzeul Na\u021bional de Istorie Natural\u0103 Grigore Antipa. Antipa a modernizat muzeul dup\u0103 principii \u0219tiin\u021bifice occidentale \u0219i a contribuit la dezvoltarea cercet\u0103rii asupra faunei Dun\u0103rii \u0219i a M\u0103rii Negre. Activitatea sa a avut un impact durabil asupra biologiei \u0219i muzeografiei din Rom\u00e2nia.<\/p>\n<h2>1959 \u2013 A debutat p\u0103pu\u0219a Barbie<\/h2>\n<p>La 9 martie 1959, p\u0103pu\u0219a Barbie a fost prezentat\u0103 pentru prima dat\u0103 la T\u00e2rgul Interna\u021bional de Juc\u0103rii de la New York. Lansarea a fost realizat\u0103 de compania Mattel, iar creatoarea p\u0103pu\u0219ii a fost Ruth Handler, cofondatoare a firmei. Modelul ini\u021bial reprezenta o t\u00e2n\u0103r\u0103 adult\u0103 \u0219i era diferit de majoritatea p\u0103pu\u0219ilor existente la acea vreme, care aveau \u00eenf\u0103\u021bi\u0219are de copil.<\/p>\n<div data-props=\"%7B%22data%22%3A%7B%22caption%22%3A%22%22%2C%22embed%22%3A%22https%3A%2F%2Fwww.youtube.com%2Fembed%2Fh8-avPUxyno%22%2C%22height%22%3A320%2C%22service%22%3A%22youtube%22%2C%22source%22%3A%22https%3A%2F%2Fwww.youtube.com%2Fwatch%3Fv%3Dh8-avPUxyno%22%2C%22width%22%3A580%7D%2C%22id%22%3A%22bh7J43NBfu%22%2C%22type%22%3A%22embed%22%2C%22lines%22%3A10%2C%22linesAbove%22%3A94%2C%22index%22%3A12%2C%22paragraphsAbove%22%3A6%2C%22percentage%22%3A0.6103896103896104%2C%22linesBellow%22%3A60%7D\" data-context=\"%7B%22parentBlockColumnCount%22%3A%7B%22value%22%3A0%2C%22type%22%3A%22store%2Freadable%22%7D%2C%22parentBlockBackgroundColor%22%3A%7B%22type%22%3A%22store%2Freadable%22%7D%7D\" data-component=\"EditorEmbedViewDefault\">\n<p><iframe src=\"https:\/\/www.youtube.com\/embed\/h8-avPUxyno\" width=\"580\" allowfullscreen title=\"embed media\" loading=\"lazy\"><\/iframe><\/p>\n<\/div>\n<p>Barbie a devenit rapid un produs de succes pe pia\u021ba american\u0103 \u0219i ulterior la nivel global, fiind comercializat\u0103 \u00een numeroase variante de profesii \u0219i stiluri. De-a lungul deceniilor, p\u0103pu\u0219a a fost adaptat\u0103 pentru a reflecta schimb\u0103rile sociale \u0219i diversitatea cultural\u0103, devenind unul dintre cele mai cunoscute branduri din industria juc\u0103riilor.<\/p>\n<h2>1991 \u2013 A fost pus\u0103 baza monedei unice europene<\/h2>\n<p>La 9 martie 1991, liderii statelor membre ale Comunit\u0103\u021bii Europene au continuat negocierile care au stat la baza noului tratat ce urma s\u0103 instituie Uniunea Economic\u0103 \u0219i Monetar\u0103, proces finalizat ulterior prin Tratatul de la Maastricht. Documentul, semnat \u00een 1992, a stabilit etapele introducerii unei monede unice europene \u0219i criteriile de convergen\u021b\u0103 pentru statele participante.<\/p>\n<div data-props=\"%7B%22data%22%3A%7B%22caption%22%3A%22%22%2C%22embed%22%3A%22https%3A%2F%2Fwww.youtube.com%2Fembed%2FdIUktr3Zpyk%22%2C%22height%22%3A320%2C%22service%22%3A%22youtube%22%2C%22source%22%3A%22https%3A%2F%2Fwww.youtube.com%2Fwatch%3Fv%3DdIUktr3Zpyk%22%2C%22width%22%3A580%7D%2C%22id%22%3A%22eyPwN4aLvT%22%2C%22type%22%3A%22embed%22%2C%22lines%22%3A10%2C%22linesAbove%22%3A122%2C%22index%22%3A16%2C%22paragraphsAbove%22%3A8%2C%22percentage%22%3A0.7922077922077922%2C%22linesBellow%22%3A32%7D\" data-context=\"%7B%22parentBlockColumnCount%22%3A%7B%22value%22%3A0%2C%22type%22%3A%22store%2Freadable%22%7D%2C%22parentBlockBackgroundColor%22%3A%7B%22type%22%3A%22store%2Freadable%22%7D%7D\" data-component=\"EditorEmbedViewDefault\">\n<p><iframe src=\"https:\/\/www.youtube.com\/embed\/dIUktr3Zpyk\" width=\"580\" allowfullscreen title=\"embed media\" loading=\"lazy\"><\/iframe><\/p>\n<\/div>\n<p>Moneda unic\u0103, euro, a fost introdus\u0103 \u00een form\u0103 electronic\u0103 \u00een 1999 \u0219i a intrat efectiv \u00een circula\u021bie la 1 ianuarie 2002, fiind administrat\u0103 de Banca Central\u0103 European\u0103. Adoptarea euro a reprezentat un pas major \u00een integrarea economic\u0103 european\u0103, facilit\u00e2nd comer\u021bul \u0219i stabilitatea monetar\u0103 \u00een statele membre ale zonei euro.<\/p>\n<h2>2006 \u2013 A murit Laura Stoica<\/h2>\n<p>La 9 martie 2006 a murit Laura Stoica, c\u00e2nt\u0103rea\u021b\u0103 rom\u00e2n\u0103 cunoscut\u0103 pentru activitatea sa \u00een muzica pop-rock din anii \u201990. Artista s-a n\u0103scut \u00een 1967 \u0219i a devenit cunoscut\u0103 la \u00eenceputul anilor \u201990, dup\u0103 participarea la festivaluri de muzic\u0103 u\u0219oar\u0103 \u0219i lansarea unor piese care au avut succes la radio \u0219i televiziune.<\/p>\n<div data-props=\"%7B%22data%22%3A%7B%22caption%22%3A%22%22%2C%22embed%22%3A%22https%3A%2F%2Fwww.youtube.com%2Fembed%2FRX-Bn71QYn0%22%2C%22height%22%3A320%2C%22service%22%3A%22youtube%22%2C%22source%22%3A%22https%3A%2F%2Fwww.youtube.com%2Fwatch%3Fv%3DRX-Bn71QYn0%22%2C%22width%22%3A580%7D%2C%22id%22%3A%22UMFGyYW19b%22%2C%22type%22%3A%22embed%22%2C%22lines%22%3A10%2C%22linesAbove%22%3A149%2C%22index%22%3A20%2C%22paragraphsAbove%22%3A10%2C%22percentage%22%3A0.9675324675324676%2C%22linesBellow%22%3A5%7D\" data-context=\"%7B%22parentBlockColumnCount%22%3A%7B%22value%22%3A0%2C%22type%22%3A%22store%2Freadable%22%7D%2C%22parentBlockBackgroundColor%22%3A%7B%22type%22%3A%22store%2Freadable%22%7D%7D\" data-component=\"EditorEmbedViewDefault\">\n<p><iframe src=\"https:\/\/www.youtube.com\/embed\/RX-Bn71QYn0\" width=\"580\" allowfullscreen title=\"embed media\" loading=\"lazy\"><\/iframe><\/p>\n<\/div>\n<p>Laura Stoica \u0219i-a pierdut via\u021ba \u00eentr-un accident rutier produs pe DN1, \u00een apropiere de localitatea Sine\u0219ti. \u00cen momentul decesului, artista era \u00eens\u0103rcinat\u0103. Moartea sa a avut un impact puternic \u00een spa\u021biul public rom\u00e2nesc, iar repertoriul s\u0103u continu\u0103 s\u0103 fie difuzat \u0219i apreciat.<\/p>\n<\/p><\/div>\n<p><a href=\"https:\/\/adevarul.ro\/istoria-zilei\/9-martie-ziua-in-care-a-murit-laura-stoica-una-2512108.html\" class=\"button purchase\" rel=\"nofollow noopener\" target=\"_blank\">Read More<\/a><\/p>\n","protected":false},"excerpt":{"rendered":"<p>La 9 martie 2006, Laura Stoica murea \u00eentr-un accident rutier pe DN1. Una dintre cele mai apreciate voci ale muzicii pop-rock din anii \u201990, artista [&hellip;]<\/p>\n","protected":false},"author":1,"featured_media":11850,"comment_status":"open","ping_status":"open","sticky":false,"template":"","format":"standard","meta":{"_monsterinsights_skip_tracking":false,"_monsterinsights_sitenote_active":false,"_monsterinsights_sitenote_note":"","_monsterinsights_sitenote_category":0,"footnotes":""},"categories":[6],"tags":[],"class_list":["post-11849","post","type-post","status-publish","format-standard","has-post-thumbnail","hentry","category-popular"],"aioseo_notices":[],"_links":{"self":[{"href":"https:\/\/info-eforie.ro\/index.php\/wp-json\/wp\/v2\/posts\/11849","targetHints":{"allow":["GET"]}}],"collection":[{"href":"https:\/\/info-eforie.ro\/index.php\/wp-json\/wp\/v2\/posts"}],"about":[{"href":"https:\/\/info-eforie.ro\/index.php\/wp-json\/wp\/v2\/types\/post"}],"author":[{"embeddable":true,"href":"https:\/\/info-eforie.ro\/index.php\/wp-json\/wp\/v2\/users\/1"}],"replies":[{"embeddable":true,"href":"https:\/\/info-eforie.ro\/index.php\/wp-json\/wp\/v2\/comments?post=11849"}],"version-history":[{"count":0,"href":"https:\/\/info-eforie.ro\/index.php\/wp-json\/wp\/v2\/posts\/11849\/revisions"}],"wp:featuredmedia":[{"embeddable":true,"href":"https:\/\/info-eforie.ro\/index.php\/wp-json\/wp\/v2\/media\/11850"}],"wp:attachment":[{"href":"https:\/\/info-eforie.ro\/index.php\/wp-json\/wp\/v2\/media?parent=11849"}],"wp:term":[{"taxonomy":"category","embeddable":true,"href":"https:\/\/info-eforie.ro\/index.php\/wp-json\/wp\/v2\/categories?post=11849"},{"taxonomy":"post_tag","embeddable":true,"href":"https:\/\/info-eforie.ro\/index.php\/wp-json\/wp\/v2\/tags?post=11849"}],"curies":[{"name":"wp","href":"https:\/\/api.w.org\/{rel}","templated":true}]}}