{"id":11773,"date":"2026-03-06T14:56:18","date_gmt":"2026-03-06T14:56:18","guid":{"rendered":"https:\/\/info-eforie.ro\/index.php\/2026\/03\/06\/camera-reprezentantilor-a-respins-rezolutia-ce-limita-puterile-lui-trump-in-razboiul-cu-iranul\/"},"modified":"2026-03-06T14:56:18","modified_gmt":"2026-03-06T14:56:18","slug":"camera-reprezentantilor-a-respins-rezolutia-ce-limita-puterile-lui-trump-in-razboiul-cu-iranul","status":"publish","type":"post","link":"https:\/\/info-eforie.ro\/index.php\/2026\/03\/06\/camera-reprezentantilor-a-respins-rezolutia-ce-limita-puterile-lui-trump-in-razboiul-cu-iranul\/","title":{"rendered":"Camera Reprezentan\u021bilor a respins rezolu\u021bia ce limita puterile lui Trump \u00een r\u0103zboiul cu Iranul"},"content":{"rendered":"<div>\n<p>Camera Reprezentan\u021bilor din SUA a respins joi o rezolu\u021bie care limita puterile pre\u0219edintelui Donald Trump \u00een r\u0103zboiul cu Iranul. Cu o zi \u00een urm\u0103, Senatul a refuzat, de asemenea, s\u0103 adopte o ini\u021biativ\u0103 similar\u0103.<\/p>\n<div><picture loading=\"eager\" width=\"1400\" height=\"682\" alt=\"FOTO: Shutterstock\"><source type=\"image\/webp\"  media=\"(min-width: 1400px)\"><source type=\"image\/webp\"  media=\"(min-width: 1000px)\"><source type=\"image\/webp\"  media=\"(min-width: 700px)\"><source type=\"image\/jpeg\"  media=\"(min-width: 1400px)\"><source type=\"image\/jpeg\"  media=\"(min-width: 1000px)\"><source type=\"image\/jpeg\"  media=\"(min-width: 700px)\"><img fetchpriority=\"high\" decoding=\"async\" src=\"https:\/\/cdn.adh.reperio.news\/image-0\/06f1b2aa-852b-4912-b282-e75d3830dc24\/index.jpeg?p=a%3D1%26co%3D1.05%26w%3D700%26h%3D682%26r%3Dcontain%26f%3Dwebp\" alt=\"FOTO: Shutterstock\" width=\"1400\" height=\"682\" loading=\"eager\"><\/picture>\n<p>FOTO: Shutterstock<\/p>\n<\/div>\n<p><a href=\"https:\/\/adevarul.ro\/stiri-externe\/sua\/senatul-sua-ii-permite-lui-trump-sa-loveasca-2512773.html\">Ale\u0219ii au respins,\u00a0<\/a>cu 219 voturi contra 212, un proiect de lege introdus de republicanul Thomas Massie \u015fi democratul Ro Khanna, care l-ar fi obligat pe pre\u0219edintele american s\u0103 ob\u021bin\u0103 autoriza\u021bia Congresului \u00eenainte de a continua r\u0103zboiul \u00eempotriva Teheranului, scrie Agerpres.<\/p>\n<p>\u00cen fa\u0163a unui pre\u015fedinte care a extins controlul executivului asupra legislativului de la revenirea sa la Casa Alb\u0103 \u00een ianuarie 2025, numero\u015fi parlamentari democra\u021bi asigur\u0103 c\u0103 doresc s\u0103 reafirme autoritatea Congresului, singurul organism \u00eemputernicit de Constitu\u0163ia Statelor Unite s\u0103 declare r\u0103zboi.<\/p>\n<p><i>\u201eRepublicanii au avut ocazia s\u0103 fac\u0103 ceva ce ar fi fost extrem de popular: s\u0103 spun\u0103 nu r\u0103zboiului lui Trump\u201d<\/i>, a subliniat liderul minorit\u0103\u0163ii democrate din Senat, Chuck Schumer, \u00eentr-un discurs sus\u0163inut joi \u00een fa\u0163a Camerei Reprezentan\u0163ilor.<\/p>\n<p>De\u015fi Congresul este singurul organism autorizat s\u0103 declare r\u0103zboi, o lege din 1973 \u00eei permite pre\u015fedintelui s\u0103 lanseze o interven\u0163ie militar\u0103 limitat\u0103 ca r\u0103spuns la o situa\u0163ie de urgen\u0163\u0103 creat\u0103 de un atac \u00eempotriva Statelor Unite.<\/p>\n<p>Chiar dac\u0103 ar fi fost adoptat, textul probabil nu ar fi supravie\u0163uit unui veto preziden\u0163ial, deoarece ulterior i-ar fi fost necesar\u0103 o majoritate de dou\u0103 treimi \u00een ambele camere.\u00a0\u00a0<\/p>\n<p><a href=\"https:\/\/adevarul.ro\/stiri-externe\/ce-inseamna-controlul-complet-al-spatiului-aerian-2512930.html\">R\u0103zboiul din Orientul Mijlociu a \u00eenceput<\/a>\u00a0s\u00e2mb\u0103t\u0103, 28 februarie 2026, c\u00e2nd Statele Unite \u0219i Israelul au lansat un atac militar coordonat asupra Iranului, viz\u00e2nd infrastructura militar\u0103 \u0219i lideri cheie, ceea ce a dus la o escaladare rapid\u0103 a ostilit\u0103\u021bilor \u0219i la riposta iranian\u0103 cu rachete \u0219i drone \u00een regiune.<\/p>\n<\/p><\/div>\n<p><a href=\"https:\/\/adevarul.ro\/stiri-externe\/sua\/camera-reprezentantilor-a-respins-rezolutia-ce-2513051.html\" class=\"button purchase\" rel=\"nofollow noopener\" target=\"_blank\">Read More<\/a><\/p>\n","protected":false},"excerpt":{"rendered":"<p>Camera Reprezentan\u021bilor din SUA a respins joi o rezolu\u021bie care limita puterile pre\u0219edintelui Donald Trump \u00een r\u0103zboiul cu Iranul. Cu o zi \u00een urm\u0103, Senatul [&hellip;]<\/p>\n","protected":false},"author":1,"featured_media":11774,"comment_status":"open","ping_status":"open","sticky":false,"template":"","format":"standard","meta":{"_monsterinsights_skip_tracking":false,"footnotes":""},"categories":[6],"tags":[],"class_list":["post-11773","post","type-post","status-publish","format-standard","has-post-thumbnail","hentry","category-popular"],"aioseo_notices":[],"_links":{"self":[{"href":"https:\/\/info-eforie.ro\/index.php\/wp-json\/wp\/v2\/posts\/11773","targetHints":{"allow":["GET"]}}],"collection":[{"href":"https:\/\/info-eforie.ro\/index.php\/wp-json\/wp\/v2\/posts"}],"about":[{"href":"https:\/\/info-eforie.ro\/index.php\/wp-json\/wp\/v2\/types\/post"}],"author":[{"embeddable":true,"href":"https:\/\/info-eforie.ro\/index.php\/wp-json\/wp\/v2\/users\/1"}],"replies":[{"embeddable":true,"href":"https:\/\/info-eforie.ro\/index.php\/wp-json\/wp\/v2\/comments?post=11773"}],"version-history":[{"count":0,"href":"https:\/\/info-eforie.ro\/index.php\/wp-json\/wp\/v2\/posts\/11773\/revisions"}],"wp:featuredmedia":[{"embeddable":true,"href":"https:\/\/info-eforie.ro\/index.php\/wp-json\/wp\/v2\/media\/11774"}],"wp:attachment":[{"href":"https:\/\/info-eforie.ro\/index.php\/wp-json\/wp\/v2\/media?parent=11773"}],"wp:term":[{"taxonomy":"category","embeddable":true,"href":"https:\/\/info-eforie.ro\/index.php\/wp-json\/wp\/v2\/categories?post=11773"},{"taxonomy":"post_tag","embeddable":true,"href":"https:\/\/info-eforie.ro\/index.php\/wp-json\/wp\/v2\/tags?post=11773"}],"curies":[{"name":"wp","href":"https:\/\/api.w.org\/{rel}","templated":true}]}}