{"id":11765,"date":"2026-03-06T13:56:05","date_gmt":"2026-03-06T13:56:05","guid":{"rendered":"https:\/\/info-eforie.ro\/index.php\/2026\/03\/06\/va-mai-evolua-kader-keita-la-rapid-ce-spune-victor-angelescu-la-o-zi-dupa-decizia-instantei\/"},"modified":"2026-03-06T13:56:05","modified_gmt":"2026-03-06T13:56:05","slug":"va-mai-evolua-kader-keita-la-rapid-ce-spune-victor-angelescu-la-o-zi-dupa-decizia-instantei","status":"publish","type":"post","link":"https:\/\/info-eforie.ro\/index.php\/2026\/03\/06\/va-mai-evolua-kader-keita-la-rapid-ce-spune-victor-angelescu-la-o-zi-dupa-decizia-instantei\/","title":{"rendered":"Va mai evolua Kader Keita la Rapid? Ce spune Victor Angelescu, la o zi dup\u0103 decizia instan\u021bei"},"content":{"rendered":"<div>\n<p>Keita a fost implicat \u00eentr-un accident rutier mar\u021bi diminea\u021b\u0103, \u00een Bucure\u0219ti. Ivorianul a lovit o femeie \u00een v\u00e2rst\u0103 de 67 de ani, care traversa regulamentar strada, pe trecerea de pietoni. Victima a ajuns la spital \u00een stare grav\u0103, \u00een timp ce fotbalistul a p\u0103r\u0103sit locul faptei f\u0103r\u0103 \u00eencuviin\u021barea poli\u021biei.<\/p>\n<h2><strong>Victor Angelescu: &#8222;Kader Keita a primit interdic\u021bie de a p\u0103r\u0103si \u021bara. \u00ce\u0219i va exercita dreptul la munc\u0103 dup\u0103 ce va fi apt mental&#8221;<\/strong><\/h2>\n<p>Ulterior, Keita a fost identificat \u0219i re\u021binut pentru 24 de ore. Miercuri a fost audiat, iar <a href=\"https:\/\/www.sport.ro\/liga-1\/kader-keita-scos-in-catuse-de-la-audieri-propunere-de-arestare-preventiva-pentru-30-de-zile.html\" rel=\"noopener noreferrer\"><strong>Tribunalul Bucure\u0219ti a respins propunerea<\/strong><\/a> de arestare preventiv\u0103 de 30 de zile, dispun\u00e2nd control judiciar \u00een cazul juc\u0103torului de la Rapid.<\/p>\n<p>Victor Angelescu, pre\u0219edintele \u0219i ac\u021bionarul minoritar de la Rapid, spune c\u0103 fotbalistul s-a prezentat joi la baza clubului, \u00eens\u0103 nu s-a antrenat. Keita, care a primit interdic\u021bia de a p\u0103r\u0103si \u021bara, ar urma s\u0103 revin\u0103 la antrenamente c\u00e2nd starea psihic\u0103 \u00eei va permite.<\/p>\n<p><strong>&#8222;Exist\u0103 o investiga\u021bie, probabil c\u0103 va urma un proces. Nu \u0219tim mai mult dec\u00e2t ce a ap\u0103rut \u00een toate ziarele. Am \u00eencercat s\u0103 mergem la spital, dar nu se poate vorbi, nu se poate intra.<\/strong><\/p>\n<p><strong>Keita a primit interdic\u021bie de a p\u0103r\u0103si \u021bara. Cam asta e. Acum nu este bine din punct de vedere psihic. Vom a\u0219tepta s\u0103 mai treac\u0103 timp, s\u0103 vedem exact ce se \u00eent\u00e2mpl\u0103 cu acest caz, ce se \u00eent\u00e2mpl\u0103 cu victima. \u00ce\u0219i va exercita dreptul la munc\u0103 c\u00e2nd va fi apt din punct de vedere mental.<\/strong><\/p>\n<p><strong>Ast\u0103zi a fost la baz\u0103 s\u0103 vorbeasc\u0103 cu noi \u0219i cu juc\u0103torii. \u00cen momentul de fa\u021b\u0103, mental nu are cum s\u0103 fie OK. \u00cencerc\u0103m s\u0103 ne focus\u0103m pe meciul cu Craiova \u0219i nu pe aceast\u0103 situa\u021bie. El nu este \u00eentr-o situa\u021bie OK din punct de vedere mental&#8221;<\/strong>, a spus Victor Angelescu, joi dup\u0103-amiaz\u0103, la Digisport.<\/p>\n<p>\u00cen aceste condi\u021bii, e clar c\u0103 Rapid nu va miza pe Kader Keita \u00een urm\u0103toarea etap\u0103, la duelul cu Universitatea Craiova, duminic\u0103, de la 20:00. R\u0103m\u00e2ne de v\u0103zut dac\u0103 fotbalistul din Coasta de Filde\u0219 va ap\u0103rea \u00een lotul lui Costel G\u00e2lc\u0103 la partidele din play-off.<\/p>\n<h2><strong>VIDEO Accidentul \u00een care a fost implicat Kader Keita<\/strong><\/h2>\n<\/div>\n<p><a href=\"https:\/\/www.sport.ro\/liga-1\/va-mai-evolua-kader-keita-la-rapid-ce-spune-victor-angelescu-la-o-zi-dupa-decizia-instantei.html\" class=\"button purchase\" rel=\"nofollow noopener\" target=\"_blank\">Read More<\/a><\/p>\n","protected":false},"excerpt":{"rendered":"<p>Keita a fost implicat \u00eentr-un accident rutier mar\u021bi diminea\u021b\u0103, \u00een Bucure\u0219ti. Ivorianul a lovit o femeie \u00een v\u00e2rst\u0103 de 67 de ani, care traversa regulamentar [&hellip;]<\/p>\n","protected":false},"author":1,"featured_media":11766,"comment_status":"open","ping_status":"open","sticky":false,"template":"","format":"standard","meta":{"_monsterinsights_skip_tracking":false,"_monsterinsights_sitenote_active":false,"_monsterinsights_sitenote_note":"","_monsterinsights_sitenote_category":0,"footnotes":""},"categories":[7],"tags":[],"class_list":["post-11765","post","type-post","status-publish","format-standard","has-post-thumbnail","hentry","category-sports"],"aioseo_notices":[],"_links":{"self":[{"href":"https:\/\/info-eforie.ro\/index.php\/wp-json\/wp\/v2\/posts\/11765","targetHints":{"allow":["GET"]}}],"collection":[{"href":"https:\/\/info-eforie.ro\/index.php\/wp-json\/wp\/v2\/posts"}],"about":[{"href":"https:\/\/info-eforie.ro\/index.php\/wp-json\/wp\/v2\/types\/post"}],"author":[{"embeddable":true,"href":"https:\/\/info-eforie.ro\/index.php\/wp-json\/wp\/v2\/users\/1"}],"replies":[{"embeddable":true,"href":"https:\/\/info-eforie.ro\/index.php\/wp-json\/wp\/v2\/comments?post=11765"}],"version-history":[{"count":0,"href":"https:\/\/info-eforie.ro\/index.php\/wp-json\/wp\/v2\/posts\/11765\/revisions"}],"wp:featuredmedia":[{"embeddable":true,"href":"https:\/\/info-eforie.ro\/index.php\/wp-json\/wp\/v2\/media\/11766"}],"wp:attachment":[{"href":"https:\/\/info-eforie.ro\/index.php\/wp-json\/wp\/v2\/media?parent=11765"}],"wp:term":[{"taxonomy":"category","embeddable":true,"href":"https:\/\/info-eforie.ro\/index.php\/wp-json\/wp\/v2\/categories?post=11765"},{"taxonomy":"post_tag","embeddable":true,"href":"https:\/\/info-eforie.ro\/index.php\/wp-json\/wp\/v2\/tags?post=11765"}],"curies":[{"name":"wp","href":"https:\/\/api.w.org\/{rel}","templated":true}]}}