{"id":11743,"date":"2026-03-05T14:56:16","date_gmt":"2026-03-05T14:56:16","guid":{"rendered":"https:\/\/info-eforie.ro\/index.php\/2026\/03\/05\/iranul-ameninta-un-atac-asupra-ambasadei-din-beirut-ar-putea-transforma-reprezentantele-israelului-din-intreaga-lume-in-tinte-legitime\/"},"modified":"2026-03-05T14:56:16","modified_gmt":"2026-03-05T14:56:16","slug":"iranul-ameninta-un-atac-asupra-ambasadei-din-beirut-ar-putea-transforma-reprezentantele-israelului-din-intreaga-lume-in-tinte-legitime","status":"publish","type":"post","link":"https:\/\/info-eforie.ro\/index.php\/2026\/03\/05\/iranul-ameninta-un-atac-asupra-ambasadei-din-beirut-ar-putea-transforma-reprezentantele-israelului-din-intreaga-lume-in-tinte-legitime\/","title":{"rendered":"Iranul amenin\u021b\u0103: un atac asupra ambasadei din Beirut ar putea transforma reprezentan\u021bele Israelului din \u00eentreaga lume \u00een \u201e\u021binte legitime\u201d"},"content":{"rendered":"<div>\n<p>Iranul amenin\u0163\u0103 c\u0103 un<br \/>\natac asupra ambasadei din Beirut ar putea declan\u0219a represalii globale \u015fi ar<br \/>\ntransforma reprezentan\u021bele diplomatice ale Israelului din \u00eentreaga lume \u00een \u201e\u021binte<br \/>\nlegitime\u201d.<\/p>\n<div><picture loading=\"eager\" width=\"1400\" height=\"750\" alt=\"Un atac asupra ambasadei din Beirut ar declan\u015fa represalii. FOTO: arhiv\u0103\"><source type=\"image\/webp\"  media=\"(min-width: 1400px)\"><source type=\"image\/webp\"  media=\"(min-width: 1000px)\"><source type=\"image\/webp\"  media=\"(min-width: 700px)\"><source type=\"image\/jpeg\"  media=\"(min-width: 1400px)\"><source type=\"image\/jpeg\"  media=\"(min-width: 1000px)\"><source type=\"image\/jpeg\"  media=\"(min-width: 700px)\"><img fetchpriority=\"high\" decoding=\"async\" src=\"https:\/\/cdn.adh.reperio.news\/image-4\/42860bab-2c25-480e-abc4-8e7b92309f37\/index.jpeg?p=a%3D1%26co%3D1.05%26w%3D700%26h%3D750%26r%3Dcontain%26f%3Dwebp\" alt=\"Un atac asupra ambasadei din Beirut ar declan\u015fa represalii. FOTO: arhiv\u0103\" width=\"1400\" height=\"750\" loading=\"eager\"><\/picture>\n<p>Un atac asupra ambasadei din Beirut ar declan\u015fa represalii. FOTO: arhiv\u0103<\/p>\n<\/div>\n<p>Purt\u0103torul de<br \/>\ncuv\u00e2nt al For\u021belor Armate ale Republicii Islamice Iran, generalul de brigad\u0103<br \/>\nAbolfazl Shekarchi, a transmis miercuri, 4 martie, un avertisment dur, dup\u0103 ce<br \/>\nIsraelul a amenin\u021bat c\u0103 ar putea viza ambasada iranian\u0103 din <a href=\"https:\/\/adevarul.ro\/stiri-externe\/in-lume\/haos-in-orientul-mijlociu-cel-putin-10-morti-in-2511933.html\" target=\"_blank\">Beirut. <\/a><\/p>\n<p>Potrivit agen\u021biei<br \/>\nsemi-oficiale Tasnim News, citat\u0103 de <a href=\"https:\/\/www.jpost.com\/middle-east\/iran-news\/article-888830\" target=\"_blank\" rel=\"nofollow\">Jerusalem Post<\/a>, Shekarchi a declarat c\u0103,<br \/>\n\u00een cazul unui atac, toate ambasadele Israelului din \u00eentreaga lume ar deveni<br \/>\n\u021binte legitime.<\/p>\n<p><i>\u201eIsraelul a amenin\u021bat c\u0103 va viza ambasada iranian\u0103 din<br \/>\nLiban. Dac\u0103 Israelul atac\u0103 ambasada Iranului, toate ambasadele acestui regim<br \/>\nvor deveni \u021binte legitime\u201d, <\/i>a<br \/>\navertizat oficialul<\/p>\n<p>Generalul de<br \/>\nbrigad\u0103 a subliniat c\u0103 <a href=\"https:\/\/adevarul.ro\/stiri-externe\/in-lume\/cum-profita-israelul-de-razboiul-cu-iranul-pentru-2512382.html\" target=\"_blank\">Israelul <\/a>ac\u021bioneaz\u0103 f\u0103r\u0103 limite \u0219i a remarcat c\u0103, \u00een<br \/>\nciuda capacit\u0103\u021bii militare semnificative, Iranul a respectat p\u00e2n\u0103 acum dreptul<br \/>\ninterna\u021bional \u015fi nu a reprezentat pentru nimeni o amenin\u0163are nuclear\u0103.<\/p>\n<p><i>\u201e\u00cen afar\u0103 de Statele Unite \u0219i Israel, Republica Islamic\u0103<br \/>\nIran nu are nici conflicte, nici ostilitate fa\u021b\u0103 de alte \u021b\u0103ri ale lumii \u0219i \u00ee\u0219i desf\u0103\u0219oar\u0103<br \/>\nrela\u021biile pe baza cooper\u0103rii<\/i>\u201d,<br \/>\na ad\u0103ugat Abolfazl Shekarchi.<\/p>\n<p>El a avertizat c\u0103<br \/>\nun atac asupra ambasadei din Beirut ar constitui o crim\u0103 \u0219i ar oferi For\u021belor<br \/>\nArmate iraniene un motiv \u201elegitim\u201d pentru a r\u0103spunde militar:<\/p>\n<p><i>\u201eO eventual\u0103 lovire de c\u0103tre Israel a ambasadei Iranului<br \/>\ndin Liban ar constitui o crim\u0103, care ar oferi For\u021belor Armate iraniene un motiv<br \/>\nlegitim pentru a \u00eentreprinde o ac\u021biune de r\u0103spuns\u201d,<\/i> a explicat purt\u0103torul de cuv\u00e2nt.<\/p>\n<p>Abolfazl Shekarchi a<br \/>\ntransmis un mesaj ferm, subliniind hot\u0103r\u00e2rea Teheranului de a se opune<br \/>\nIsraelului \u0219i sus\u021bin\u0103torilor s\u0103i, inclusiv Statelor Unite.<\/p>\n<p><i>\u201eTeheranul este hot\u0103r\u00e2t s\u0103 aduc\u0103 regimul sionist \u0219i pe<br \/>\nsus\u021bin\u0103torul s\u0103u, Statele Unite, \u00een genunchi \u0219i nu va da \u00eenapoi \u00een niciun fel<br \/>\nde pe acest drum\u201d,<\/i> a amenin\u0163at<br \/>\nel.<\/p>\n<\/p><\/div>\n<p><a href=\"https:\/\/adevarul.ro\/stiri-externe\/in-lume\/iranul-ameninta-un-atac-asupra-ambasadei-din-2512700.html\" class=\"button purchase\" rel=\"nofollow noopener\" target=\"_blank\">Read More<\/a><\/p>\n","protected":false},"excerpt":{"rendered":"<p>Iranul amenin\u0163\u0103 c\u0103 un atac asupra ambasadei din Beirut ar putea declan\u0219a represalii globale \u015fi ar transforma reprezentan\u021bele diplomatice ale Israelului din \u00eentreaga lume \u00een [&hellip;]<\/p>\n","protected":false},"author":1,"featured_media":11744,"comment_status":"open","ping_status":"open","sticky":false,"template":"","format":"standard","meta":{"_monsterinsights_skip_tracking":false,"_monsterinsights_sitenote_active":false,"_monsterinsights_sitenote_note":"","_monsterinsights_sitenote_category":0,"footnotes":""},"categories":[6],"tags":[],"class_list":["post-11743","post","type-post","status-publish","format-standard","has-post-thumbnail","hentry","category-popular"],"aioseo_notices":[],"_links":{"self":[{"href":"https:\/\/info-eforie.ro\/index.php\/wp-json\/wp\/v2\/posts\/11743","targetHints":{"allow":["GET"]}}],"collection":[{"href":"https:\/\/info-eforie.ro\/index.php\/wp-json\/wp\/v2\/posts"}],"about":[{"href":"https:\/\/info-eforie.ro\/index.php\/wp-json\/wp\/v2\/types\/post"}],"author":[{"embeddable":true,"href":"https:\/\/info-eforie.ro\/index.php\/wp-json\/wp\/v2\/users\/1"}],"replies":[{"embeddable":true,"href":"https:\/\/info-eforie.ro\/index.php\/wp-json\/wp\/v2\/comments?post=11743"}],"version-history":[{"count":0,"href":"https:\/\/info-eforie.ro\/index.php\/wp-json\/wp\/v2\/posts\/11743\/revisions"}],"wp:featuredmedia":[{"embeddable":true,"href":"https:\/\/info-eforie.ro\/index.php\/wp-json\/wp\/v2\/media\/11744"}],"wp:attachment":[{"href":"https:\/\/info-eforie.ro\/index.php\/wp-json\/wp\/v2\/media?parent=11743"}],"wp:term":[{"taxonomy":"category","embeddable":true,"href":"https:\/\/info-eforie.ro\/index.php\/wp-json\/wp\/v2\/categories?post=11743"},{"taxonomy":"post_tag","embeddable":true,"href":"https:\/\/info-eforie.ro\/index.php\/wp-json\/wp\/v2\/tags?post=11743"}],"curies":[{"name":"wp","href":"https:\/\/api.w.org\/{rel}","templated":true}]}}