{"id":11721,"date":"2026-03-04T13:57:12","date_gmt":"2026-03-04T13:57:12","guid":{"rendered":"https:\/\/info-eforie.ro\/index.php\/2026\/03\/04\/cristi-chivu-a-reactionat-dupa-remiza-cu-como-din-coppa-italia-fara-antrenament-e-dificil\/"},"modified":"2026-03-04T13:57:12","modified_gmt":"2026-03-04T13:57:12","slug":"cristi-chivu-a-reactionat-dupa-remiza-cu-como-din-coppa-italia-fara-antrenament-e-dificil","status":"publish","type":"post","link":"https:\/\/info-eforie.ro\/index.php\/2026\/03\/04\/cristi-chivu-a-reactionat-dupa-remiza-cu-como-din-coppa-italia-fara-antrenament-e-dificil\/","title":{"rendered":"Cristi Chivu a reac\u021bionat dup\u0103 remiza cu Como din Coppa Italia: \u201dF\u0103r\u0103 antrenament, e dificil!\u201d"},"content":{"rendered":"<div>\n<p>Prima parte a jocului, echipa antrenat\u0103 de Cesc Fabregas a dominat ostilit\u0103\u021bile, \u00een timp ce forma\u021bia preg\u0103tit\u0103 de Cristi Chivu a p\u0103rut s\u0103 nu se reg\u0103seasc\u0103. Inter nu \u0219i-a impus jocul nici \u00een repriza secund\u0103, \u00eens\u0103 nici Como nu a reu\u0219it s\u0103 marcheze pe teren propriu.<\/p>\n<h2>Cristi Chivu: \u201dAm avut c\u00e2teva probleme de lot, a trebuit s\u0103 facem unele schimb\u0103ri!\u201d<\/h2>\n<p>Finalul partidei a p\u0103rut mai degrab\u0103 un non-combat \u0219i parc\u0103 ambele echipe a\u0219teptau fluierul final. Astfel, echipa calificat\u0103 \u00een finala Coppa Italia se va decide \u00een returul care se va disputa pe 22 aprilie.<\/p>\n<p>La finalul jocului, Cristi Chivu a vorbit despre problemele de lot cu care s-a confruntat Inter \u0219i despre motivul pentru care a schimbat sistemul de joc \u00een fa\u021ba unui adversar mai slab cotat.<\/p>\n<p>Totodat\u0103, antrenorul rom\u00e2n a f\u0103cut c\u00e2teva declara\u021bii \u0219i despre Derby de la Madonina, pe care Inter \u00eel va disputa pe 8 martie \u00een compania celor de la AC Milan.<\/p>\n<p>\u201d<strong>Am avut c\u00e2teva probleme de lot, a trebuit s\u0103 facem unele schimb\u0103ri. Pentru prima dat\u0103 am jucat cu doi mijloca\u0219i ofensivi \u00een spatele v\u00e2rfului \u0219i am modificat \u0219i modul de a ne ap\u0103ra, \u00eencerc\u00e2nd s\u0103 mergem om la om. Ei, cu doi atacan\u021bi care nu sunt atacan\u021bi propriu-zi\u0219i, ne-au pus \u00een dificultate la mijlocul terenului.<\/strong><\/p>\n<p><strong>Am \u00een\u021beles ce trebuia s\u0103 facem: pentru implicare \u0219i pentru faptul c\u0103 nu am avut mult timp la dispozi\u021bie s\u0103 preg\u0103tim acest meci, meritul b\u0103ie\u021bilor este c\u0103 s-au pus \u00een slujba echipei, au dat totul \u0219i au acceptat \u0219i posesia unei echipe care \u0219tie s\u0103 fac\u0103 multe lucruri.<\/strong><\/p>\n<p><strong>Ast\u0103zi aveam doi atacan\u021bi disponibili \u0219i am decis s\u0103 \u00eemp\u0103r\u021bim minutele \u00eentre ei. A trebuit s\u0103 transform\u0103m necesitatea \u00een virtute \u0219i pot spune c\u0103 b\u0103ie\u021bii au realizat dificultatea jocului. Au interpretat-o destul de bine, chiar dac\u0103 nu a fost un meci de nivelul lui Inter \u0219i nici unul spectaculos.<\/strong><\/p>\n<p><strong>A fost un meci de a\u0219teptare din partea ambelor echipe; ei se a\u0219ezau \u00eentr-un sistem defensiv cu cinci funda\u0219i \u0219i nu a fost pl\u0103cut pentru c\u0103 nu g\u0103seai spa\u021biile necesare. Am putut s\u0103 \u00eei citim \u0219i am \u00eencercat s\u0103 ne punem \u00een valoare calit\u0103\u021bile, dar ast\u0103zi nu a fost simplu.<\/strong><\/p>\n<p><strong>A fost prima dat\u0103 c\u00e2nd am construit cu doi mijloca\u0219i ofensivi. F\u0103r\u0103 antrenament, e dificil. Pentru derby nu \u0219tiu \u00eenc\u0103, avem timp s\u0103-l preg\u0103tim \u00een aceste patru zile \u0219i vom vedea pe cine avem la dispozi\u021bie. Sunt sigur c\u0103 vom fi preg\u0103ti\u021bi la acel meci<\/strong>\u201d, a spus Cristi Chivu dup\u0103 meci.<\/p>\n<h2>VIDEO Rezumat Como &#8211; Inter 0-0<\/h2>\n<\/div>\n<p><a href=\"https:\/\/www.sport.ro\/fotbal-extern\/cristi-chivu-a-reactionat-dupa-remiza-cu-como-din-coppa-italia-fara-antrenament-e-dificil.html\" class=\"button purchase\" rel=\"nofollow noopener\" target=\"_blank\">Read More<\/a><\/p>\n","protected":false},"excerpt":{"rendered":"<p>Prima parte a jocului, echipa antrenat\u0103 de Cesc Fabregas a dominat ostilit\u0103\u021bile, \u00een timp ce forma\u021bia preg\u0103tit\u0103 de Cristi Chivu a p\u0103rut s\u0103 nu se [&hellip;]<\/p>\n","protected":false},"author":1,"featured_media":11722,"comment_status":"open","ping_status":"open","sticky":false,"template":"","format":"standard","meta":{"_monsterinsights_skip_tracking":false,"footnotes":""},"categories":[7],"tags":[],"class_list":["post-11721","post","type-post","status-publish","format-standard","has-post-thumbnail","hentry","category-sports"],"aioseo_notices":[],"_links":{"self":[{"href":"https:\/\/info-eforie.ro\/index.php\/wp-json\/wp\/v2\/posts\/11721","targetHints":{"allow":["GET"]}}],"collection":[{"href":"https:\/\/info-eforie.ro\/index.php\/wp-json\/wp\/v2\/posts"}],"about":[{"href":"https:\/\/info-eforie.ro\/index.php\/wp-json\/wp\/v2\/types\/post"}],"author":[{"embeddable":true,"href":"https:\/\/info-eforie.ro\/index.php\/wp-json\/wp\/v2\/users\/1"}],"replies":[{"embeddable":true,"href":"https:\/\/info-eforie.ro\/index.php\/wp-json\/wp\/v2\/comments?post=11721"}],"version-history":[{"count":0,"href":"https:\/\/info-eforie.ro\/index.php\/wp-json\/wp\/v2\/posts\/11721\/revisions"}],"wp:featuredmedia":[{"embeddable":true,"href":"https:\/\/info-eforie.ro\/index.php\/wp-json\/wp\/v2\/media\/11722"}],"wp:attachment":[{"href":"https:\/\/info-eforie.ro\/index.php\/wp-json\/wp\/v2\/media?parent=11721"}],"wp:term":[{"taxonomy":"category","embeddable":true,"href":"https:\/\/info-eforie.ro\/index.php\/wp-json\/wp\/v2\/categories?post=11721"},{"taxonomy":"post_tag","embeddable":true,"href":"https:\/\/info-eforie.ro\/index.php\/wp-json\/wp\/v2\/tags?post=11721"}],"curies":[{"name":"wp","href":"https:\/\/api.w.org\/{rel}","templated":true}]}}