{"id":11611,"date":"2026-02-28T14:03:40","date_gmt":"2026-02-28T14:03:40","guid":{"rendered":"https:\/\/info-eforie.ro\/index.php\/2026\/02\/28\/muzee-unicat-ale-aurului-carbunelui-si-fierului-se-afla-in-judetul-unde-100-000-de-oameni-munceau-in-industrie\/"},"modified":"2026-02-28T14:03:40","modified_gmt":"2026-02-28T14:03:40","slug":"muzee-unicat-ale-aurului-carbunelui-si-fierului-se-afla-in-judetul-unde-100-000-de-oameni-munceau-in-industrie","status":"publish","type":"post","link":"https:\/\/info-eforie.ro\/index.php\/2026\/02\/28\/muzee-unicat-ale-aurului-carbunelui-si-fierului-se-afla-in-judetul-unde-100-000-de-oameni-munceau-in-industrie\/","title":{"rendered":"Muzee unicat ale aurului, c\u0103rbunelui \u0219i fierului. Se afl\u0103 \u00een jude\u021bul unde 100.000 de oameni munceau \u00een industrie"},"content":{"rendered":"<div>\n<p>Trei muzee unicat \u2013 al aurului, c\u0103rbunelui \u0219i fierului \u2013 amintesc de mo\u0219tenirea industrial\u0103 a Hunedoarei, unul dintre cele mai bogate jude\u021be \u00een resurse naturale, afectat \u00een ultimele decenii de declinul industrial.<\/p>\n<div><picture loading=\"eager\" width=\"1400\" height=\"750\" alt=\"Muzeul Aurului din Brad. Foto: Lucian Ignat\"><source type=\"image\/webp\"  media=\"(min-width: 1400px)\"><source type=\"image\/webp\"  media=\"(min-width: 1000px)\"><source type=\"image\/webp\"  media=\"(min-width: 700px)\"><source type=\"image\/jpeg\"  media=\"(min-width: 1400px)\"><source type=\"image\/jpeg\"  media=\"(min-width: 1000px)\"><source type=\"image\/jpeg\"  media=\"(min-width: 700px)\"><img fetchpriority=\"high\" decoding=\"async\" src=\"https:\/\/cdn.adh.reperio.news\/image-2\/2371ba7c-3b22-4f14-b66b-29856df50e50\/index.jpeg?p=a%3D1%26co%3D1.05%26w%3D700%26h%3D750%26r%3Dcontain%26f%3Dwebp\" alt=\"Muzeul Aurului din Brad. Foto: Lucian Ignat\" width=\"1400\" height=\"750\" loading=\"eager\"><\/picture>\n<p>Muzeul Aurului din Brad. Foto: Lucian Ignat<\/p>\n<\/div>\n<p>Cele mai vechi mine de aur \u0219i de fier din Rom\u00e2nia dateaz\u0103 din Antichitate, iar unele, cum este galeria \u201eTreptele Romane\u201d, din jude\u021bul Hunedoara, s-au p\u0103strat \u00een stare bun\u0103 de conservare \u00eenc\u0103 din vremea romanilor. \u00cen Hunedoara, minele de c\u0103rbune, aur, fier, cupru \u0219i minereuri complexe, \u00eempreun\u0103 cu uzinele metalurgice \u0219i miniere, <a href=\"https:\/\/adevarul.ro\/stiri-locale\/hunedoara\/judetul-care-a-pierdut-100000-de-locuri-de-munca-2471980.html\">aveau peste 100.000 de angaja\u021bi \u00een anii \u201980, <\/a>perioada de maxim\u0103 expansiune a industriei grele.<\/p>\n<p>Cele mai multe au fost \u00eenchise \u00een anii 2000, iar \u00een prezent doar c\u00e2teva mii de oameni mai lucreaz\u0103 \u00een industria extractiv\u0103 a Hunedoarei. O mul\u021bime de uzine, exploat\u0103ri miniere \u0219i instala\u021bii metalurgice \u2013 unele vechi de peste dou\u0103 secole, altele construite \u00een secolul XX \u2013 au fost dezafectate \u0219i au disp\u0103rut \u00een ultimii ani. \u00cen schimb, Hunedoara \u0219i-a p\u0103strat o parte a mo\u0219tenirii industriale \u00een muzeele sale, restaurate \u00een ultimii ani.<\/p>\n<h2>Muzeul Aurului din Brad<\/h2>\n<p><a href=\"https:\/\/adevarul.ro\/stil-de-viata\/magazin\/bulgarii-uriasi-de-aur-din-apuseni-irezistibili-2510083.html\">Cel mai valoros dintre acestea a fost \u00eenfiin\u021bat \u00een 1912, <\/a>la Brad, \u0219i p\u0103streaz\u0103 unele dintre cele mai pre\u0163ioase piese de aur nativ descoperite de-a lungul timpului.<\/p>\n<p>Primele minerale \u015fi metale pre\u0163ioase care aveau s\u0103 fie admirate la Muzeul Aurului din Brad au fost str\u00e2nse \u00eencep\u00e2nd de la sf\u00e2r\u015fitul secolului al XIX-lea, de la minele din Mun\u0163ii Metaliferi. \u00cen acei ani, aproape toate a\u015fez\u0103rile montane cuprinse \u00een \u201epoligonul aurului\u201d sau \u201epatrulaterul aurifer\u201d, cu laturile \u00eentre Brad (Caraci), Ro\u015fia Montan\u0103, Baia de Arie\u015f, Zlatna, S\u0103c\u0103r\u00e2mb \u015fi Certeju de Sus, aveau mine exploatate intens, din care erau extrase aur, argint \u0219i cupru.<\/p>\n<div data-props=\"%7B%22data%22%3A%7B%22images%22%3A%5B%7B%22animated%22%3A0%2C%22created_at%22%3A%222023-03-20T12%3A36%3A24.000Z%22%2C%22created_by%22%3A149%2C%22entity_type%22%3A%22media%22%2C%22extension%22%3A%22jpeg%22%2C%22id%22%3A%22f90ed0b0-b253-4372-a3ca-15c724b24dfc%22%2C%22origin_duration%22%3Anull%2C%22origin_hash%22%3A%220e35cd6f61ddcc892498d5fe97f21210ddd9e3cd%22%2C%22origin_height%22%3A1134%2C%22origin_name%22%3A%221-brad%20muzeul%20aurului%20(10).JPG%22%2C%22origin_size%22%3A673751%2C%22origin_width%22%3A1700%2C%22path%22%3A%22image-f%2Ff90ed0b0-b253-4372-a3ca-15c724b24dfc%2Findex.jpeg%22%2C%22prevent_prune%22%3A0%2C%22published%22%3A0%2C%22restrict_domains%22%3Anull%2C%22status%22%3A%22ready%22%2C%22title%22%3A%221%20brad%20muzeul%20aurului%20(10)%20JPG%22%2C%22type%22%3A%22image%22%2C%22updated_at%22%3A%222023-03-20T12%3A36%3A25.000Z%22%2C%22url%22%3A%22https%3A%2F%2Fcdn.adh.reperio.news%2Fimage-f%2Ff90ed0b0-b253-4372-a3ca-15c724b24dfc%2Findex.jpeg%22%2C%22video_raw%22%3Anull%2C%22video_thumbnail%22%3Anull%7D%2C%7B%22animated%22%3A0%2C%22created_at%22%3A%222023-03-20T12%3A45%3A15.000Z%22%2C%22created_by%22%3A149%2C%22entity_type%22%3A%22media%22%2C%22extension%22%3A%22jpeg%22%2C%22id%22%3A%229c00c9ec-b011-4a27-a508-21166da80aa5%22%2C%22origin_duration%22%3Anull%2C%22origin_hash%22%3A%229a4b18c782ad13b12bd2e9c8a9c249ad1c306812%22%2C%22origin_height%22%3A908%2C%22origin_name%22%3A%22brad%20muzeul%20aurului%20(2).JPG%22%2C%22origin_size%22%3A663952%2C%22origin_width%22%3A1450%2C%22path%22%3A%22image-9%2F9c00c9ec-b011-4a27-a508-21166da80aa5%2Findex.jpeg%22%2C%22prevent_prune%22%3A0%2C%22published%22%3A0%2C%22restrict_domains%22%3Anull%2C%22status%22%3A%22ready%22%2C%22title%22%3A%22brad%20muzeul%20aurului%20(2)%20JPG%22%2C%22type%22%3A%22image%22%2C%22updated_at%22%3A%222023-03-20T12%3A45%3A16.000Z%22%2C%22url%22%3A%22https%3A%2F%2Fcdn.adh.reperio.news%2Fimage-9%2F9c00c9ec-b011-4a27-a508-21166da80aa5%2Findex.jpeg%22%2C%22video_raw%22%3Anull%2C%22video_thumbnail%22%3Anull%7D%2C%7B%22animated%22%3Anull%2C%22created_at%22%3A%222021-03-03T19%3A26%3A30.000Z%22%2C%22created_by%22%3A1%2C%22entity_type%22%3A%22media%22%2C%22extension%22%3A%22jpeg%22%2C%22id%22%3A%2220082e08-bbc8-4d13-bb15-b52388fac28b%22%2C%22origin_duration%22%3Anull%2C%22origin_hash%22%3A%224bfb08e7ed75163b4d1764925adc22e013f7eece%22%2C%22origin_height%22%3A877%2C%22origin_name%22%3A%22603fe2e65163ec42718a9c12.jpg%22%2C%22origin_size%22%3A192251%2C%22origin_width%22%3A1400%2C%22path%22%3A%22image-2%2F20082e08-bbc8-4d13-bb15-b52388fac28b%2Findex.jpeg%22%2C%22prevent_prune%22%3A0%2C%22published%22%3A0%2C%22restrict_domains%22%3A%5B%22adevarul.ro%22%5D%2C%22status%22%3A%22ready%22%2C%22title%22%3A%22muzeul%20aurului%20brad%20foto%20lucian%20ignat%22%2C%22type%22%3A%22image%22%2C%22updated_at%22%3A%222022-06-22T12%3A45%3A46.000Z%22%2C%22url%22%3A%22https%3A%2F%2Fcdn.adh.reperio.news%2Fimage-2%2F20082e08-bbc8-4d13-bb15-b52388fac28b%2Findex.jpeg%22%2C%22video_raw%22%3A0%2C%22video_thumbnail%22%3Anull%7D%2C%7B%22animated%22%3Anull%2C%22created_at%22%3A%222021-03-03T19%3A26%3A30.000Z%22%2C%22created_by%22%3A1%2C%22entity_type%22%3A%22media%22%2C%22extension%22%3A%22jpeg%22%2C%22id%22%3A%222371ba7c-3b22-4f14-b66b-29856df50e50%22%2C%22origin_duration%22%3Anull%2C%22origin_hash%22%3A%222b4ae866864a7ccd6e3494a37389b824f0091d97%22%2C%22origin_height%22%3A877%2C%22origin_name%22%3A%22603fe2e65163ec42718a9c13.jpg%22%2C%22origin_size%22%3A239420%2C%22origin_width%22%3A1400%2C%22path%22%3A%22image-2%2F2371ba7c-3b22-4f14-b66b-29856df50e50%2Findex.jpeg%22%2C%22prevent_prune%22%3A0%2C%22published%22%3A0%2C%22restrict_domains%22%3A%5B%22adevarul.ro%22%5D%2C%22status%22%3A%22ready%22%2C%22title%22%3A%22muzeul%20aurului%20brad%20foto%20lucian%20ignat%22%2C%22type%22%3A%22image%22%2C%22updated_at%22%3A%222022-06-22T12%3A59%3A53.000Z%22%2C%22url%22%3A%22https%3A%2F%2Fcdn.adh.reperio.news%2Fimage-2%2F2371ba7c-3b22-4f14-b66b-29856df50e50%2Findex.jpeg%22%2C%22video_raw%22%3A0%2C%22video_thumbnail%22%3Anull%7D%2C%7B%22animated%22%3Anull%2C%22created_at%22%3A%222021-03-03T18%3A44%3A38.000Z%22%2C%22created_by%22%3A1%2C%22entity_type%22%3A%22media%22%2C%22extension%22%3A%22jpeg%22%2C%22id%22%3A%22a7985875-0c66-4a84-bb18-57ad81f6cb19%22%2C%22origin_duration%22%3Anull%2C%22origin_hash%22%3A%22b09b89cbf7f1a0a8c481290eedbd1c4b33d2c5f5%22%2C%22origin_height%22%3A925%2C%22origin_name%22%3A%22603fd9165163ec42718a475f.jpg%22%2C%22origin_size%22%3A132043%2C%22origin_width%22%3A1400%2C%22path%22%3A%22image-a%2Fa7985875-0c66-4a84-bb18-57ad81f6cb19%2Findex.jpeg%22%2C%22prevent_prune%22%3A0%2C%22published%22%3A0%2C%22restrict_domains%22%3A%5B%22adevarul.ro%22%5D%2C%22status%22%3A%22ready%22%2C%22title%22%3A%22muzeul%20aurului%20brad%20foto%20lucian%20ignat%22%2C%22type%22%3A%22image%22%2C%22updated_at%22%3A%222022-06-23T03%3A22%3A00.000Z%22%2C%22url%22%3A%22https%3A%2F%2Fcdn.adh.reperio.news%2Fimage-a%2Fa7985875-0c66-4a84-bb18-57ad81f6cb19%2Findex.jpeg%22%2C%22video_raw%22%3A0%2C%22video_thumbnail%22%3Anull%7D%2C%7B%22animated%22%3Anull%2C%22created_at%22%3A%222021-03-03T18%3A44%3A38.000Z%22%2C%22created_by%22%3A1%2C%22entity_type%22%3A%22media%22%2C%22extension%22%3A%22jpeg%22%2C%22id%22%3A%2245c3aa35-cfe9-4fca-91ab-bbd1a7d2f42c%22%2C%22origin_duration%22%3Anull%2C%22origin_hash%22%3A%224b85f1a99bcb851fd8a728c2c929e719d4c0b76e%22%2C%22origin_height%22%3A855%2C%22origin_name%22%3A%22603fd9165163ec42718a4760.jpg%22%2C%22origin_size%22%3A163461%2C%22origin_width%22%3A1400%2C%22path%22%3A%22image-4%2F45c3aa35-cfe9-4fca-91ab-bbd1a7d2f42c%2Findex.jpeg%22%2C%22prevent_prune%22%3A0%2C%22published%22%3A0%2C%22restrict_domains%22%3A%5B%22adevarul.ro%22%5D%2C%22status%22%3A%22ready%22%2C%22title%22%3A%22muzeul%20aurului%20brad%20foto%20lucian%20ignat%22%2C%22type%22%3A%22image%22%2C%22updated_at%22%3A%222022-06-22T16%3A04%3A05.000Z%22%2C%22url%22%3A%22https%3A%2F%2Fcdn.adh.reperio.news%2Fimage-4%2F45c3aa35-cfe9-4fca-91ab-bbd1a7d2f42c%2Findex.jpeg%22%2C%22video_raw%22%3A0%2C%22video_thumbnail%22%3Anull%7D%2C%7B%22animated%22%3Anull%2C%22created_at%22%3A%222021-03-03T18%3A44%3A21.000Z%22%2C%22created_by%22%3A1%2C%22entity_type%22%3A%22media%22%2C%22extension%22%3A%22jpeg%22%2C%22id%22%3A%22175bdaca-9165-45d5-8e38-bdf0e78020c9%22%2C%22origin_duration%22%3Anull%2C%22origin_hash%22%3A%222340cbbb105c234ddf85d45786f071f9029b2d3f%22%2C%22origin_height%22%3A828%2C%22origin_name%22%3A%22603fd9055163ec42718a46f9.jpg%22%2C%22origin_size%22%3A189220%2C%22origin_width%22%3A1400%2C%22path%22%3A%22image-1%2F175bdaca-9165-45d5-8e38-bdf0e78020c9%2Findex.jpeg%22%2C%22prevent_prune%22%3A0%2C%22published%22%3A0%2C%22restrict_domains%22%3A%5B%22adevarul.ro%22%5D%2C%22status%22%3A%22ready%22%2C%22title%22%3A%22muzeul%20aurului%20brad%20foto%20lucian%20ignat%22%2C%22type%22%3A%22image%22%2C%22updated_at%22%3A%222022-06-22T12%3A11%3A26.000Z%22%2C%22url%22%3A%22https%3A%2F%2Fcdn.adh.reperio.news%2Fimage-1%2F175bdaca-9165-45d5-8e38-bdf0e78020c9%2Findex.jpeg%22%2C%22video_raw%22%3A0%2C%22video_thumbnail%22%3Anull%7D%2C%7B%22animated%22%3Anull%2C%22created_at%22%3A%222021-03-03T18%3A44%3A21.000Z%22%2C%22created_by%22%3A1%2C%22entity_type%22%3A%22media%22%2C%22extension%22%3A%22jpeg%22%2C%22id%22%3A%225122d773-cbec-48b9-bc11-62ae5b5b776b%22%2C%22origin_duration%22%3Anull%2C%22origin_hash%22%3A%222308278b209d01edd671700a5971416ff254b168%22%2C%22origin_height%22%3A1044%2C%22origin_name%22%3A%22603fd9055163ec42718a46fa.jpg%22%2C%22origin_size%22%3A168915%2C%22origin_width%22%3A1400%2C%22path%22%3A%22image-5%2F5122d773-cbec-48b9-bc11-62ae5b5b776b%2Findex.jpeg%22%2C%22prevent_prune%22%3A0%2C%22published%22%3A0%2C%22restrict_domains%22%3A%5B%22adevarul.ro%22%5D%2C%22status%22%3A%22ready%22%2C%22title%22%3A%22muzeul%20aurului%20brad%20foto%20lucian%20ignat%22%2C%22type%22%3A%22image%22%2C%22updated_at%22%3A%222022-06-22T17%3A06%3A56.000Z%22%2C%22url%22%3A%22https%3A%2F%2Fcdn.adh.reperio.news%2Fimage-5%2F5122d773-cbec-48b9-bc11-62ae5b5b776b%2Findex.jpeg%22%2C%22video_raw%22%3A0%2C%22video_thumbnail%22%3Anull%7D%2C%7B%22animated%22%3Anull%2C%22created_at%22%3A%222021-03-03T18%3A43%3A59.000Z%22%2C%22created_by%22%3A1%2C%22entity_type%22%3A%22media%22%2C%22extension%22%3A%22jpeg%22%2C%22id%22%3A%2200780338-421a-4fac-bc7e-279bef5ced69%22%2C%22origin_duration%22%3Anull%2C%22origin_hash%22%3A%22d6a0ec4fc30e1bf282c8edae35e24ffdadacf7f1%22%2C%22origin_height%22%3A1014%2C%22origin_name%22%3A%22603fd8ef5163ec42718a4524.jpg%22%2C%22origin_size%22%3A160506%2C%22origin_width%22%3A1400%2C%22path%22%3A%22image-0%2F00780338-421a-4fac-bc7e-279bef5ced69%2Findex.jpeg%22%2C%22prevent_prune%22%3A0%2C%22published%22%3A0%2C%22restrict_domains%22%3A%5B%22adevarul.ro%22%5D%2C%22status%22%3A%22ready%22%2C%22title%22%3A%22muzeul%20aurului%20brad%20foto%20lucian%20ignat%22%2C%22type%22%3A%22image%22%2C%22updated_at%22%3A%222022-06-22T10%3A52%3A29.000Z%22%2C%22url%22%3A%22https%3A%2F%2Fcdn.adh.reperio.news%2Fimage-0%2F00780338-421a-4fac-bc7e-279bef5ced69%2Findex.jpeg%22%2C%22video_raw%22%3A0%2C%22video_thumbnail%22%3Anull%7D%2C%7B%22animated%22%3Anull%2C%22created_at%22%3A%222021-03-03T18%3A43%3A39.000Z%22%2C%22created_by%22%3A1%2C%22entity_type%22%3A%22media%22%2C%22extension%22%3A%22jpeg%22%2C%22id%22%3A%22e522446c-af0b-4566-a3bf-b43ae0b51941%22%2C%22origin_duration%22%3Anull%2C%22origin_hash%22%3A%2249b62d60dd0772afcc64c834e08fccee2a9a245a%22%2C%22origin_height%22%3A884%2C%22origin_name%22%3A%22603fd8db5163ec42718a44c9.jpg%22%2C%22origin_size%22%3A151263%2C%22origin_width%22%3A1400%2C%22path%22%3A%22image-e%2Fe522446c-af0b-4566-a3bf-b43ae0b51941%2Findex.jpeg%22%2C%22prevent_prune%22%3A0%2C%22published%22%3A0%2C%22restrict_domains%22%3A%5B%22adevarul.ro%22%5D%2C%22status%22%3A%22ready%22%2C%22title%22%3A%22muzeul%20aurului%20brad%20foto%20lucian%20ignat%22%2C%22type%22%3A%22image%22%2C%22updated_at%22%3A%222022-06-23T11%3A36%3A14.000Z%22%2C%22url%22%3A%22https%3A%2F%2Fcdn.adh.reperio.news%2Fimage-e%2Fe522446c-af0b-4566-a3bf-b43ae0b51941%2Findex.jpeg%22%2C%22video_raw%22%3A0%2C%22video_thumbnail%22%3Anull%7D%2C%7B%22animated%22%3Anull%2C%22created_at%22%3A%222021-03-03T18%3A43%3A39.000Z%22%2C%22created_by%22%3A1%2C%22entity_type%22%3A%22media%22%2C%22extension%22%3A%22jpeg%22%2C%22id%22%3A%22eceaba06-8008-436f-a1a1-2a893d240526%22%2C%22origin_duration%22%3Anull%2C%22origin_hash%22%3A%22c4682508da07518c6cccec18dd709fd676ecf147%22%2C%22origin_height%22%3A872%2C%22origin_name%22%3A%22603fd8db5163ec42718a44c8.jpg%22%2C%22origin_size%22%3A130323%2C%22origin_width%22%3A1400%2C%22path%22%3A%22image-e%2Feceaba06-8008-436f-a1a1-2a893d240526%2Findex.jpeg%22%2C%22prevent_prune%22%3A0%2C%22published%22%3A0%2C%22restrict_domains%22%3A%5B%22adevarul.ro%22%5D%2C%22status%22%3A%22ready%22%2C%22title%22%3A%22muzeul%20aurului%20brad%20foto%20lucian%20ignat%22%2C%22type%22%3A%22image%22%2C%22updated_at%22%3A%222022-06-23T12%3A20%3A40.000Z%22%2C%22url%22%3A%22https%3A%2F%2Fcdn.adh.reperio.news%2Fimage-e%2Feceaba06-8008-436f-a1a1-2a893d240526%2Findex.jpeg%22%2C%22video_raw%22%3A0%2C%22video_thumbnail%22%3Anull%7D%2C%7B%22animated%22%3Anull%2C%22created_at%22%3A%222021-03-03T18%3A43%3A59.000Z%22%2C%22created_by%22%3A1%2C%22entity_type%22%3A%22media%22%2C%22extension%22%3A%22jpeg%22%2C%22id%22%3A%22feb9fd95-20e2-4db4-8c0a-d33f2bc06925%22%2C%22origin_duration%22%3Anull%2C%22origin_hash%22%3A%2216c16104ba2026074dd7191b502b2c0e9e9c7f6c%22%2C%22origin_height%22%3A917%2C%22origin_name%22%3A%22603fd8ef5163ec42718a4525.jpg%22%2C%22origin_size%22%3A124957%2C%22origin_width%22%3A1400%2C%22path%22%3A%22image-f%2Ffeb9fd95-20e2-4db4-8c0a-d33f2bc06925%2Findex.jpeg%22%2C%22prevent_prune%22%3A0%2C%22published%22%3A0%2C%22restrict_domains%22%3A%5B%22adevarul.ro%22%5D%2C%22status%22%3A%22ready%22%2C%22title%22%3A%22muzeul%20aurului%20brad%20foto%20lucian%20ignat%22%2C%22type%22%3A%22image%22%2C%22updated_at%22%3A%222022-06-23T14%3A07%3A14.000Z%22%2C%22url%22%3A%22https%3A%2F%2Fcdn.adh.reperio.news%2Fimage-f%2Ffeb9fd95-20e2-4db4-8c0a-d33f2bc06925%2Findex.jpeg%22%2C%22video_raw%22%3A0%2C%22video_thumbnail%22%3Anull%7D%2C%7B%22animated%22%3Anull%2C%22created_at%22%3A%222021-03-03T18%3A43%3A59.000Z%22%2C%22created_by%22%3A1%2C%22entity_type%22%3A%22media%22%2C%22extension%22%3A%22jpeg%22%2C%22id%22%3A%22546f2f13-c65e-4d94-9b10-56f671693b67%22%2C%22origin_duration%22%3Anull%2C%22origin_hash%22%3A%223cd73b943d5b65d1e3797bea15082e22842a4bf6%22%2C%22origin_height%22%3A867%2C%22origin_name%22%3A%22603fd8ef5163ec42718a4526.jpg%22%2C%22origin_size%22%3A172527%2C%22origin_width%22%3A1400%2C%22path%22%3A%22image-5%2F546f2f13-c65e-4d94-9b10-56f671693b67%2Findex.jpeg%22%2C%22prevent_prune%22%3A0%2C%22published%22%3A0%2C%22restrict_domains%22%3A%5B%22adevarul.ro%22%5D%2C%22status%22%3A%22ready%22%2C%22title%22%3A%22muzeul%20aurului%20brad%20foto%20lucian%20ignat%22%2C%22type%22%3A%22image%22%2C%22updated_at%22%3A%222022-06-22T17%3A25%3A31.000Z%22%2C%22url%22%3A%22https%3A%2F%2Fcdn.adh.reperio.news%2Fimage-5%2F546f2f13-c65e-4d94-9b10-56f671693b67%2Findex.jpeg%22%2C%22video_raw%22%3A0%2C%22video_thumbnail%22%3Anull%7D%2C%7B%22animated%22%3Anull%2C%22created_at%22%3A%222021-03-03T18%3A43%3A39.000Z%22%2C%22created_by%22%3A1%2C%22entity_type%22%3A%22media%22%2C%22extension%22%3A%22jpeg%22%2C%22id%22%3A%22a0315dcc-08fe-41d9-bc62-41a6c416cb7a%22%2C%22origin_duration%22%3Anull%2C%22origin_hash%22%3A%22a9ec1a45d10376a7d07d753439f0061ca3c33d23%22%2C%22origin_height%22%3A764%2C%22origin_name%22%3A%22603fd8db5163ec42718a44c6.jpg%22%2C%22origin_size%22%3A161988%2C%22origin_width%22%3A1400%2C%22path%22%3A%22image-a%2Fa0315dcc-08fe-41d9-bc62-41a6c416cb7a%2Findex.jpeg%22%2C%22prevent_prune%22%3A0%2C%22published%22%3A0%2C%22restrict_domains%22%3A%5B%22adevarul.ro%22%5D%2C%22status%22%3A%22ready%22%2C%22title%22%3A%22muzeul%20aurului%20brad%20foto%20lucian%20ignat%22%2C%22type%22%3A%22image%22%2C%22updated_at%22%3A%222022-06-23T02%3A20%3A00.000Z%22%2C%22url%22%3A%22https%3A%2F%2Fcdn.adh.reperio.news%2Fimage-a%2Fa0315dcc-08fe-41d9-bc62-41a6c416cb7a%2Findex.jpeg%22%2C%22video_raw%22%3A0%2C%22video_thumbnail%22%3Anull%7D%2C%7B%22animated%22%3Anull%2C%22created_at%22%3A%222021-03-03T18%3A42%3A21.000Z%22%2C%22created_by%22%3A1%2C%22entity_type%22%3A%22media%22%2C%22extension%22%3A%22jpeg%22%2C%22id%22%3A%22710a7419-b133-4170-b68d-7752807d2792%22%2C%22origin_duration%22%3Anull%2C%22origin_hash%22%3A%22c5ce990e0541e1c5a3087c981b64cd460e8ffdc4%22%2C%22origin_height%22%3A1091%2C%22origin_name%22%3A%22603fd88d5163ec42718a429d.jpg%22%2C%22origin_size%22%3A227850%2C%22origin_width%22%3A1400%2C%22path%22%3A%22image-7%2F710a7419-b133-4170-b68d-7752807d2792%2Findex.jpeg%22%2C%22prevent_prune%22%3A0%2C%22published%22%3A0%2C%22restrict_domains%22%3A%5B%22adevarul.ro%22%5D%2C%22status%22%3A%22ready%22%2C%22title%22%3A%22muzeul%20aurului%20brad%20foto%20lucian%20ignat%22%2C%22type%22%3A%22image%22%2C%22updated_at%22%3A%222022-06-22T20%3A27%3A09.000Z%22%2C%22url%22%3A%22https%3A%2F%2Fcdn.adh.reperio.news%2Fimage-7%2F710a7419-b133-4170-b68d-7752807d2792%2Findex.jpeg%22%2C%22video_raw%22%3A0%2C%22video_thumbnail%22%3Anull%7D%2C%7B%22animated%22%3Anull%2C%22created_at%22%3A%222021-03-03T18%3A42%3A21.000Z%22%2C%22created_by%22%3A1%2C%22entity_type%22%3A%22media%22%2C%22extension%22%3A%22jpeg%22%2C%22id%22%3A%22036dee2f-2302-4d42-958c-1c9d3f90f42c%22%2C%22origin_duration%22%3Anull%2C%22origin_hash%22%3A%225cb9d455cae07dcc61f4107ce1bf28f353a14580%22%2C%22origin_height%22%3A1316%2C%22origin_name%22%3A%22603fd88d5163ec42718a429b.jpg%22%2C%22origin_size%22%3A223342%2C%22origin_width%22%3A1400%2C%22path%22%3A%22image-0%2F036dee2f-2302-4d42-958c-1c9d3f90f42c%2Findex.jpeg%22%2C%22prevent_prune%22%3A0%2C%22published%22%3A0%2C%22restrict_domains%22%3A%5B%22adevarul.ro%22%5D%2C%22status%22%3A%22ready%22%2C%22title%22%3A%22muzeul%20aurului%20brad%20foto%20lucian%20ignat%22%2C%22type%22%3A%22image%22%2C%22updated_at%22%3A%222022-06-22T11%3A01%3A35.000Z%22%2C%22url%22%3A%22https%3A%2F%2Fcdn.adh.reperio.news%2Fimage-0%2F036dee2f-2302-4d42-958c-1c9d3f90f42c%2Findex.jpeg%22%2C%22video_raw%22%3A0%2C%22video_thumbnail%22%3Anull%7D%2C%7B%22animated%22%3Anull%2C%22created_at%22%3A%222021-03-03T18%3A42%3A21.000Z%22%2C%22created_by%22%3A1%2C%22entity_type%22%3A%22media%22%2C%22extension%22%3A%22jpeg%22%2C%22id%22%3A%22a60c3464-3a45-456a-a9ad-1dd04c3f37f7%22%2C%22origin_duration%22%3Anull%2C%22origin_hash%22%3A%2254a67722440a9465210abdf9be475137a0795d19%22%2C%22origin_height%22%3A763%2C%22origin_name%22%3A%22603fd88d5163ec42718a429c.jpg%22%2C%22origin_size%22%3A129106%2C%22origin_width%22%3A1400%2C%22path%22%3A%22image-a%2Fa60c3464-3a45-456a-a9ad-1dd04c3f37f7%2Findex.jpeg%22%2C%22prevent_prune%22%3A0%2C%22published%22%3A0%2C%22restrict_domains%22%3A%5B%22adevarul.ro%22%5D%2C%22status%22%3A%22ready%22%2C%22title%22%3A%22muzeul%20aurului%20brad%20foto%20lucian%20ignat%22%2C%22type%22%3A%22image%22%2C%22updated_at%22%3A%222022-06-23T03%3A08%3A54.000Z%22%2C%22url%22%3A%22https%3A%2F%2Fcdn.adh.reperio.news%2Fimage-a%2Fa60c3464-3a45-456a-a9ad-1dd04c3f37f7%2Findex.jpeg%22%2C%22video_raw%22%3A0%2C%22video_thumbnail%22%3Anull%7D%2C%7B%22animated%22%3Anull%2C%22created_at%22%3A%222021-03-03T18%3A41%3A32.000Z%22%2C%22created_by%22%3A1%2C%22entity_type%22%3A%22media%22%2C%22extension%22%3A%22jpeg%22%2C%22id%22%3A%2270f719e0-e2f2-4433-988b-425fe078512d%22%2C%22origin_duration%22%3Anull%2C%22origin_hash%22%3A%22ab253c42ed172b2811f52e8f8951b9340991bb3b%22%2C%22origin_height%22%3A865%2C%22origin_name%22%3A%22603fd85c5163ec42718a40dc.jpg%22%2C%22origin_size%22%3A153654%2C%22origin_width%22%3A1400%2C%22path%22%3A%22image-7%2F70f719e0-e2f2-4433-988b-425fe078512d%2Findex.jpeg%22%2C%22prevent_prune%22%3A0%2C%22published%22%3A0%2C%22restrict_domains%22%3A%5B%22adevarul.ro%22%5D%2C%22status%22%3A%22ready%22%2C%22title%22%3A%22muzeul%20aurului%20brad%20foto%20lucian%20ignat%22%2C%22type%22%3A%22image%22%2C%22updated_at%22%3A%222022-06-22T20%3A26%3A37.000Z%22%2C%22url%22%3A%22https%3A%2F%2Fcdn.adh.reperio.news%2Fimage-7%2F70f719e0-e2f2-4433-988b-425fe078512d%2Findex.jpeg%22%2C%22video_raw%22%3A0%2C%22video_thumbnail%22%3Anull%7D%2C%7B%22animated%22%3Anull%2C%22created_at%22%3A%222021-03-03T18%3A41%3A56.000Z%22%2C%22created_by%22%3A1%2C%22entity_type%22%3A%22media%22%2C%22extension%22%3A%22jpeg%22%2C%22id%22%3A%2235a54161-ca18-4cdd-9569-3fbdb14d39b1%22%2C%22origin_duration%22%3Anull%2C%22origin_hash%22%3A%22bb43e3416373f28df32cd91f998f6b8cd9a35094%22%2C%22origin_height%22%3A1318%2C%22origin_name%22%3A%22603fd8745163ec42718a4184.jpg%22%2C%22origin_size%22%3A228944%2C%22origin_width%22%3A1400%2C%22path%22%3A%22image-3%2F35a54161-ca18-4cdd-9569-3fbdb14d39b1%2Findex.jpeg%22%2C%22prevent_prune%22%3A0%2C%22published%22%3A0%2C%22restrict_domains%22%3A%5B%22adevarul.ro%22%5D%2C%22status%22%3A%22ready%22%2C%22title%22%3A%22muzeul%20aurului%20brad%20foto%20lucian%20ignat%22%2C%22type%22%3A%22image%22%2C%22updated_at%22%3A%222022-06-22T14%3A42%3A48.000Z%22%2C%22url%22%3A%22https%3A%2F%2Fcdn.adh.reperio.news%2Fimage-3%2F35a54161-ca18-4cdd-9569-3fbdb14d39b1%2Findex.jpeg%22%2C%22video_raw%22%3A0%2C%22video_thumbnail%22%3Anull%7D%2C%7B%22animated%22%3Anull%2C%22created_at%22%3A%222021-03-03T18%3A41%3A03.000Z%22%2C%22created_by%22%3A1%2C%22entity_type%22%3A%22media%22%2C%22extension%22%3A%22jpeg%22%2C%22id%22%3A%22098ff49a-09f1-4d9e-a330-6dd13def6f48%22%2C%22origin_duration%22%3Anull%2C%22origin_hash%22%3A%220bb540597d208de123df0cb3a5d47c3cb1cf2b29%22%2C%22origin_height%22%3A924%2C%22origin_name%22%3A%22603fd83f5163ec42718a404a.jpg%22%2C%22origin_size%22%3A177792%2C%22origin_width%22%3A1400%2C%22path%22%3A%22image-0%2F098ff49a-09f1-4d9e-a330-6dd13def6f48%2Findex.jpeg%22%2C%22prevent_prune%22%3A0%2C%22published%22%3A0%2C%22restrict_domains%22%3A%5B%22adevarul.ro%22%5D%2C%22status%22%3A%22ready%22%2C%22title%22%3A%22muzeul%20aurului%20brad%20foto%20lucian%20ignat%22%2C%22type%22%3A%22image%22%2C%22updated_at%22%3A%222022-06-22T11%3A22%3A51.000Z%22%2C%22url%22%3A%22https%3A%2F%2Fcdn.adh.reperio.news%2Fimage-0%2F098ff49a-09f1-4d9e-a330-6dd13def6f48%2Findex.jpeg%22%2C%22video_raw%22%3A0%2C%22video_thumbnail%22%3Anull%7D%2C%7B%22animated%22%3Anull%2C%22created_at%22%3A%222021-03-03T18%3A41%3A32.000Z%22%2C%22created_by%22%3A1%2C%22entity_type%22%3A%22media%22%2C%22extension%22%3A%22jpeg%22%2C%22id%22%3A%225d027b5d-2855-4f30-8077-a4621dc399b6%22%2C%22origin_duration%22%3Anull%2C%22origin_hash%22%3A%22440d082fee35c090404f0128b6aa9f95892ce3d8%22%2C%22origin_height%22%3A789%2C%22origin_name%22%3A%22603fd85c5163ec42718a40de.jpg%22%2C%22origin_size%22%3A122703%2C%22origin_width%22%3A1400%2C%22path%22%3A%22image-5%2F5d027b5d-2855-4f30-8077-a4621dc399b6%2Findex.jpeg%22%2C%22prevent_prune%22%3A0%2C%22published%22%3A0%2C%22restrict_domains%22%3A%5B%22adevarul.ro%22%5D%2C%22status%22%3A%22ready%22%2C%22title%22%3A%22muzeul%20aurului%20brad%20foto%20lucian%20ignat%22%2C%22type%22%3A%22image%22%2C%22updated_at%22%3A%222022-06-22T18%3A17%3A24.000Z%22%2C%22url%22%3A%22https%3A%2F%2Fcdn.adh.reperio.news%2Fimage-5%2F5d027b5d-2855-4f30-8077-a4621dc399b6%2Findex.jpeg%22%2C%22video_raw%22%3A0%2C%22video_thumbnail%22%3Anull%7D%2C%7B%22animated%22%3Anull%2C%22created_at%22%3A%222021-03-03T18%3A41%3A56.000Z%22%2C%22created_by%22%3A1%2C%22entity_type%22%3A%22media%22%2C%22extension%22%3A%22jpeg%22%2C%22id%22%3A%221f437ecd-87c8-4d86-9089-b382e4c2f064%22%2C%22origin_duration%22%3Anull%2C%22origin_hash%22%3A%22a3e74d959b2912bb24229502b0b3b723a7013357%22%2C%22origin_height%22%3A1068%2C%22origin_name%22%3A%22603fd8745163ec42718a4187.jpg%22%2C%22origin_size%22%3A139730%2C%22origin_width%22%3A1400%2C%22path%22%3A%22image-1%2F1f437ecd-87c8-4d86-9089-b382e4c2f064%2Findex.jpeg%22%2C%22prevent_prune%22%3A0%2C%22published%22%3A0%2C%22restrict_domains%22%3A%5B%22adevarul.ro%22%5D%2C%22status%22%3A%22ready%22%2C%22title%22%3A%22muzeul%20aurului%20brad%20foto%20lucian%20ignat%22%2C%22type%22%3A%22image%22%2C%22updated_at%22%3A%222022-06-22T12%3A42%3A29.000Z%22%2C%22url%22%3A%22https%3A%2F%2Fcdn.adh.reperio.news%2Fimage-1%2F1f437ecd-87c8-4d86-9089-b382e4c2f064%2Findex.jpeg%22%2C%22video_raw%22%3A0%2C%22video_thumbnail%22%3Anull%7D%2C%7B%22animated%22%3Anull%2C%22created_at%22%3A%222021-03-03T18%3A41%3A56.000Z%22%2C%22created_by%22%3A1%2C%22entity_type%22%3A%22media%22%2C%22extension%22%3A%22jpeg%22%2C%22id%22%3A%2290441d7c-fa3b-42dd-9aa1-18f68f97d821%22%2C%22origin_duration%22%3Anull%2C%22origin_hash%22%3A%22ed3eeb7d1e72ec02d59d205e1f324c8d3aa50edd%22%2C%22origin_height%22%3A989%2C%22origin_name%22%3A%22603fd8745163ec42718a4186.jpg%22%2C%22origin_size%22%3A142177%2C%22origin_width%22%3A1400%2C%22path%22%3A%22image-9%2F90441d7c-fa3b-42dd-9aa1-18f68f97d821%2Findex.jpeg%22%2C%22prevent_prune%22%3A0%2C%22published%22%3A0%2C%22restrict_domains%22%3A%5B%22adevarul.ro%22%5D%2C%22status%22%3A%22ready%22%2C%22title%22%3A%22muzeul%20aurului%20brad%20foto%20lucian%20ignat%22%2C%22type%22%3A%22image%22%2C%22updated_at%22%3A%222022-06-23T00%3A11%3A26.000Z%22%2C%22url%22%3A%22https%3A%2F%2Fcdn.adh.reperio.news%2Fimage-9%2F90441d7c-fa3b-42dd-9aa1-18f68f97d821%2Findex.jpeg%22%2C%22video_raw%22%3A0%2C%22video_thumbnail%22%3Anull%7D%5D%7D%2C%22id%22%3A%22eTdIWb4wU8%22%2C%22type%22%3A%22imageGallery%22%2C%22lines%22%3A10%2C%22linesAbove%22%3A60%2C%22index%22%3A7%2C%22paragraphsAbove%22%3A5%2C%22percentage%22%3A0.2608695652173913%2C%22linesBellow%22%3A170%7D\" data-context=\"%7B%22parentBlockColumnCount%22%3A%7B%22value%22%3A0%2C%22type%22%3A%22store%2Freadable%22%7D%2C%22parentBlockBackgroundColor%22%3A%7B%22type%22%3A%22store%2Freadable%22%7D%7D\" data-component=\"EditorImageGallery\">\n<picture loading=\"lazy\" width=\"1136\" height=\"758\" alt=\"1 brad muzeul aurului (10) JPG\"><source type=\"image\/webp\"  media=\"(min-width: 1136px)\"><source type=\"image\/webp\"  media=\"(min-width: 800px)\"><source type=\"image\/webp\"  media=\"(min-width: 500px)\"><source type=\"image\/jpeg\"  media=\"(min-width: 1136px)\"><source type=\"image\/jpeg\"  media=\"(min-width: 800px)\"><source type=\"image\/jpeg\"  media=\"(min-width: 500px)\"><img decoding=\"async\" src=\"https:\/\/cdn.adh.reperio.news\/image-f\/f90ed0b0-b253-4372-a3ca-15c724b24dfc\/index.jpeg?p=a%3D1%26co%3D1.05%26w%3D500%26h%3D350%26r%3Dcontain%26f%3Dwebp\" alt=\"1 brad muzeul aurului (10) JPG\" width=\"1136\" height=\"758\" loading=\"lazy\"><\/picture>\n<p><span>Imaginea 1\/23:<\/span><br \/>\n                1 brad muzeul aurului (10) JPG<\/p>\n<\/div>\n<p>Muzeul Aurului din Brad \u015fi-a \u00eembog\u0103\u0163it patrimoniul cu peste 1.000 de piese de aur nativ, \u00een forme \u015fi combina\u0163ii rare, care c\u00e2nt\u0103resc \u00eempreun\u0103 aproape cinci kilograme. Unele piese impresioneaz\u0103 prin forma lor primar\u0103, care le-a adus denumiri precum \u201epana lui Eminescu\u201d, \u201ebalerina\u201d, \u201eharta Rom\u00e2niei\u201d, \u201eferiga\u201d, \u201ec\u0103\u0163elu\u015ful\u201d, \u201er\u0103\u0163u\u015fca\u201d \u015fi \u201e\u015fop\u00e2rlele din aur\u201d, datorit\u0103 asem\u0103n\u0103rii cu obiectele la care fac referire.<\/p>\n<p>\u00cen muzeu este expus \u015fi un lingou de aur de peste un kilogram, care arat\u0103 bog\u0103\u0163ia \u0163inutului \u00een resurse minerale. Tot aici sunt prezentate unelte vechi care arat\u0103 cum era extras minereul \u00een urm\u0103 cu peste dou\u0103 milenii, metale rare precum silvanitul \u015fi nagyagytul, descoperite pentru prima dat\u0103 \u00een lume \u00een z\u0103c\u0103minte din Mun\u0163ii Apuseni, \u015fi peste 800 de exponate minerale aduse din toate col\u0163urile lumii.<\/p>\n<h2>Minele Bradului au dat muzeului aur nativ<\/h2>\n<p>Majoritatea pieselor provin din zona minelor Brad-Ruda, Musariu, Br\u0103di\u015for \u015fi Valea Morii, ele fiind prezentate publicului a\u015fa cum au fost g\u0103site de minerii care lucrau \u00een subteran. De aici provin mai multe foi\u0163e de aur nativ, aflate \u00een diverse combina\u0163ii cu cuar\u0163 sau cu hidroxid de fier, cu forme spectaculoase.<\/p>\n<p>Minele de aur din zona Bradului au o istorie de aproape dou\u0103 milenii. Cea mai bine p\u0103strat\u0103 galerie antic\u0103 de aici se nume\u015fte Treptele Romane (video) \u015fi \u015fi-a primit numele de la faptul c\u0103, la cap\u0103tul celor aproape 200 de metri ai s\u0103i, mai pot fi v\u0103zute sc\u0103ri d\u0103ltuite \u00een piatr\u0103, specifice minelor din vremea romanilor. De la cap\u0103tul treptelor, \u00een trecut, alte tuneluri miniere formau un labirint subteran uria\u015f \u015fi neregulat, s\u0103pat \u00een c\u0103utarea filoanelor de aur.<\/p>\n<p>\u00cen anii \u201980, \u00een minele din vecin\u0103tatea Bradului \u015fi Cri\u015fciorului lucrau peste 10.000 de oameni, iar re\u0163eaua de galerii miniere subterane a exploat\u0103rilor de la Barza se \u00eentindea pe mai mult de c\u00e2teva sute de kilometri \u015fi avea 11 intr\u0103ri la suprafa\u0163\u0103. P\u00e2n\u0103 la mijlocul anilor 2000, toate exploat\u0103rile miniere au fost \u00eenchise, \u00eens\u0103 noi resurse impresionante de aur \u0219i cupru au fost conturate \u00een zon\u0103, altele fiind cunoscute \u0219i sigilate \u00een subteran.<\/p>\n<p>De la minele B\u0103i\u0163ei au ajuns la muzeu foi\u0163e delicate de aur, combinate cu cuar\u0163. De la minele Hondol, S\u0103c\u0103r\u00e2mb \u015fi Certeju de Sus (comuna Certeju de Sus) sunt p\u0103strate \u00een muzeul din Brad mai multe exponate valoroase de aur lamelar cu cuar\u0163. A\u015fez\u0103rile din jurul S\u0103c\u0103r\u00e2mbului au o istorie de peste trei secole. Minele de la Ro\u015fia Montan\u0103, St\u0103nija, Bucium \u015fi din Mun\u0163ii Bihorului au oferit \u015fi ele exponate pre\u0163ioase muzeului unic \u00een lume. <\/p>\n<h2>Muzeul dedicat c\u0103rbunelui<\/h2>\n<p>Alte dou\u0103 muzee industriale din Hunedoara au fost redate publicului cu ajutorul investi\u021biilor finan\u021bate din fonduri europene.<\/p>\n<p>\u00cenfiin\u021bat \u00een 1967, Muzeul Mineritului din Petro\u0219ani red\u0103 istoria minelor de c\u0103rbune din Valea Jiului, regiunea carbonifer\u0103 cea mai intens exploatat\u0103 din Rom\u00e2nia secolului XX.<\/p>\n<div data-props=\"%7B%22data%22%3A%7B%22images%22%3A%5B%7B%22animated%22%3Anull%2C%22created_at%22%3A%222021-02-05T21%3A40%3A38.000Z%22%2C%22created_by%22%3A1%2C%22entity_type%22%3A%22media%22%2C%22extension%22%3A%22jpeg%22%2C%22id%22%3A%222bb0c5ae-a083-491a-9605-5e2b2dc6f0a6%22%2C%22origin_duration%22%3Anull%2C%22origin_hash%22%3A%22ea6dba9eebb5e648bb79f08ad68a17cb0c573655%22%2C%22origin_height%22%3A877%2C%22origin_name%22%3A%22601dbb565163ec4271ac6af4.jpg%22%2C%22origin_size%22%3A304519%2C%22origin_width%22%3A1400%2C%22path%22%3A%22image-2%2F2bb0c5ae-a083-491a-9605-5e2b2dc6f0a6%2Findex.jpeg%22%2C%22prevent_prune%22%3A0%2C%22published%22%3A0%2C%22restrict_domains%22%3A%5B%22adevarul.ro%22%5D%2C%22status%22%3A%22ready%22%2C%22title%22%3A%22muzeul%20mineritului%20foto%20adr%20vest%22%2C%22type%22%3A%22image%22%2C%22updated_at%22%3A%222022-06-22T13%3A36%3A54.000Z%22%2C%22url%22%3A%22https%3A%2F%2Fcdn.adh.reperio.news%2Fimage-2%2F2bb0c5ae-a083-491a-9605-5e2b2dc6f0a6%2Findex.jpeg%22%2C%22video_raw%22%3A0%2C%22video_thumbnail%22%3Anull%7D%2C%7B%22animated%22%3Anull%2C%22created_at%22%3A%222021-02-05T21%3A36%3A05.000Z%22%2C%22created_by%22%3A1%2C%22entity_type%22%3A%22media%22%2C%22extension%22%3A%22jpeg%22%2C%22id%22%3A%229091fb08-5964-4471-ac12-ea37690e57d3%22%2C%22origin_duration%22%3Anull%2C%22origin_hash%22%3A%22bab34233791de738c239394d2b2af635c7604a3e%22%2C%22origin_height%22%3A1051%2C%22origin_name%22%3A%22601dba455163ec4271ac5e99.jpg%22%2C%22origin_size%22%3A271984%2C%22origin_width%22%3A1400%2C%22path%22%3A%22image-9%2F9091fb08-5964-4471-ac12-ea37690e57d3%2Findex.jpeg%22%2C%22prevent_prune%22%3A0%2C%22published%22%3A0%2C%22restrict_domains%22%3A%5B%22adevarul.ro%22%5D%2C%22status%22%3A%22ready%22%2C%22title%22%3A%22muzeul%20mineritului%20petrosani%20foto%20adr%20vest%22%2C%22type%22%3A%22image%22%2C%22updated_at%22%3A%222022-06-23T00%3A13%3A29.000Z%22%2C%22url%22%3A%22https%3A%2F%2Fcdn.adh.reperio.news%2Fimage-9%2F9091fb08-5964-4471-ac12-ea37690e57d3%2Findex.jpeg%22%2C%22video_raw%22%3A0%2C%22video_thumbnail%22%3Anull%7D%2C%7B%22animated%22%3Anull%2C%22created_at%22%3A%222021-02-05T21%3A36%3A05.000Z%22%2C%22created_by%22%3A1%2C%22entity_type%22%3A%22media%22%2C%22extension%22%3A%22jpeg%22%2C%22id%22%3A%229dc7dc18-3e8d-4a34-a24a-0ef42b2dd348%22%2C%22origin_duration%22%3Anull%2C%22origin_hash%22%3A%22e6d011c9940ccd122dd40da80885d5fb7d9cf314%22%2C%22origin_height%22%3A1051%2C%22origin_name%22%3A%22601dba455163ec4271ac5e95.jpg%22%2C%22origin_size%22%3A350244%2C%22origin_width%22%3A1400%2C%22path%22%3A%22image-9%2F9dc7dc18-3e8d-4a34-a24a-0ef42b2dd348%2Findex.jpeg%22%2C%22prevent_prune%22%3A0%2C%22published%22%3A0%2C%22restrict_domains%22%3A%5B%22adevarul.ro%22%5D%2C%22status%22%3A%22ready%22%2C%22title%22%3A%22muzeul%20mineritului%20petrosani%20foto%20adr%20vest%22%2C%22type%22%3A%22image%22%2C%22updated_at%22%3A%222022-06-23T01%3A55%3A16.000Z%22%2C%22url%22%3A%22https%3A%2F%2Fcdn.adh.reperio.news%2Fimage-9%2F9dc7dc18-3e8d-4a34-a24a-0ef42b2dd348%2Findex.jpeg%22%2C%22video_raw%22%3A0%2C%22video_thumbnail%22%3Anull%7D%2C%7B%22animated%22%3Anull%2C%22created_at%22%3A%222021-02-05T21%3A36%3A05.000Z%22%2C%22created_by%22%3A1%2C%22entity_type%22%3A%22media%22%2C%22extension%22%3A%22jpeg%22%2C%22id%22%3A%224edc68f7-20f0-4b5f-a06a-1d46590da352%22%2C%22origin_duration%22%3Anull%2C%22origin_hash%22%3A%22fabb7fac30f566095b51da3ae8db6b24f4d62541%22%2C%22origin_height%22%3A1051%2C%22origin_name%22%3A%22601dba455163ec4271ac5e96.jpg%22%2C%22origin_size%22%3A309165%2C%22origin_width%22%3A1400%2C%22path%22%3A%22image-4%2F4edc68f7-20f0-4b5f-a06a-1d46590da352%2Findex.jpeg%22%2C%22prevent_prune%22%3A0%2C%22published%22%3A0%2C%22restrict_domains%22%3A%5B%22adevarul.ro%22%5D%2C%22status%22%3A%22ready%22%2C%22title%22%3A%22muzeul%20mineritului%20petrosani%20foto%20adr%20vest%22%2C%22type%22%3A%22image%22%2C%22updated_at%22%3A%222022-06-22T16%3A54%3A25.000Z%22%2C%22url%22%3A%22https%3A%2F%2Fcdn.adh.reperio.news%2Fimage-4%2F4edc68f7-20f0-4b5f-a06a-1d46590da352%2Findex.jpeg%22%2C%22video_raw%22%3A0%2C%22video_thumbnail%22%3Anull%7D%2C%7B%22animated%22%3Anull%2C%22created_at%22%3A%222021-02-05T21%3A35%3A29.000Z%22%2C%22created_by%22%3A1%2C%22entity_type%22%3A%22media%22%2C%22extension%22%3A%22jpeg%22%2C%22id%22%3A%22b775ed37-60b2-4f34-9498-9796be386a22%22%2C%22origin_duration%22%3Anull%2C%22origin_hash%22%3A%22e49169be75e21e4da20b48a44b5239685c44cc57%22%2C%22origin_height%22%3A1051%2C%22origin_name%22%3A%22601dba215163ec4271ac5d7a.jpg%22%2C%22origin_size%22%3A227005%2C%22origin_width%22%3A1400%2C%22path%22%3A%22image-b%2Fb775ed37-60b2-4f34-9498-9796be386a22%2Findex.jpeg%22%2C%22prevent_prune%22%3A0%2C%22published%22%3A0%2C%22restrict_domains%22%3A%5B%22adevarul.ro%22%5D%2C%22status%22%3A%22ready%22%2C%22title%22%3A%22muzeul%20mineritului%20petrosani%20foto%20adr%20vest%22%2C%22type%22%3A%22image%22%2C%22updated_at%22%3A%222022-06-23T05%3A41%3A02.000Z%22%2C%22url%22%3A%22https%3A%2F%2Fcdn.adh.reperio.news%2Fimage-b%2Fb775ed37-60b2-4f34-9498-9796be386a22%2Findex.jpeg%22%2C%22video_raw%22%3A0%2C%22video_thumbnail%22%3Anull%7D%2C%7B%22animated%22%3Anull%2C%22created_at%22%3A%222021-02-05T21%3A35%3A29.000Z%22%2C%22created_by%22%3A1%2C%22entity_type%22%3A%22media%22%2C%22extension%22%3A%22jpeg%22%2C%22id%22%3A%22512e277b-bdb5-43d0-8262-f24737a8779a%22%2C%22origin_duration%22%3Anull%2C%22origin_hash%22%3A%220cf5b158253b815a2ed7a78460df4118d8af99d3%22%2C%22origin_height%22%3A1865%2C%22origin_name%22%3A%22601dba215163ec4271ac5d7b.jpg%22%2C%22origin_size%22%3A409829%2C%22origin_width%22%3A1400%2C%22path%22%3A%22image-5%2F512e277b-bdb5-43d0-8262-f24737a8779a%2Findex.jpeg%22%2C%22prevent_prune%22%3A0%2C%22published%22%3A0%2C%22restrict_domains%22%3A%5B%22adevarul.ro%22%5D%2C%22status%22%3A%22ready%22%2C%22title%22%3A%22muzeul%20mineritului%20petrosani%20foto%20adr%20vest%22%2C%22type%22%3A%22image%22%2C%22updated_at%22%3A%222022-06-22T17%3A07%3A09.000Z%22%2C%22url%22%3A%22https%3A%2F%2Fcdn.adh.reperio.news%2Fimage-5%2F512e277b-bdb5-43d0-8262-f24737a8779a%2Findex.jpeg%22%2C%22video_raw%22%3A0%2C%22video_thumbnail%22%3Anull%7D%2C%7B%22animated%22%3Anull%2C%22created_at%22%3A%222021-02-05T21%3A35%3A47.000Z%22%2C%22created_by%22%3A1%2C%22entity_type%22%3A%22media%22%2C%22extension%22%3A%22jpeg%22%2C%22id%22%3A%22c05313ac-ce1c-4aec-9a37-4e68a89c5cd3%22%2C%22origin_duration%22%3Anull%2C%22origin_hash%22%3A%225d2780f9b10ecdfac34bba21b540b8c4d7885e61%22%2C%22origin_height%22%3A1051%2C%22origin_name%22%3A%22601dba335163ec4271ac5dd2.jpg%22%2C%22origin_size%22%3A299816%2C%22origin_width%22%3A1400%2C%22path%22%3A%22image-c%2Fc05313ac-ce1c-4aec-9a37-4e68a89c5cd3%2Findex.jpeg%22%2C%22prevent_prune%22%3A0%2C%22published%22%3A0%2C%22restrict_domains%22%3A%5B%22adevarul.ro%22%5D%2C%22status%22%3A%22ready%22%2C%22title%22%3A%22muzeul%20mineritului%20petrosani%20foto%20adr%20vest%22%2C%22type%22%3A%22image%22%2C%22updated_at%22%3A%222022-06-23T07%3A01%3A10.000Z%22%2C%22url%22%3A%22https%3A%2F%2Fcdn.adh.reperio.news%2Fimage-c%2Fc05313ac-ce1c-4aec-9a37-4e68a89c5cd3%2Findex.jpeg%22%2C%22video_raw%22%3A0%2C%22video_thumbnail%22%3Anull%7D%2C%7B%22animated%22%3Anull%2C%22created_at%22%3A%222021-02-05T21%3A35%3A47.000Z%22%2C%22created_by%22%3A1%2C%22entity_type%22%3A%22media%22%2C%22extension%22%3A%22jpeg%22%2C%22id%22%3A%2251cbb5f7-ace5-4c5f-8d39-c0fdc2fe87c5%22%2C%22origin_duration%22%3Anull%2C%22origin_hash%22%3A%222ec2fa1aadea6dd388d642b53a2db0b8ecbcb83b%22%2C%22origin_height%22%3A1051%2C%22origin_name%22%3A%22601dba335163ec4271ac5dd1.jpg%22%2C%22origin_size%22%3A295742%2C%22origin_width%22%3A1400%2C%22path%22%3A%22image-5%2F51cbb5f7-ace5-4c5f-8d39-c0fdc2fe87c5%2Findex.jpeg%22%2C%22prevent_prune%22%3A0%2C%22published%22%3A0%2C%22restrict_domains%22%3A%5B%22adevarul.ro%22%5D%2C%22status%22%3A%22ready%22%2C%22title%22%3A%22muzeul%20mineritului%20petrosani%20foto%20adr%20vest%22%2C%22type%22%3A%22image%22%2C%22updated_at%22%3A%222022-06-22T17%3A10%3A51.000Z%22%2C%22url%22%3A%22https%3A%2F%2Fcdn.adh.reperio.news%2Fimage-5%2F51cbb5f7-ace5-4c5f-8d39-c0fdc2fe87c5%2Findex.jpeg%22%2C%22video_raw%22%3A0%2C%22video_thumbnail%22%3Anull%7D%2C%7B%22animated%22%3Anull%2C%22created_at%22%3A%222021-02-05T21%3A35%3A48.000Z%22%2C%22created_by%22%3A1%2C%22entity_type%22%3A%22media%22%2C%22extension%22%3A%22jpeg%22%2C%22id%22%3A%22d25f6596-527e-4303-989e-6ab5055d697f%22%2C%22origin_duration%22%3Anull%2C%22origin_hash%22%3A%2290199946f9cf2afb24761f50ead26b1d9caa0042%22%2C%22origin_height%22%3A1051%2C%22origin_name%22%3A%22601dba345163ec4271ac5dd3.jpg%22%2C%22origin_size%22%3A274641%2C%22origin_width%22%3A1400%2C%22path%22%3A%22image-d%2Fd25f6596-527e-4303-989e-6ab5055d697f%2Findex.jpeg%22%2C%22prevent_prune%22%3A0%2C%22published%22%3A0%2C%22restrict_domains%22%3A%5B%22adevarul.ro%22%5D%2C%22status%22%3A%22ready%22%2C%22title%22%3A%22muzeul%20mineritului%20petrosani%20foto%20adr%20vest%22%2C%22type%22%3A%22image%22%2C%22updated_at%22%3A%222022-06-23T09%3A55%3A10.000Z%22%2C%22url%22%3A%22https%3A%2F%2Fcdn.adh.reperio.news%2Fimage-d%2Fd25f6596-527e-4303-989e-6ab5055d697f%2Findex.jpeg%22%2C%22video_raw%22%3A0%2C%22video_thumbnail%22%3Anull%7D%2C%7B%22animated%22%3Anull%2C%22created_at%22%3A%222021-02-05T21%3A35%3A29.000Z%22%2C%22created_by%22%3A1%2C%22entity_type%22%3A%22media%22%2C%22extension%22%3A%22jpeg%22%2C%22id%22%3A%226a52a2e2-c6dc-46d2-b12b-dcdc1ee2a0ae%22%2C%22origin_duration%22%3Anull%2C%22origin_hash%22%3A%22272d5e2b095d6c16932ba54a07d53a16982d8cce%22%2C%22origin_height%22%3A1051%2C%22origin_name%22%3A%22601dba215163ec4271ac5d7c.jpg%22%2C%22origin_size%22%3A329627%2C%22origin_width%22%3A1400%2C%22path%22%3A%22image-6%2F6a52a2e2-c6dc-46d2-b12b-dcdc1ee2a0ae%2Findex.jpeg%22%2C%22prevent_prune%22%3A0%2C%22published%22%3A0%2C%22restrict_domains%22%3A%5B%22adevarul.ro%22%5D%2C%22status%22%3A%22ready%22%2C%22title%22%3A%22muzeul%20mineritului%20petrosani%20foto%20adr%20vest%22%2C%22type%22%3A%22image%22%2C%22updated_at%22%3A%222022-06-22T19%3A42%3A31.000Z%22%2C%22url%22%3A%22https%3A%2F%2Fcdn.adh.reperio.news%2Fimage-6%2F6a52a2e2-c6dc-46d2-b12b-dcdc1ee2a0ae%2Findex.jpeg%22%2C%22video_raw%22%3A0%2C%22video_thumbnail%22%3Anull%7D%2C%7B%22animated%22%3Anull%2C%22created_at%22%3A%222021-02-05T21%3A35%3A08.000Z%22%2C%22created_by%22%3A1%2C%22entity_type%22%3A%22media%22%2C%22extension%22%3A%22jpeg%22%2C%22id%22%3A%22a79ea23b-a029-415f-8a36-667cab121c80%22%2C%22origin_duration%22%3Anull%2C%22origin_hash%22%3A%2265f8a72b602deeeb4a5562c43ffc41e12f988258%22%2C%22origin_height%22%3A1051%2C%22origin_name%22%3A%22601dba0c5163ec4271ac5d05.jpg%22%2C%22origin_size%22%3A275993%2C%22origin_width%22%3A1400%2C%22path%22%3A%22image-a%2Fa79ea23b-a029-415f-8a36-667cab121c80%2Findex.jpeg%22%2C%22prevent_prune%22%3A0%2C%22published%22%3A0%2C%22restrict_domains%22%3A%5B%22adevarul.ro%22%5D%2C%22status%22%3A%22ready%22%2C%22title%22%3A%22muzeul%20mineritului%20petrosani%20foto%20adr%20vest%22%2C%22type%22%3A%22image%22%2C%22updated_at%22%3A%222022-06-23T03%3A22%3A10.000Z%22%2C%22url%22%3A%22https%3A%2F%2Fcdn.adh.reperio.news%2Fimage-a%2Fa79ea23b-a029-415f-8a36-667cab121c80%2Findex.jpeg%22%2C%22video_raw%22%3A0%2C%22video_thumbnail%22%3Anull%7D%2C%7B%22animated%22%3Anull%2C%22created_at%22%3A%222021-02-05T21%3A35%3A08.000Z%22%2C%22created_by%22%3A1%2C%22entity_type%22%3A%22media%22%2C%22extension%22%3A%22jpeg%22%2C%22id%22%3A%223de1cb79-1849-4860-b237-e994a9974990%22%2C%22origin_duration%22%3Anull%2C%22origin_hash%22%3A%229a0f928fa08e39012cbe78f997e2c6f6c49fa6e7%22%2C%22origin_height%22%3A1051%2C%22origin_name%22%3A%22601dba0c5163ec4271ac5d06.jpg%22%2C%22origin_size%22%3A283076%2C%22origin_width%22%3A1400%2C%22path%22%3A%22image-3%2F3de1cb79-1849-4860-b237-e994a9974990%2Findex.jpeg%22%2C%22prevent_prune%22%3A0%2C%22published%22%3A0%2C%22restrict_domains%22%3A%5B%22adevarul.ro%22%5D%2C%22status%22%3A%22ready%22%2C%22title%22%3A%22muzeul%20mineritului%20petrosani%20foto%20adr%20vest%22%2C%22type%22%3A%22image%22%2C%22updated_at%22%3A%222022-06-22T15%3A23%3A32.000Z%22%2C%22url%22%3A%22https%3A%2F%2Fcdn.adh.reperio.news%2Fimage-3%2F3de1cb79-1849-4860-b237-e994a9974990%2Findex.jpeg%22%2C%22video_raw%22%3A0%2C%22video_thumbnail%22%3Anull%7D%2C%7B%22animated%22%3Anull%2C%22created_at%22%3A%222021-02-05T21%3A35%3A08.000Z%22%2C%22created_by%22%3A1%2C%22entity_type%22%3A%22media%22%2C%22extension%22%3A%22jpeg%22%2C%22id%22%3A%22e73c8dcc-3551-4417-ad12-4cdfbe64b0f7%22%2C%22origin_duration%22%3Anull%2C%22origin_hash%22%3A%228f4b2349213674730396076a250baeb897478f8e%22%2C%22origin_height%22%3A1865%2C%22origin_name%22%3A%22601dba0c5163ec4271ac5d07.jpg%22%2C%22origin_size%22%3A546780%2C%22origin_width%22%3A1400%2C%22path%22%3A%22image-e%2Fe73c8dcc-3551-4417-ad12-4cdfbe64b0f7%2Findex.jpeg%22%2C%22prevent_prune%22%3A0%2C%22published%22%3A0%2C%22restrict_domains%22%3A%5B%22adevarul.ro%22%5D%2C%22status%22%3A%22ready%22%2C%22title%22%3A%22muzeul%20mineritului%20petrosani%20foto%20adr%20vest%22%2C%22type%22%3A%22image%22%2C%22updated_at%22%3A%222022-06-23T11%3A47%3A28.000Z%22%2C%22url%22%3A%22https%3A%2F%2Fcdn.adh.reperio.news%2Fimage-e%2Fe73c8dcc-3551-4417-ad12-4cdfbe64b0f7%2Findex.jpeg%22%2C%22video_raw%22%3A0%2C%22video_thumbnail%22%3Anull%7D%2C%7B%22animated%22%3Anull%2C%22created_at%22%3A%222021-02-05T21%3A34%3A48.000Z%22%2C%22created_by%22%3A1%2C%22entity_type%22%3A%22media%22%2C%22extension%22%3A%22jpeg%22%2C%22id%22%3A%22f74df79b-b740-4f87-8563-233b5536fc92%22%2C%22origin_duration%22%3Anull%2C%22origin_hash%22%3A%22b121cc6615c0fe6bbdb52b342cde13998b246d5f%22%2C%22origin_height%22%3A1051%2C%22origin_name%22%3A%22601db9f85163ec4271ac5c7b.jpg%22%2C%22origin_size%22%3A178491%2C%22origin_width%22%3A1400%2C%22path%22%3A%22image-f%2Ff74df79b-b740-4f87-8563-233b5536fc92%2Findex.jpeg%22%2C%22prevent_prune%22%3A0%2C%22published%22%3A0%2C%22restrict_domains%22%3A%5B%22adevarul.ro%22%5D%2C%22status%22%3A%22ready%22%2C%22title%22%3A%22muzeul%20mineritului%20petrosani%20foto%20adr%20vest%22%2C%22type%22%3A%22image%22%2C%22updated_at%22%3A%222022-06-23T13%3A22%3A00.000Z%22%2C%22url%22%3A%22https%3A%2F%2Fcdn.adh.reperio.news%2Fimage-f%2Ff74df79b-b740-4f87-8563-233b5536fc92%2Findex.jpeg%22%2C%22video_raw%22%3A0%2C%22video_thumbnail%22%3Anull%7D%2C%7B%22animated%22%3Anull%2C%22created_at%22%3A%222021-02-05T21%3A34%3A30.000Z%22%2C%22created_by%22%3A1%2C%22entity_type%22%3A%22media%22%2C%22extension%22%3A%22jpeg%22%2C%22id%22%3A%2226187958-2542-4072-b02b-ff5fa12d45fc%22%2C%22origin_duration%22%3Anull%2C%22origin_hash%22%3A%22356f992d355f07f41f0b82e6875952d6e6253c4f%22%2C%22origin_height%22%3A1051%2C%22origin_name%22%3A%22601db9e65163ec4271ac5c28.jpg%22%2C%22origin_size%22%3A226511%2C%22origin_width%22%3A1400%2C%22path%22%3A%22image-2%2F26187958-2542-4072-b02b-ff5fa12d45fc%2Findex.jpeg%22%2C%22prevent_prune%22%3A0%2C%22published%22%3A0%2C%22restrict_domains%22%3A%5B%22adevarul.ro%22%5D%2C%22status%22%3A%22ready%22%2C%22title%22%3A%22muzeul%20mineritului%20petrosani%20foto%20adr%20vest%22%2C%22type%22%3A%22image%22%2C%22updated_at%22%3A%222022-06-22T13%3A11%3A38.000Z%22%2C%22url%22%3A%22https%3A%2F%2Fcdn.adh.reperio.news%2Fimage-2%2F26187958-2542-4072-b02b-ff5fa12d45fc%2Findex.jpeg%22%2C%22video_raw%22%3A0%2C%22video_thumbnail%22%3Anull%7D%2C%7B%22animated%22%3Anull%2C%22created_at%22%3A%222021-02-05T21%3A34%3A30.000Z%22%2C%22created_by%22%3A1%2C%22entity_type%22%3A%22media%22%2C%22extension%22%3A%22jpeg%22%2C%22id%22%3A%22c42db673-44d1-4bec-96e4-be009b746a9d%22%2C%22origin_duration%22%3Anull%2C%22origin_hash%22%3A%22542ef2d234f4b86048d8bdcd9bd1d3ffcc75b50a%22%2C%22origin_height%22%3A1865%2C%22origin_name%22%3A%22601db9e65163ec4271ac5c29.jpg%22%2C%22origin_size%22%3A307916%2C%22origin_width%22%3A1400%2C%22path%22%3A%22image-c%2Fc42db673-44d1-4bec-96e4-be009b746a9d%2Findex.jpeg%22%2C%22prevent_prune%22%3A0%2C%22published%22%3A0%2C%22restrict_domains%22%3A%5B%22adevarul.ro%22%5D%2C%22status%22%3A%22ready%22%2C%22title%22%3A%22muzeul%20mineritului%20petrosani%20foto%20adr%20vest%22%2C%22type%22%3A%22image%22%2C%22updated_at%22%3A%222022-06-23T07%3A37%3A09.000Z%22%2C%22url%22%3A%22https%3A%2F%2Fcdn.adh.reperio.news%2Fimage-c%2Fc42db673-44d1-4bec-96e4-be009b746a9d%2Findex.jpeg%22%2C%22video_raw%22%3A0%2C%22video_thumbnail%22%3Anull%7D%2C%7B%22animated%22%3Anull%2C%22created_at%22%3A%222021-02-05T21%3A34%3A30.000Z%22%2C%22created_by%22%3A1%2C%22entity_type%22%3A%22media%22%2C%22extension%22%3A%22jpeg%22%2C%22id%22%3A%22f6570568-8279-40a0-835c-57d458cfe1c3%22%2C%22origin_duration%22%3Anull%2C%22origin_hash%22%3A%2223a60424cc3ea8d223b4e374f30a241237999376%22%2C%22origin_height%22%3A1051%2C%22origin_name%22%3A%22601db9e65163ec4271ac5c2a.jpg%22%2C%22origin_size%22%3A221458%2C%22origin_width%22%3A1400%2C%22path%22%3A%22image-f%2Ff6570568-8279-40a0-835c-57d458cfe1c3%2Findex.jpeg%22%2C%22prevent_prune%22%3A0%2C%22published%22%3A0%2C%22restrict_domains%22%3A%5B%22adevarul.ro%22%5D%2C%22status%22%3A%22ready%22%2C%22title%22%3A%22muzeul%20mineritului%20petrosani%20foto%20adr%20vest%22%2C%22type%22%3A%22image%22%2C%22updated_at%22%3A%222022-06-23T13%3A16%3A01.000Z%22%2C%22url%22%3A%22https%3A%2F%2Fcdn.adh.reperio.news%2Fimage-f%2Ff6570568-8279-40a0-835c-57d458cfe1c3%2Findex.jpeg%22%2C%22video_raw%22%3A0%2C%22video_thumbnail%22%3Anull%7D%2C%7B%22animated%22%3Anull%2C%22created_at%22%3A%222021-02-05T21%3A34%3A48.000Z%22%2C%22created_by%22%3A1%2C%22entity_type%22%3A%22media%22%2C%22extension%22%3A%22jpeg%22%2C%22id%22%3A%2217b70d0c-e1c7-4afc-b6a7-1ebe226ca15a%22%2C%22origin_duration%22%3Anull%2C%22origin_hash%22%3A%226ec5703f44a180df41561fb1fd4ef34a8d9b056c%22%2C%22origin_height%22%3A1051%2C%22origin_name%22%3A%22601db9f85163ec4271ac5c7a.jpg%22%2C%22origin_size%22%3A196565%2C%22origin_width%22%3A1400%2C%22path%22%3A%22image-1%2F17b70d0c-e1c7-4afc-b6a7-1ebe226ca15a%2Findex.jpeg%22%2C%22prevent_prune%22%3A0%2C%22published%22%3A0%2C%22restrict_domains%22%3A%5B%22adevarul.ro%22%5D%2C%22status%22%3A%22ready%22%2C%22title%22%3A%22muzeul%20mineritului%20petrosani%20foto%20adr%20vest%22%2C%22type%22%3A%22image%22%2C%22updated_at%22%3A%222022-06-22T12%3A12%3A48.000Z%22%2C%22url%22%3A%22https%3A%2F%2Fcdn.adh.reperio.news%2Fimage-1%2F17b70d0c-e1c7-4afc-b6a7-1ebe226ca15a%2Findex.jpeg%22%2C%22video_raw%22%3A0%2C%22video_thumbnail%22%3Anull%7D%2C%7B%22animated%22%3Anull%2C%22created_at%22%3A%222021-02-05T21%3A34%3A48.000Z%22%2C%22created_by%22%3A1%2C%22entity_type%22%3A%22media%22%2C%22extension%22%3A%22jpeg%22%2C%22id%22%3A%220a4e731a-3748-4d58-9ed9-ca6cd03cb12b%22%2C%22origin_duration%22%3Anull%2C%22origin_hash%22%3A%227243acfb65a235e7faca2bc2eeb0e9d0f61041ed%22%2C%22origin_height%22%3A1051%2C%22origin_name%22%3A%22601db9f85163ec4271ac5c7c.jpg%22%2C%22origin_size%22%3A246948%2C%22origin_width%22%3A1400%2C%22path%22%3A%22image-0%2F0a4e731a-3748-4d58-9ed9-ca6cd03cb12b%2Findex.jpeg%22%2C%22prevent_prune%22%3A0%2C%22published%22%3A0%2C%22restrict_domains%22%3A%5B%22adevarul.ro%22%5D%2C%22status%22%3A%22ready%22%2C%22title%22%3A%22muzeul%20mineritului%20petrosani%20foto%20adr%20vest%22%2C%22type%22%3A%22image%22%2C%22updated_at%22%3A%222022-06-22T11%3A25%3A30.000Z%22%2C%22url%22%3A%22https%3A%2F%2Fcdn.adh.reperio.news%2Fimage-0%2F0a4e731a-3748-4d58-9ed9-ca6cd03cb12b%2Findex.jpeg%22%2C%22video_raw%22%3A0%2C%22video_thumbnail%22%3Anull%7D%2C%7B%22animated%22%3Anull%2C%22created_at%22%3A%222021-02-05T21%3A33%3A57.000Z%22%2C%22created_by%22%3A1%2C%22entity_type%22%3A%22media%22%2C%22extension%22%3A%22jpeg%22%2C%22id%22%3A%22ea40c8ce-dbd3-4a0a-a11d-1d2785226f5c%22%2C%22origin_duration%22%3Anull%2C%22origin_hash%22%3A%22f3315d5f1e0de125052a6139cb392d1b03d2d0ae%22%2C%22origin_height%22%3A1051%2C%22origin_name%22%3A%22601db9c55163ec4271ac5ac2.jpg%22%2C%22origin_size%22%3A158820%2C%22origin_width%22%3A1400%2C%22path%22%3A%22image-e%2Fea40c8ce-dbd3-4a0a-a11d-1d2785226f5c%2Findex.jpeg%22%2C%22prevent_prune%22%3A0%2C%22published%22%3A0%2C%22restrict_domains%22%3A%5B%22adevarul.ro%22%5D%2C%22status%22%3A%22ready%22%2C%22title%22%3A%22muzeul%20mineritului%20petrosani%20foto%20adr%20vest%22%2C%22type%22%3A%22image%22%2C%22updated_at%22%3A%222022-06-23T12%3A04%3A48.000Z%22%2C%22url%22%3A%22https%3A%2F%2Fcdn.adh.reperio.news%2Fimage-e%2Fea40c8ce-dbd3-4a0a-a11d-1d2785226f5c%2Findex.jpeg%22%2C%22video_raw%22%3A0%2C%22video_thumbnail%22%3Anull%7D%2C%7B%22animated%22%3Anull%2C%22created_at%22%3A%222021-02-05T21%3A33%3A57.000Z%22%2C%22created_by%22%3A1%2C%22entity_type%22%3A%22media%22%2C%22extension%22%3A%22jpeg%22%2C%22id%22%3A%22ad0480ae-869f-42e6-ad47-058c51ca6400%22%2C%22origin_duration%22%3Anull%2C%22origin_hash%22%3A%22642abd8a59d81c7dc6cf0a29af53679cce21de4e%22%2C%22origin_height%22%3A1865%2C%22origin_name%22%3A%22601db9c55163ec4271ac5ac4.jpg%22%2C%22origin_size%22%3A349478%2C%22origin_width%22%3A1400%2C%22path%22%3A%22image-a%2Fad0480ae-869f-42e6-ad47-058c51ca6400%2Findex.jpeg%22%2C%22prevent_prune%22%3A0%2C%22published%22%3A0%2C%22restrict_domains%22%3A%5B%22adevarul.ro%22%5D%2C%22status%22%3A%22ready%22%2C%22title%22%3A%22muzeul%20mineritului%20petrosani%20foto%20adr%20vest%22%2C%22type%22%3A%22image%22%2C%22updated_at%22%3A%222022-06-23T04%3A08%3A17.000Z%22%2C%22url%22%3A%22https%3A%2F%2Fcdn.adh.reperio.news%2Fimage-a%2Fad0480ae-869f-42e6-ad47-058c51ca6400%2Findex.jpeg%22%2C%22video_raw%22%3A0%2C%22video_thumbnail%22%3Anull%7D%2C%7B%22animated%22%3Anull%2C%22created_at%22%3A%222021-02-05T21%3A33%3A57.000Z%22%2C%22created_by%22%3A1%2C%22entity_type%22%3A%22media%22%2C%22extension%22%3A%22jpeg%22%2C%22id%22%3A%224b1766f9-7711-44a4-8bb8-03d76a511359%22%2C%22origin_duration%22%3Anull%2C%22origin_hash%22%3A%22781045f827c2d910642e70bcb940096fd7fc6a8f%22%2C%22origin_height%22%3A1051%2C%22origin_name%22%3A%22601db9c55163ec4271ac5ac3.jpg%22%2C%22origin_size%22%3A223733%2C%22origin_width%22%3A1400%2C%22path%22%3A%22image-4%2F4b1766f9-7711-44a4-8bb8-03d76a511359%2Findex.jpeg%22%2C%22prevent_prune%22%3A0%2C%22published%22%3A0%2C%22restrict_domains%22%3A%5B%22adevarul.ro%22%5D%2C%22status%22%3A%22ready%22%2C%22title%22%3A%22muzeul%20mineritului%20petrosani%20foto%20adr%20vest%22%2C%22type%22%3A%22image%22%2C%22updated_at%22%3A%222022-06-22T16%3A34%3A12.000Z%22%2C%22url%22%3A%22https%3A%2F%2Fcdn.adh.reperio.news%2Fimage-4%2F4b1766f9-7711-44a4-8bb8-03d76a511359%2Findex.jpeg%22%2C%22video_raw%22%3A0%2C%22video_thumbnail%22%3Anull%7D%2C%7B%22animated%22%3Anull%2C%22created_at%22%3A%222021-05-28T11%3A15%3A11.000Z%22%2C%22created_by%22%3A1%2C%22entity_type%22%3A%22media%22%2C%22extension%22%3A%22jpeg%22%2C%22id%22%3A%22c68e925d-65a5-4125-baf6-9f496d1c64c2%22%2C%22origin_duration%22%3Anull%2C%22origin_hash%22%3A%2279d20e2a76a47803893f2b831dabcd7ef7120966%22%2C%22origin_height%22%3A631%2C%22origin_name%22%3A%2260b0d0bf5163ec427183cd26.jpg%22%2C%22origin_size%22%3A165475%2C%22origin_width%22%3A1400%2C%22path%22%3A%22image-c%2Fc68e925d-65a5-4125-baf6-9f496d1c64c2%2Findex.jpeg%22%2C%22prevent_prune%22%3A0%2C%22published%22%3A0%2C%22restrict_domains%22%3A%5B%22adevarul.ro%22%5D%2C%22status%22%3A%22ready%22%2C%22title%22%3A%22muzeul%20mineritului%20petrosani%20foto%20primaria%20patrosani%22%2C%22type%22%3A%22image%22%2C%22updated_at%22%3A%222022-06-23T07%3A59%3A35.000Z%22%2C%22url%22%3A%22https%3A%2F%2Fcdn.adh.reperio.news%2Fimage-c%2Fc68e925d-65a5-4125-baf6-9f496d1c64c2%2Findex.jpeg%22%2C%22video_raw%22%3A0%2C%22video_thumbnail%22%3Anull%7D%2C%7B%22animated%22%3Anull%2C%22created_at%22%3A%222021-05-28T11%3A14%3A53.000Z%22%2C%22created_by%22%3A1%2C%22entity_type%22%3A%22media%22%2C%22extension%22%3A%22jpeg%22%2C%22id%22%3A%22f78d3883-bed1-49ce-8bcb-f5232e2fb2b3%22%2C%22origin_duration%22%3Anull%2C%22origin_hash%22%3A%22e189cd8ca682300c95553b30801fb4ab61de3c91%22%2C%22origin_height%22%3A631%2C%22origin_name%22%3A%2260b0d0ae5163ec427183cb72.jpg%22%2C%22origin_size%22%3A104955%2C%22origin_width%22%3A1400%2C%22path%22%3A%22image-f%2Ff78d3883-bed1-49ce-8bcb-f5232e2fb2b3%2Findex.jpeg%22%2C%22prevent_prune%22%3A0%2C%22published%22%3A0%2C%22restrict_domains%22%3A%5B%22adevarul.ro%22%5D%2C%22status%22%3A%22ready%22%2C%22title%22%3A%22muzeul%20mineritului%20petrosani%20foto%20primaria%20patrosani%22%2C%22type%22%3A%22image%22%2C%22updated_at%22%3A%222022-06-23T13%3A23%3A16.000Z%22%2C%22url%22%3A%22https%3A%2F%2Fcdn.adh.reperio.news%2Fimage-f%2Ff78d3883-bed1-49ce-8bcb-f5232e2fb2b3%2Findex.jpeg%22%2C%22video_raw%22%3A0%2C%22video_thumbnail%22%3Anull%7D%2C%7B%22animated%22%3Anull%2C%22created_at%22%3A%222021-05-28T11%3A15%3A11.000Z%22%2C%22created_by%22%3A1%2C%22entity_type%22%3A%22media%22%2C%22extension%22%3A%22jpeg%22%2C%22id%22%3A%220baf7c1d-a1a8-4a55-8cd5-6ad58fc6c4b1%22%2C%22origin_duration%22%3Anull%2C%22origin_hash%22%3A%22d5ea74a206bbc8f2d3de823289eb969ed8f0ad96%22%2C%22origin_height%22%3A1050%2C%22origin_name%22%3A%2260b0d0bf5163ec427183cd25.jpg%22%2C%22origin_size%22%3A143944%2C%22origin_width%22%3A1400%2C%22path%22%3A%22image-0%2F0baf7c1d-a1a8-4a55-8cd5-6ad58fc6c4b1%2Findex.jpeg%22%2C%22prevent_prune%22%3A0%2C%22published%22%3A0%2C%22restrict_domains%22%3A%5B%22adevarul.ro%22%5D%2C%22status%22%3A%22ready%22%2C%22title%22%3A%22muzeul%20mineritului%20petrosani%20foto%20primaria%20patrosani%22%2C%22type%22%3A%22image%22%2C%22updated_at%22%3A%222022-06-22T11%3A29%3A59.000Z%22%2C%22url%22%3A%22https%3A%2F%2Fcdn.adh.reperio.news%2Fimage-0%2F0baf7c1d-a1a8-4a55-8cd5-6ad58fc6c4b1%2Findex.jpeg%22%2C%22video_raw%22%3A0%2C%22video_thumbnail%22%3Anull%7D%2C%7B%22animated%22%3Anull%2C%22created_at%22%3A%222021-05-28T11%3A15%3A46.000Z%22%2C%22created_by%22%3A1%2C%22entity_type%22%3A%22media%22%2C%22extension%22%3A%22jpeg%22%2C%22id%22%3A%22f29e7297-2f37-4615-83af-5535c2fc6fb3%22%2C%22origin_duration%22%3Anull%2C%22origin_hash%22%3A%22587e29a527fe4a4631e63ba7a53e94d92559d835%22%2C%22origin_height%22%3A631%2C%22origin_name%22%3A%2260b0d0e25163ec427183cde1.jpg%22%2C%22origin_size%22%3A110430%2C%22origin_width%22%3A1400%2C%22path%22%3A%22image-f%2Ff29e7297-2f37-4615-83af-5535c2fc6fb3%2Findex.jpeg%22%2C%22prevent_prune%22%3A0%2C%22published%22%3A0%2C%22restrict_domains%22%3A%5B%22adevarul.ro%22%5D%2C%22status%22%3A%22ready%22%2C%22title%22%3A%22muzeul%20mineritului%20petrosani%20foto%20primaria%20patrosani%22%2C%22type%22%3A%22image%22%2C%22updated_at%22%3A%222022-06-23T12%3A54%3A14.000Z%22%2C%22url%22%3A%22https%3A%2F%2Fcdn.adh.reperio.news%2Fimage-f%2Ff29e7297-2f37-4615-83af-5535c2fc6fb3%2Findex.jpeg%22%2C%22video_raw%22%3A0%2C%22video_thumbnail%22%3Anull%7D%2C%7B%22animated%22%3Anull%2C%22created_at%22%3A%222021-05-28T11%3A15%3A26.000Z%22%2C%22created_by%22%3A1%2C%22entity_type%22%3A%22media%22%2C%22extension%22%3A%22jpeg%22%2C%22id%22%3A%2227eef2b5-0b94-464e-8541-f0c71d9253da%22%2C%22origin_duration%22%3Anull%2C%22origin_hash%22%3A%22f4206631c9648c3e5952f70a8cf3589e5c9f65a4%22%2C%22origin_height%22%3A631%2C%22origin_name%22%3A%2260b0d0ce5163ec427183cd74.jpg%22%2C%22origin_size%22%3A133463%2C%22origin_width%22%3A1400%2C%22path%22%3A%22image-2%2F27eef2b5-0b94-464e-8541-f0c71d9253da%2Findex.jpeg%22%2C%22prevent_prune%22%3A0%2C%22published%22%3A0%2C%22restrict_domains%22%3A%5B%22adevarul.ro%22%5D%2C%22status%22%3A%22ready%22%2C%22title%22%3A%22muzeul%20mineritului%20petrosani%20foto%20primaria%20patrosani%22%2C%22type%22%3A%22image%22%2C%22updated_at%22%3A%222022-06-22T13%3A19%3A44.000Z%22%2C%22url%22%3A%22https%3A%2F%2Fcdn.adh.reperio.news%2Fimage-2%2F27eef2b5-0b94-464e-8541-f0c71d9253da%2Findex.jpeg%22%2C%22video_raw%22%3A0%2C%22video_thumbnail%22%3Anull%7D%5D%7D%2C%22id%22%3A%22t3ib0Sc27x%22%2C%22type%22%3A%22imageGallery%22%2C%22lines%22%3A10%2C%22linesAbove%22%3A140%2C%22index%22%3A19%2C%22paragraphsAbove%22%3A13%2C%22percentage%22%3A0.6086956521739131%2C%22linesBellow%22%3A90%7D\" data-context=\"%7B%22parentBlockColumnCount%22%3A%7B%22value%22%3A0%2C%22type%22%3A%22store%2Freadable%22%7D%2C%22parentBlockBackgroundColor%22%3A%7B%22type%22%3A%22store%2Freadable%22%7D%7D\" data-component=\"EditorImageGallery\">\n<picture loading=\"lazy\" width=\"1136\" height=\"712\" alt=\"muzeul mineritului foto adr vest\"><source type=\"image\/webp\"  media=\"(min-width: 1136px)\"><source type=\"image\/webp\"  media=\"(min-width: 800px)\"><source type=\"image\/webp\"  media=\"(min-width: 500px)\"><source type=\"image\/jpeg\"  media=\"(min-width: 1136px)\"><source type=\"image\/jpeg\"  media=\"(min-width: 800px)\"><source type=\"image\/jpeg\"  media=\"(min-width: 500px)\"><img decoding=\"async\" src=\"https:\/\/cdn.adh.reperio.news\/image-2\/2bb0c5ae-a083-491a-9605-5e2b2dc6f0a6\/index.jpeg?p=a%3D1%26co%3D1.05%26w%3D500%26h%3D350%26r%3Dcontain%26f%3Dwebp\" alt=\"muzeul mineritului foto adr vest\" width=\"1136\" height=\"712\" loading=\"lazy\"><\/picture>\n<p><span>Imaginea 1\/27:<\/span><br \/>\n                muzeul mineritului foto adr vest<\/p>\n<\/div>\n<p>Muzeul Mineritului a fost reabilitat \u00een perioada 2018\u20132021, printr-o investi\u021bie de cinci milioane de lei, finan\u021bat\u0103 de Uniunea European\u0103. Cl\u0103direa care \u00eel ad\u0103postea, veche de peste un secol, a fost reparat\u0103, consolidat\u0103 \u0219i dotat\u0103 cu un lift care asigur\u0103 accesul de la demisol p\u00e2n\u0103 \u00een pod, iar zona din fa\u021ba muzeului a fost reamenajat\u0103 cu alei, trotuare \u0219i spa\u021bii verzi.<\/p>\n<p>Colec\u021biile sale prezint\u0103 istoria mineritului de c\u0103rbune \u0219i dezvoltarea tehnicii miniere de exploatare, p\u0103str\u00e2nd piese valoroase din toate epocile exploat\u0103rilor.<\/p>\n<p>Primele mine de c\u0103rbune din Valea Jiului au fost deschise la mijlocul secolului al XIX-lea, \u00eens\u0103 industria zonei din sudul jude\u021bului Hunedoara a atins apogeul \u00een anii \u201980, c\u00e2nd \u00eentreprinderile miniere produceau anual aproximativ zece milioane de tone de c\u0103rbune.<\/p>\n<p>\u00cen 1990, Valea Jiului cuprindea 14 mine de c\u0103rbune, \u00eenfiin\u021bate de-a lungul unui c\u00e2mp minier de peste 60 de kilometri, care se \u00eentindea de la Lonea, \u00een est, p\u00e2n\u0103 la Valea de Brazi, \u00een vest. \u00cen jurul lor func\u021bionau uzine \u0219i instala\u021bii care deserveau activitatea minier\u0103, iar la \u00eenceputul anilor \u201990 sectorul asigura peste 40.000 de locuri de munc\u0103.<\/p>\n<p>\u00cen prezent, doar trei mine au r\u0103mas \u00een activitate: Vulcan, Livezeni (Petro\u0219ani) \u0219i Lupeni, ultima fiind \u00een proces de \u00eenchidere p\u00e2n\u0103 la finalul anului 2026.<\/p>\n<h2>Muzeul Fierului din Hunedoara<\/h2>\n<p>Hunedoara, un ora\u0219 cu o tradi\u021bie metalurgic\u0103 \u0219i minier\u0103 care \u00ee\u0219i g\u0103se\u0219te r\u0103d\u0103cinile \u00een Antichitate, s-a dezvoltat \u00een secolele XVIII\u2013XIX odat\u0103 cu primele furnale construite \u00een vecin\u0103tatea sa, la Topli\u021ba, Gov\u00e2jdia (video) \u0219i C\u0103lan. Uzinele de Fier din Hunedoara au fost \u00eenfiin\u021bate \u00een 1884, iar combinatul siderurgic din Hunedoara, care le-a urmat, ajunsese la aproape 20.000 de salaria\u021bi \u00een anii \u201980.<\/p>\n<p>Primul Muzeu al Fierului din Hunedoara a fost \u00eenfiin\u021bat \u00een 1974 \u0219i a func\u021bionat p\u00e2n\u0103 \u00een anii \u201990. Locul s\u0103u va fi luat de noul Muzeu al Fierului, amenajat \u00eentr-o cl\u0103dire ridicat\u0103 \u00een anii 1900, pe malul Cernei, \u00een apropierea Castelului Corvinilor, ruinat\u0103 \u00een trecut, dar reabilitat\u0103 recent cu fonduri europene, printr-un proiect de dou\u0103 milioane de euro.<\/p>\n<div><picture loading=\"lazy\" width=\"1400\" height=\"750\" alt=\"Muzeul Fierului. Foto: Prim\u0103ria Hunedoara\"><source type=\"image\/webp\"  media=\"(min-width: 1400px)\"><source type=\"image\/webp\"  media=\"(min-width: 1000px)\"><source type=\"image\/webp\"  media=\"(min-width: 700px)\"><source type=\"image\/jpeg\"  media=\"(min-width: 1400px)\"><source type=\"image\/jpeg\"  media=\"(min-width: 1000px)\"><source type=\"image\/jpeg\"  media=\"(min-width: 700px)\"><img decoding=\"async\" src=\"https:\/\/cdn.adh.reperio.news\/image-8\/8cdedb1a-c724-4c26-acc6-72a637f7e11e\/index.jpeg?p=a%3D1%26co%3D1.05%26w%3D700%26h%3D750%26r%3Dcontain%26f%3Dwebp\" alt=\"Muzeul Fierului. Foto: Prim\u0103ria Hunedoara\" width=\"1400\" height=\"750\" loading=\"lazy\"><\/picture>\n<p>Muzeul Fierului. Foto: Prim\u0103ria Hunedoara<\/p>\n<\/div>\n<p><i>\u201eAcum urmeaz\u0103 partea a doua a \u00eentregului demers: amenajarea efectiv\u0103 a viitorului muzeu. Va mai dura o vreme, deoarece dorim s\u0103 avem aici exponate c\u00e2t se poate de interesante. Foarte util va fi \u0219i spa\u021biul din vechea curte din spatele cl\u0103dirii istorice, unde avem o galerie expozi\u021bional\u0103 generoas\u0103, al\u0103turi de un spa\u021biu deschis \u0219i un furnal \u00een miniatur\u0103\u201d<\/i>, spune primarul municipiului Hunedoara, Dan Bobou\u021banu.<\/p>\n<div><picture loading=\"lazy\" width=\"1400\" height=\"750\" alt=\"Muzeul Fierului. Foto: Prim\u0103ria Hunedoara\"><source type=\"image\/webp\"  media=\"(min-width: 1400px)\"><source type=\"image\/webp\"  media=\"(min-width: 1000px)\"><source type=\"image\/webp\"  media=\"(min-width: 700px)\"><source type=\"image\/jpeg\"  media=\"(min-width: 1400px)\"><source type=\"image\/jpeg\"  media=\"(min-width: 1000px)\"><source type=\"image\/jpeg\"  media=\"(min-width: 700px)\"><img decoding=\"async\" src=\"https:\/\/cdn.adh.reperio.news\/image-c\/c8bb165b-2200-4b2a-9f40-e5cb57f06266\/index.jpeg?p=a%3D1%26co%3D1.05%26w%3D700%26h%3D750%26r%3Dcontain%26f%3Dwebp\" alt=\"Muzeul Fierului. Foto: Prim\u0103ria Hunedoara\" width=\"1400\" height=\"750\" loading=\"lazy\"><\/picture>\n<p>Muzeul Fierului. Foto: Prim\u0103ria Hunedoara<\/p>\n<\/div>\n<p>Tot \u00een vecin\u0103tatea Castelului Corvinilor, la ad\u0103postul unui fost mare turn de r\u0103cire al combinatului siderurgic \u0219i al vechiului sediu al Uzinelor de Fier, o parcare privat\u0103 a fost amenajat\u0103 \u0219i ca muzeu al fierului \u00een aer liber. Aici au fost aduse mai multe exponate care amintesc de Uzinele de Fier din Hunedoara sau care au fost folosite \u00een Combinatul Siderurgic Hunedoara.<\/p>\n<p>Printre ele se num\u0103r\u0103 trei statuete vechi, din fier, salvate \u00eenainte de a fi topite, care \u00eenf\u0103\u021bi\u0219eaz\u0103 doi o\u021belari \u0219i un artist extravagant, dar \u0219i instala\u021bii inedite, piese \u0219i materiale folosite \u00een siderurgie.<\/p>\n<\/p><\/div>\n<p><a href=\"https:\/\/adevarul.ro\/stiri-locale\/hunedoara\/muzee-unicat-ale-aurului-carbunelui-si-fierului-2511531.html\" class=\"button purchase\" rel=\"nofollow noopener\" target=\"_blank\">Read More<\/a><\/p>\n","protected":false},"excerpt":{"rendered":"<p>Trei muzee unicat \u2013 al aurului, c\u0103rbunelui \u0219i fierului \u2013 amintesc de mo\u0219tenirea industrial\u0103 a Hunedoarei, unul dintre cele mai bogate jude\u021be \u00een resurse naturale, [&hellip;]<\/p>\n","protected":false},"author":1,"featured_media":11612,"comment_status":"open","ping_status":"open","sticky":false,"template":"","format":"standard","meta":{"_monsterinsights_skip_tracking":false,"_monsterinsights_sitenote_active":false,"_monsterinsights_sitenote_note":"","_monsterinsights_sitenote_category":0,"footnotes":""},"categories":[6],"tags":[],"class_list":["post-11611","post","type-post","status-publish","format-standard","has-post-thumbnail","hentry","category-popular"],"aioseo_notices":[],"_links":{"self":[{"href":"https:\/\/info-eforie.ro\/index.php\/wp-json\/wp\/v2\/posts\/11611","targetHints":{"allow":["GET"]}}],"collection":[{"href":"https:\/\/info-eforie.ro\/index.php\/wp-json\/wp\/v2\/posts"}],"about":[{"href":"https:\/\/info-eforie.ro\/index.php\/wp-json\/wp\/v2\/types\/post"}],"author":[{"embeddable":true,"href":"https:\/\/info-eforie.ro\/index.php\/wp-json\/wp\/v2\/users\/1"}],"replies":[{"embeddable":true,"href":"https:\/\/info-eforie.ro\/index.php\/wp-json\/wp\/v2\/comments?post=11611"}],"version-history":[{"count":0,"href":"https:\/\/info-eforie.ro\/index.php\/wp-json\/wp\/v2\/posts\/11611\/revisions"}],"wp:featuredmedia":[{"embeddable":true,"href":"https:\/\/info-eforie.ro\/index.php\/wp-json\/wp\/v2\/media\/11612"}],"wp:attachment":[{"href":"https:\/\/info-eforie.ro\/index.php\/wp-json\/wp\/v2\/media?parent=11611"}],"wp:term":[{"taxonomy":"category","embeddable":true,"href":"https:\/\/info-eforie.ro\/index.php\/wp-json\/wp\/v2\/categories?post=11611"},{"taxonomy":"post_tag","embeddable":true,"href":"https:\/\/info-eforie.ro\/index.php\/wp-json\/wp\/v2\/tags?post=11611"}],"curies":[{"name":"wp","href":"https:\/\/api.w.org\/{rel}","templated":true}]}}