{"id":11561,"date":"2026-02-26T12:57:10","date_gmt":"2026-02-26T12:57:10","guid":{"rendered":"https:\/\/info-eforie.ro\/index.php\/2026\/02\/26\/daniel-boloca-a-ajuns-pe-masa-de-operatie-ce-se-intampla-cu-mijlocasul-roman-de-la-sassuolo\/"},"modified":"2026-02-26T12:57:10","modified_gmt":"2026-02-26T12:57:10","slug":"daniel-boloca-a-ajuns-pe-masa-de-operatie-ce-se-intampla-cu-mijlocasul-roman-de-la-sassuolo","status":"publish","type":"post","link":"https:\/\/info-eforie.ro\/index.php\/2026\/02\/26\/daniel-boloca-a-ajuns-pe-masa-de-operatie-ce-se-intampla-cu-mijlocasul-roman-de-la-sassuolo\/","title":{"rendered":"Daniel Boloca a ajuns pe masa de opera\u021bie! Ce se \u00eent\u00e2mpl\u0103 cu mijloca\u0219ul rom\u00e2n de la Sassuolo"},"content":{"rendered":"<div>\n<p>Clubul <strong>Sassuolo<\/strong> a informat c\u0103 juc\u0103torul a suportat miercurea trecut\u0103 o artroscopie pentru cur\u0103\u021barea meniscului, procedur\u0103 completat\u0103 de un tratament PRP. Problemele medicale ale rom\u00e2nului au \u00eenceput \u00een luna octombrie a anului 2025. Dup\u0103 o pauz\u0103 \u00eendelungat\u0103, el a \u00eencercat s\u0103 revin\u0103 \u00een lot la \u00eenceputul lunii februarie a acestui an, lu\u00e2nd loc pe banca de rezerve, \u00eens\u0103 durerile au reap\u0103rut la scurt timp. Astfel, juc\u0103torul \u0219i staff-ul medical au ales solu\u021bia chirurgical\u0103.<\/p>\n<h2>Mesajul mijloca\u0219ului de pe patul de spital<\/h2>\n<p>Interven\u021bia fiind una minim invaziv\u0103, medicii estimeaz\u0103 o perioad\u0103 de indisponibilitate cuprins\u0103 \u00eentre patru \u0219i \u0219ase s\u0103pt\u0103m\u00e2ni. Obiectivul echipei este ca mijloca\u0219ul s\u0103 \u00ee\u0219i reia antrenamentele la intensitate maxim\u0103 la finalul lunii martie sau la \u00eenceputul lunii aprilie.<\/p>\n<\/div>\n<p>La scurt timp dup\u0103 opera\u021bie, fotbalistul a postat o imagine din spital pe re\u021belele de socializare, al\u0103turi de care a transmis urm\u0103torul mesaj:<strong> \u201eMai determinat ca niciodat\u0103. Abia a\u0219tept s\u0103 m\u0103 \u00eentorc pe teren.\u201d<\/strong><\/p>\n<p><a href=\"https:\/\/www.sport.ro\/stranieri\/daniel-boloca-a-ajuns-pe-masa-de-operatie-ce-se-intampla-cu-mijlocasul-roman-de-la-sassuolo.html\" class=\"button purchase\" rel=\"nofollow noopener\" target=\"_blank\">Read More<\/a><\/p>\n","protected":false},"excerpt":{"rendered":"<p>Clubul Sassuolo a informat c\u0103 juc\u0103torul a suportat miercurea trecut\u0103 o artroscopie pentru cur\u0103\u021barea meniscului, procedur\u0103 completat\u0103 de un tratament PRP. Problemele medicale ale rom\u00e2nului [&hellip;]<\/p>\n","protected":false},"author":1,"featured_media":11562,"comment_status":"open","ping_status":"open","sticky":false,"template":"","format":"standard","meta":{"_monsterinsights_skip_tracking":false,"_monsterinsights_sitenote_active":false,"_monsterinsights_sitenote_note":"","_monsterinsights_sitenote_category":0,"footnotes":""},"categories":[7],"tags":[],"class_list":["post-11561","post","type-post","status-publish","format-standard","has-post-thumbnail","hentry","category-sports"],"aioseo_notices":[],"_links":{"self":[{"href":"https:\/\/info-eforie.ro\/index.php\/wp-json\/wp\/v2\/posts\/11561","targetHints":{"allow":["GET"]}}],"collection":[{"href":"https:\/\/info-eforie.ro\/index.php\/wp-json\/wp\/v2\/posts"}],"about":[{"href":"https:\/\/info-eforie.ro\/index.php\/wp-json\/wp\/v2\/types\/post"}],"author":[{"embeddable":true,"href":"https:\/\/info-eforie.ro\/index.php\/wp-json\/wp\/v2\/users\/1"}],"replies":[{"embeddable":true,"href":"https:\/\/info-eforie.ro\/index.php\/wp-json\/wp\/v2\/comments?post=11561"}],"version-history":[{"count":0,"href":"https:\/\/info-eforie.ro\/index.php\/wp-json\/wp\/v2\/posts\/11561\/revisions"}],"wp:featuredmedia":[{"embeddable":true,"href":"https:\/\/info-eforie.ro\/index.php\/wp-json\/wp\/v2\/media\/11562"}],"wp:attachment":[{"href":"https:\/\/info-eforie.ro\/index.php\/wp-json\/wp\/v2\/media?parent=11561"}],"wp:term":[{"taxonomy":"category","embeddable":true,"href":"https:\/\/info-eforie.ro\/index.php\/wp-json\/wp\/v2\/categories?post=11561"},{"taxonomy":"post_tag","embeddable":true,"href":"https:\/\/info-eforie.ro\/index.php\/wp-json\/wp\/v2\/tags?post=11561"}],"curies":[{"name":"wp","href":"https:\/\/api.w.org\/{rel}","templated":true}]}}